{"id":238620,"date":"2026-09-04T06:09:12","date_gmt":"2026-09-04T06:09:12","guid":{"rendered":"https:\/\/www.europesays.com\/be-fr\/238620\/"},"modified":"2026-09-04T06:09:12","modified_gmt":"2026-09-04T06:09:12","slug":"loire-annulation-du-concert-de-patrick-bruel-a-saint-etienne-une-sage-decision","status":"publish","type":"post","link":"https:\/\/www.europesays.com\/be-fr\/238620\/","title":{"rendered":"Loire. Annulation du concert de Patrick Bruel \u00e0 Saint-\u00c9tienne\u00a0: \u00ab\u00a0Une sage d\u00e9cision\u00a0\u00bb"},"content":{"rendered":"<p>Comme plusieurs maires de communes qui devaient accueillir la tourn\u00e9e de <a href=\"https:\/\/www.leprogres.fr\/p\/patrick-bruel\" target=\"_blank\" rel=\"nofollow noopener\">Patrick Bruel<\/a> \u00e0 partir d\u2019octobre, <a href=\"https:\/\/www.leprogres.fr\/p\/regis-juanico\" target=\"_blank\" rel=\"nofollow noopener\">R\u00e9gis Juanico<\/a>, le premier \u00e9dile st\u00e9phanois, r\u00e9it\u00e9rait, lundi, son souhait de voir le concert annul\u00e9.<\/p>\n<p>Mardi soir, sous la pression venant de toutes parts, le chanteur vis\u00e9 par une trentaine de plaintes pour des violences sexuelles et mis en examen dans quatre dossiers (il reste pr\u00e9sum\u00e9 innocent), a finalement jet\u00e9 l\u2019\u00e9ponge et pris la d\u00e9cision d\u2019annuler les trente-cinq dates de sa tourn\u00e9e d\u00e9di\u00e9e \u00e0 la c\u00e9l\u00e9bration des 35 ans de l\u2019album  Alors Regarde.<\/p>\n<p>\u00ab\u00a0C\u2019\u00e9tait quasiment complet\u00a0\u00bb<\/p>\n<p>La soci\u00e9t\u00e9 C\u2019Kel Prod\u00a0? \u00e9tait la promotrice locale de la date st\u00e9phanoise pr\u00e9vue le 20\u00a0novembre au Z\u00e9nith de Saint-\u00c9tienne. Simon Javelle, son g\u00e9rant, avoue qu\u2019avec son \u00e9quipe, ils \u00e9taient \u00ab\u00a0tr\u00e8s mal \u00e0 l\u2019aise <\/p>\n","protected":false},"excerpt":{"rendered":"Comme plusieurs maires de communes qui devaient accueillir la tourn\u00e9e de Patrick Bruel \u00e0 partir d\u2019octobre, R\u00e9gis Juanico,&hellip;\n","protected":false},"author":2,"featured_media":238621,"comment_status":"","ping_status":"","sticky":false,"template":"","format":"standard","meta":{"footnotes":"","_share_on_mastodon":"0"},"categories":[98],"tags":[12,13,18,17,287,96,3768,95,6508,288,2720,107,108,3766,3767,4195],"class_list":["post-238620","post","type-post","status-publish","format-standard","has-post-thumbnail","category-musique","tag-be","tag-be-fr","tag-belgique","tag-belgium","tag-culture-loisirs","tag-divertissement","tag-edition-loire-sud","tag-entertainment","tag-faits-divers-justice","tag-fil-info","tag-loire","tag-music","tag-musique","tag-saint-etienne","tag-saint-etienne-ville","tag-spectacle"],"share_on_mastodon":{"url":"https:\/\/pubeurope.com\/@be_fr\/117211284595769478","error":""},"_links":{"self":[{"href":"https:\/\/www.europesays.com\/be-fr\/wp-json\/wp\/v2\/posts\/238620","targetHints":{"allow":["GET"]}}],"collection":[{"href":"https:\/\/www.europesays.com\/be-fr\/wp-json\/wp\/v2\/posts"}],"about":[{"href":"https:\/\/www.europesays.com\/be-fr\/wp-json\/wp\/v2\/types\/post"}],"author":[{"embeddable":true,"href":"https:\/\/www.europesays.com\/be-fr\/wp-json\/wp\/v2\/users\/2"}],"replies":[{"embeddable":true,"href":"https:\/\/www.europesays.com\/be-fr\/wp-json\/wp\/v2\/comments?post=238620"}],"version-history":[{"count":0,"href":"https:\/\/www.europesays.com\/be-fr\/wp-json\/wp\/v2\/posts\/238620\/revisions"}],"wp:featuredmedia":[{"embeddable":true,"href":"https:\/\/www.europesays.com\/be-fr\/wp-json\/wp\/v2\/media\/238621"}],"wp:attachment":[{"href":"https:\/\/www.europesays.com\/be-fr\/wp-json\/wp\/v2\/media?parent=238620"}],"wp:term":[{"taxonomy":"category","embeddable":true,"href":"https:\/\/www.europesays.com\/be-fr\/wp-json\/wp\/v2\/categories?post=238620"},{"taxonomy":"post_tag","embeddable":true,"href":"https:\/\/www.europesays.com\/be-fr\/wp-json\/wp\/v2\/tags?post=238620"}],"curies":[{"name":"wp","href":"https:\/\/api.w.org\/{rel}","templated":true}]}}