{"id":238622,"date":"2026-09-04T06:14:14","date_gmt":"2026-09-04T06:14:14","guid":{"rendered":"https:\/\/www.europesays.com\/be-fr\/238622\/"},"modified":"2026-09-04T06:14:14","modified_gmt":"2026-09-04T06:14:14","slug":"vehicules-autonomes-letec-prevoit-des-essais-en-wallonie-des-2028","status":"publish","type":"post","link":"https:\/\/www.europesays.com\/be-fr\/238622\/","title":{"rendered":"V\u00e9hicules autonomes\u00a0: LETEC pr\u00e9voit des essais en Wallonie d\u00e8s 2028"},"content":{"rendered":"<p>  <img decoding=\"async\" class=\"r-img lazyloaded\" src=\"https:\/\/www.europesays.com\/be-fr\/wp-content\/uploads\/2026\/09\/1788502454_226_mouchet.jpg\" alt=\"Adrien Mouchet\"\/><\/p>\n<p>Par <a href=\"https:\/\/www.rtl.be\/343111\/dpi-authors\/adrien-mouchet\" rel=\"nofollow noopener\" target=\"_blank\">Adrien Mouchet<\/a><\/p>\n<p>\tPubli\u00e9 le 04 septembre \u00e0 08h00\n<\/p>\n<p>  <a href=\"https:\/\/www.google.com\/preferences\/source?q=rtl%20info\" class=\"r-link--google-favorites\" role=\"button\">Ajoutez-nous \u00e0 vos favoris Google<\/a><br \/>\n\tDes v\u00e9hicules sans chauffeur pourraient bient\u00f4t circuler en Wallonie. LETEC pr\u00e9voit de tester cette technologie avant un possible d\u00e9ploiement commercial d\u00e8s 2030.<\/p>\n<p>&#13;<br \/>\n&#13;<\/p>\n<p>Des v\u00e9hicules sans chauffeur dans l\u2019offre de transports en commun wallonne\u00a0? LETEC y travaille. Son administrateur g\u00e9n\u00e9ral, Jean-Michel Soors, pr\u00e9cise toutefois \u00e0 Martin Buxant sur bel RTL qu\u2019il ne s\u2019agira pas de grands bus autonomes, mais de petites navettes.<\/p>\n<p>\n  &#13;<br \/>\n  \u00c0 lire aussi&#13;<br \/>\n  &#13;<\/p>\n<p>  <img decoding=\"async\" data-copyright=\"BENOIT DOPPAGNE\u00a0\/ BELGA\" class=\"r-img\"  typeof=\"foaf:Image\" src=\"https:\/\/www.europesays.com\/be-fr\/wp-content\/uploads\/2026\/09\/61610409.jpeg\" alt=\"Bus de la compagnie TEC.\"\/><br \/>\n        <a class=\"r-stories--link\" href=\"https:\/\/www.rtl.be\/actu\/vos-temoignages\/je-ne-veux-pas-faire-un-malaise-au-volant-conductrice-letec-laura-souffre-dune\/2026-07-03\/article\/793457\" rel=\"nofollow noopener\" target=\"_blank\">\u00ab\u00a0Je ne veux pas faire un malaise au volant\u00a0\u00bb\u00a0: conductrice LETEC, Laura souffre d\u2019une pathologie qui n\u00e9cessite des adaptations par fortes chaleurs, mais \u00ab\u00a0on me les refuse\u00a0\u00bb<\/a>&#13;<br \/>\n  &#13;<br \/>\n&#13;\n<\/p>\n<p>\u00ab\u00a0Les v\u00e9hicules autonomes, \u00e7a existe d\u00e9j\u00e0 dans pas mal de pays\u00a0\u00bb, souligne-t-il, citant notamment la France, l\u2019Allemagne, la Suisse ou encore la Norv\u00e8ge. LETEC travaille d\u00e9j\u00e0 sur cette technologie dans le cadre d\u2019un projet pilote men\u00e9 en partenariat avec De Lijn.<\/p>\n<p>&#13;<br \/>\n&#13;<\/p>\n<p>&#13;<br \/>\n&#13;<\/p>\n<p>L\u2019objectif est de miser sur de petits v\u00e9hicules autonomes d\u2019environ huit places. Des navettes capables de circuler sans chauffeur au milieu des autres usagers de la route. \u00ab\u00a0C\u2019est bluffant\u00a0\u00bb, assure Jean-Michel Soors. \u00ab\u00a0Elle circule dans la circulation avec des pi\u00e9tons, avec des cyclistes, sans aucune difficult\u00e9.\u00a0\u00bb<\/p>\n<p>Un premier essai en Wallonie vers 2028-2029<\/p>\n<p>Il faudra n\u00e9anmoins encore patienter avant de les croiser sur les routes wallonnes. LETEC pr\u00e9voit \u00ab\u00a0un essai aux alentours de 2028-2029\u00a0\u00bb en Wallonie.<\/p>\n<p>Si l\u2019exp\u00e9rience est concluante, l\u2019ambition est ensuite de passer \u00e0 une exploitation commerciale \u00ab\u00a0\u00e0 partir de 2030\u00a0\u00bb. Ces navettes autonomes seraient principalement destin\u00e9es aux zones rurales, o\u00f9 elles pourraient compl\u00e9ter l\u2019offre traditionnelle de transports en commun.<\/p>\n<p>&#13;<br \/>\n&#13;<\/p>\n<p>&#13;<br \/>\n&#13;<\/p>\n<p><a class=\"r-btn r-btn--tag\" href=\"https:\/\/www.rtl.be\/382609\/free-tags\/letec\" title=\"letec\" rel=\"nofollow noopener\" target=\"_blank\">letec<\/a><br \/>\n<a class=\"r-btn r-btn--tag\" href=\"https:\/\/www.rtl.be\/16437\/free-tags\/transports-en-commun\" title=\"transports en commun\" rel=\"nofollow noopener\" target=\"_blank\">transports en commun<\/a><\/p>\n","protected":false},"excerpt":{"rendered":"Par Adrien Mouchet Publi\u00e9 le 04 septembre \u00e0 08h00 Ajoutez-nous \u00e0 vos favoris Google Des v\u00e9hicules sans chauffeur&hellip;\n","protected":false},"author":2,"featured_media":238623,"comment_status":"","ping_status":"","sticky":false,"template":"","format":"standard","meta":{"footnotes":"","_share_on_mastodon":"0"},"categories":[70],"tags":[12,13,18,17,74040,74038,15952,235,74036,51578,73,71,75,72,76,74,74037,74035,2982,74039],"class_list":["post-238622","post","type-post","status-publish","format-standard","has-post-thumbnail","category-sciences-et-technologies","tag-be","tag-be-fr","tag-belgique","tag-belgium","tag-de-lijn","tag-jean-michel-soors","tag-letec","tag-mobilite","tag-navettes-sans-chauffeur","tag-projet-pilote","tag-science","tag-science-and-technology","tag-sciences","tag-sciences-et-technologies","tag-technologies","tag-technology","tag-transports-en-commun","tag-vehicules-autonomes","tag-wallonie","tag-zones-rurales"],"share_on_mastodon":{"url":"https:\/\/pubeurope.com\/@be_fr\/117211304463615709","error":""},"_links":{"self":[{"href":"https:\/\/www.europesays.com\/be-fr\/wp-json\/wp\/v2\/posts\/238622","targetHints":{"allow":["GET"]}}],"collection":[{"href":"https:\/\/www.europesays.com\/be-fr\/wp-json\/wp\/v2\/posts"}],"about":[{"href":"https:\/\/www.europesays.com\/be-fr\/wp-json\/wp\/v2\/types\/post"}],"author":[{"embeddable":true,"href":"https:\/\/www.europesays.com\/be-fr\/wp-json\/wp\/v2\/users\/2"}],"replies":[{"embeddable":true,"href":"https:\/\/www.europesays.com\/be-fr\/wp-json\/wp\/v2\/comments?post=238622"}],"version-history":[{"count":0,"href":"https:\/\/www.europesays.com\/be-fr\/wp-json\/wp\/v2\/posts\/238622\/revisions"}],"wp:featuredmedia":[{"embeddable":true,"href":"https:\/\/www.europesays.com\/be-fr\/wp-json\/wp\/v2\/media\/238623"}],"wp:attachment":[{"href":"https:\/\/www.europesays.com\/be-fr\/wp-json\/wp\/v2\/media?parent=238622"}],"wp:term":[{"taxonomy":"category","embeddable":true,"href":"https:\/\/www.europesays.com\/be-fr\/wp-json\/wp\/v2\/categories?post=238622"},{"taxonomy":"post_tag","embeddable":true,"href":"https:\/\/www.europesays.com\/be-fr\/wp-json\/wp\/v2\/tags?post=238622"}],"curies":[{"name":"wp","href":"https:\/\/api.w.org\/{rel}","templated":true}]}}