{"id":238626,"date":"2026-09-04T06:18:17","date_gmt":"2026-09-04T06:18:17","guid":{"rendered":"https:\/\/www.europesays.com\/be-fr\/238626\/"},"modified":"2026-09-04T06:18:17","modified_gmt":"2026-09-04T06:18:17","slug":"vuelta-2026-classement-general-et-resultats-apres-la-11e-etape-du-tour-despagne","status":"publish","type":"post","link":"https:\/\/www.europesays.com\/be-fr\/238626\/","title":{"rendered":"Vuelta 2026 : Classement g\u00e9n\u00e9ral et r\u00e9sultats apr\u00e8s la 11e \u00e9tape du Tour d\u2019Espagne"},"content":{"rendered":"<p>Avant de retrouver la montagne jeudi pour une bataille entre favoris, les sprinteurs \u00e9taient \u00e0 la f\u00eate mercredi, entre Carthag\u00e8ne et Lorca, sur la 11e \u00e9tape de la Vuelta 2026. <\/p>\n<p>La passe de trois pour Brennan<\/p>\n<p>Au bout de la derni\u00e8re ligne droite de 2 km, avec cinq ronds-points \u00e0 n\u00e9gocier, le train des Visma Lease a Bike, emmen\u00e9 d&rsquo;abord par Christophe Laporte puis par <a href=\"https:\/\/www.20minutes.fr\/sport\/wout-van-aert\/\" class=\"c-link c-link--is-underlined\" rel=\"nofollow noopener\" target=\"_blank\">Wout van Aert<\/a>, s&rsquo;est mis en place pour accompagner Brennan vers la victoire. C&rsquo;est la 3e victoire d&rsquo;\u00e9tape du Britannique sur cette 81e \u00e9dition du Tour d&rsquo;Espagne, \u00e0 21 ans, pour son premier Grand Tour.<\/p>\n<p>Enric Mas conserve le <a href=\"https:\/\/www.20minutes.fr\/dossier\/maillot_jaune\" class=\"c-link c-link--is-underlined\" rel=\"nofollow noopener\" target=\"_blank\">Maillot Rouge<\/a> au terme de la 11e \u00e9tape, avec 1&rsquo;18 d&rsquo;avance sur Primoz Roglic et 1&rsquo;39 sur Felix Gall. Trois Fran\u00e7ais sont dans le Top 7 sur cette 11e \u00e9tape, avec Bryan Coquard 2e, Hugo Hofstetter 6e et Bastien Tronchon 7e. <\/p>\n<p class=\"mb-xxl@xs color-ultramarine font-weight-semi-bold@xs font-source-serif-pro text-xxl@xs\">L\u2019acc\u00e8s \u00e0 ce contenu X (Twitter) a \u00e9t\u00e9 bloqu\u00e9 afin de respecter vos choix de consentement<\/p>\n<p class=\"mb-m@xs text-l@xs\">En cliquant sur \u00ab\u00a0Accepter les cookies\u00a0\u00bb, vous consentez au d\u00e9p\u00f4t de cookies par X (Twitter) et pourrez ainsi acc\u00e9der \u00e0 ce contenu interactif.<\/p>\n<p class=\"mb-m@xs text-l@xs\">Vous pouvez, \u00e0 tout moment, modifier vos choix cookies ou retirer votre consentement en bas de nos pages.<\/p>\n<p class=\"mb-xl@xs text-s@xs\">En savoir plus sur notre <a href=\"https:\/\/www.20minutes.fr\/gestion-cookies\" class=\"color-ultramarine\" rel=\"nofollow noopener\" target=\"_blank\">politique de cookies<\/a> et sur la <a href=\"https:\/\/privacy.x.com\/en\" class=\"color-ultramarine\" rel=\"nofollow noopener\" target=\"_blank\">politique de confidentialit\u00e9 de ce partenaire<\/a>.<\/p>\n<p>G\u00e9rer mes pr\u00e9f\u00e9rencesJ\u2019accepte les cookies<\/p>\n<p>Le classement de la 11e \u00e9tape de la Vuelta 2026Matthew Brennan (Visma Lease a Bike) en 03h17&rsquo;18\u00a0\u00bbBryan Coquard (<a href=\"https:\/\/www.20minutes.fr\/dossier\/cofidis\" class=\"c-link c-link--is-underlined\" rel=\"nofollow noopener\" target=\"_blank\">Cofidis<\/a>) \u00e0 0&Prime;Jordi Meeus (<a href=\"https:\/\/www.20minutes.fr\/dossier\/red_bull\" class=\"c-link c-link--is-underlined\" rel=\"nofollow noopener\" target=\"_blank\">Red Bull<\/a> BORA-Hansgrohe) \u00e0 0&Prime;Magnus Cort Nielsen (Uno-X Mobility) \u00e0 0&Prime;Wout Van Aert (Visma Lease a Bike) \u00e0 0&Prime;Hugo Hofstetter (NSN) \u00e0 0&Prime;Bastien Tronchon (Groupama-FDJ United) \u00e0 0&Prime;Alessandro Romele (XDS Astana) \u00e0 0&Prime;Mateus Govekar (Bahrain Victorious) \u00e0 0&Prime;Orluis Aular (Movistar) \u00e0 0&Prime;Le classement g\u00e9n\u00e9ral de la Vuelta 2026 apr\u00e8s la 11e \u00e9tape de la Vuelta 2026Enric Mas &#8211; Movistar en 35h59&rsquo;02\u00a0\u00bbPrimoz Roglic &#8211; RedBull &#8211; Bora-Hansgrohe \u00e0 01&rsquo;18\u00a0\u00bbFelix Gall &#8211; Decathlon CMA CGM \u00e0 01&rsquo;39\u00a0\u00bbOscar Onley &#8211; Netcompany Ineos \u00e0 02&rsquo;20\u00a0\u00bbRichard Carapaz &#8211; EF Education &#8211; Easy Post \u00e0 03&rsquo;26\u00a0\u00bbMattias Skjelmose Jensen &#8211; <a href=\"https:\/\/www.20minutes.fr\/economie\/lidl\/\" class=\"c-link c-link--is-underlined\" rel=\"nofollow noopener\" target=\"_blank\">Lidl<\/a> &#8211; Trek \u00e0 03&rsquo;55\u00a0\u00bbSepp Kuss &#8211; Visma Lease a Bike \u00e0 04&rsquo;09\u00a0\u00bbHarold Tejada &#8211; XDS <a href=\"https:\/\/www.20minutes.fr\/sport\/astana\/\" class=\"c-link c-link--is-underlined\" rel=\"nofollow noopener\" target=\"_blank\">Astana<\/a> \u00e0 04&rsquo;39\u00a0\u00bbGregor Muhlberger &#8211; Decathlon <a href=\"https:\/\/www.20minutes.fr\/economie\/cma-cgm\/\" class=\"c-link c-link--is-underlined\" rel=\"nofollow noopener\" target=\"_blank\">CMA CGM<\/a> \u00e0 07&rsquo;33\u00a0\u00bbJakob Omrzel &#8211; Bahrain Victorious \u00e0 08&rsquo;05\u00a0\u00bbCl\u00e9ment Berthet Groupama-FDJ United \u00e0 09&rsquo;32\u00a0\u00bb<\/p>\n","protected":false},"excerpt":{"rendered":"Avant de retrouver la montagne jeudi pour une bataille entre favoris, les sprinteurs \u00e9taient \u00e0 la f\u00eate mercredi,&hellip;\n","protected":false},"author":2,"featured_media":238627,"comment_status":"","ping_status":"","sticky":false,"template":"","format":"standard","meta":{"footnotes":"","_share_on_mastodon":"0"},"categories":[8],"tags":[10,12,13,18,17,271,11,17332,369,7717,7075],"class_list":["post-238626","post","type-post","status-publish","format-standard","has-post-thumbnail","category-actualites","tag-actualites","tag-be","tag-be-fr","tag-belgique","tag-belgium","tag-cyclisme","tag-news","tag-primoz-roglic","tag-sport","tag-tadej-pogacar","tag-vuelta"],"share_on_mastodon":{"url":"https:\/\/pubeurope.com\/@be_fr\/117211320313502772","error":""},"_links":{"self":[{"href":"https:\/\/www.europesays.com\/be-fr\/wp-json\/wp\/v2\/posts\/238626","targetHints":{"allow":["GET"]}}],"collection":[{"href":"https:\/\/www.europesays.com\/be-fr\/wp-json\/wp\/v2\/posts"}],"about":[{"href":"https:\/\/www.europesays.com\/be-fr\/wp-json\/wp\/v2\/types\/post"}],"author":[{"embeddable":true,"href":"https:\/\/www.europesays.com\/be-fr\/wp-json\/wp\/v2\/users\/2"}],"replies":[{"embeddable":true,"href":"https:\/\/www.europesays.com\/be-fr\/wp-json\/wp\/v2\/comments?post=238626"}],"version-history":[{"count":0,"href":"https:\/\/www.europesays.com\/be-fr\/wp-json\/wp\/v2\/posts\/238626\/revisions"}],"wp:featuredmedia":[{"embeddable":true,"href":"https:\/\/www.europesays.com\/be-fr\/wp-json\/wp\/v2\/media\/238627"}],"wp:attachment":[{"href":"https:\/\/www.europesays.com\/be-fr\/wp-json\/wp\/v2\/media?parent=238626"}],"wp:term":[{"taxonomy":"category","embeddable":true,"href":"https:\/\/www.europesays.com\/be-fr\/wp-json\/wp\/v2\/categories?post=238626"},{"taxonomy":"post_tag","embeddable":true,"href":"https:\/\/www.europesays.com\/be-fr\/wp-json\/wp\/v2\/tags?post=238626"}],"curies":[{"name":"wp","href":"https:\/\/api.w.org\/{rel}","templated":true}]}}