{"id":238656,"date":"2026-09-04T06:52:15","date_gmt":"2026-09-04T06:52:15","guid":{"rendered":"https:\/\/www.europesays.com\/be-fr\/238656\/"},"modified":"2026-09-04T06:52:15","modified_gmt":"2026-09-04T06:52:15","slug":"on-connait-la-sanction-de-nick-kyrgios-pour-usage-de-cocaine","status":"publish","type":"post","link":"https:\/\/www.europesays.com\/be-fr\/238656\/","title":{"rendered":"On conna\u00eet la sanction de Nick Kyrgios pour usage de coca\u00efne !"},"content":{"rendered":"<p class=\"ap-StoryElement ap-StoryElement--mb ap-StoryText\">Le joueur de 31 ans, finaliste \u00e0 Wimbledon en 2022, <a href=\"https:\/\/www.dhnet.be\/sports\/tennis\/2026\/08\/19\/nick-kyrgios-provisoirement-suspendu-apres-un-controle-positif-a-la-cocaine-XVMZO7HAQBF3LJZV56SQQVWRUY\/\" target=\"_self\" rel=\"nofollow noopener\">avait \u00e9t\u00e9 contr\u00f4l\u00e9 positif<\/a> au benzoylecgonine, une substance produite par le m\u00e9tabolisme de la coca\u00efne, lors du tournoi ATP 250 de Majorque (Espagne) le 22 juin.<\/p>\n<p class=\"ap-StoryElement ap-StoryElement--mb ap-StoryText\">L&rsquo;Australien \u00e9tait provisoirement suspendu depuis le 4 ao\u00fbt. Il a plaid\u00e9 un usage r\u00e9cr\u00e9atif. Ses d\u00e9clarations ont \u00e9t\u00e9 jug\u00e9es cr\u00e9dibles par un expert de l&rsquo;agence mondiale anti-dopage, d&rsquo;apr\u00e8s les taux pr\u00e9sents dans l&rsquo;organisme du joueur.<\/p>\n<p><a href=\"https:\/\/www.dhnet.be\/sports\/tennis\/2026\/08\/19\/nick-kyrgios-ou-lhistoire-de-larroseur-arrose-que-risque-laustralien-pour-avoir-pris-de-la-cocaine-FI2CU6Q2AFGQLCNSCD76MQH55Y\/\" target=\"_self\" class=\"ap-StoryInterstitialLink ap-StoryElement ap-StoryElement--mb\" rel=\"nofollow noopener\">Nick Kyrgios ou l&rsquo;histoire de l&rsquo;arroseur arros\u00e9 : que risque l&rsquo;Australien pour avoir pris de la coca\u00efne ?<\/a><\/p>\n<p class=\"ap-StoryElement ap-StoryElement--mb ap-StoryText\">Reconnaissant \u00ab\u00a0une \u00e9norme erreur\u00a0\u00bb, il s&rsquo;\u00e9tait excus\u00e9 aupr\u00e8s de ses fans, de ses proches et de ses sponsors et \u00ab\u00a0surtout aupr\u00e8s des enfants qui me suivent. Je suis conscient du (mauvais) exemple donn\u00e9\u00a0\u00bb, a-t-il \u00e9crit sur son compte Instagram.<\/p>\n","protected":false},"excerpt":{"rendered":"Le joueur de 31 ans, finaliste \u00e0 Wimbledon en 2022, avait \u00e9t\u00e9 contr\u00f4l\u00e9 positif au benzoylecgonine, une substance&hellip;\n","protected":false},"author":2,"featured_media":238657,"comment_status":"","ping_status":"","sticky":false,"template":"","format":"standard","meta":{"footnotes":"","_share_on_mastodon":"0"},"categories":[81],"tags":[5405,12,13,18,17,16690,84,443],"class_list":["post-238656","post","type-post","status-publish","format-standard","has-post-thumbnail","category-sports","tag-australie","tag-be","tag-be-fr","tag-belgique","tag-belgium","tag-dopage","tag-sports","tag-tennis"],"share_on_mastodon":{"url":"https:\/\/pubeurope.com\/@be_fr\/117211453521077889","error":""},"_links":{"self":[{"href":"https:\/\/www.europesays.com\/be-fr\/wp-json\/wp\/v2\/posts\/238656","targetHints":{"allow":["GET"]}}],"collection":[{"href":"https:\/\/www.europesays.com\/be-fr\/wp-json\/wp\/v2\/posts"}],"about":[{"href":"https:\/\/www.europesays.com\/be-fr\/wp-json\/wp\/v2\/types\/post"}],"author":[{"embeddable":true,"href":"https:\/\/www.europesays.com\/be-fr\/wp-json\/wp\/v2\/users\/2"}],"replies":[{"embeddable":true,"href":"https:\/\/www.europesays.com\/be-fr\/wp-json\/wp\/v2\/comments?post=238656"}],"version-history":[{"count":0,"href":"https:\/\/www.europesays.com\/be-fr\/wp-json\/wp\/v2\/posts\/238656\/revisions"}],"wp:featuredmedia":[{"embeddable":true,"href":"https:\/\/www.europesays.com\/be-fr\/wp-json\/wp\/v2\/media\/238657"}],"wp:attachment":[{"href":"https:\/\/www.europesays.com\/be-fr\/wp-json\/wp\/v2\/media?parent=238656"}],"wp:term":[{"taxonomy":"category","embeddable":true,"href":"https:\/\/www.europesays.com\/be-fr\/wp-json\/wp\/v2\/categories?post=238656"},{"taxonomy":"post_tag","embeddable":true,"href":"https:\/\/www.europesays.com\/be-fr\/wp-json\/wp\/v2\/tags?post=238656"}],"curies":[{"name":"wp","href":"https:\/\/api.w.org\/{rel}","templated":true}]}}