{"id":238672,"date":"2026-09-04T07:08:15","date_gmt":"2026-09-04T07:08:15","guid":{"rendered":"https:\/\/www.europesays.com\/be-fr\/238672\/"},"modified":"2026-09-04T07:08:15","modified_gmt":"2026-09-04T07:08:15","slug":"aeroport-de-berlin-evacuation-partielle-du-terminal-principal","status":"publish","type":"post","link":"https:\/\/www.europesays.com\/be-fr\/238672\/","title":{"rendered":"A\u00e9roport de Berlin\u202f: \u00e9vacuation partielle du terminal principal"},"content":{"rendered":"<p>  <img decoding=\"async\" class=\"r-img lazyloaded\" src=\"\/sites\/all\/themes\/enacarbon_rtl\/images\/rtlinfo-192x192.png\" alt=\"Image auteur par d\u00e9faut\"\/><\/p>\n<p>par RTL info avec Belga<br \/>\n\tPubli\u00e9 le 03 septembre \u00e0 21h27<\/p>\n<p>  <a href=\"https:\/\/www.google.com\/preferences\/source?q=rtl%20info\" class=\"r-link--google-favorites\" role=\"button\">Ajoutez-nous \u00e0 vos favoris Google<\/a><br \/>\n\tL\u2019a\u00e9roport de Berlin a proc\u00e9d\u00e9 \u00e0 l\u2019\u00e9vacuation d\u2019une zone du terminal principal suite \u00e0 l\u2019alerte d\u2019une substance suspecte, tout en maintenant les op\u00e9rations de vol.<\/p>\n<p>&#13;<br \/>\n&#13;<\/p>\n<p>Le terminal principal de l\u2019a\u00e9roport de Berlin a \u00e9t\u00e9 partiellement \u00e9vacu\u00e9 jeudi soir en raison de la pr\u00e9sence d\u2019une substance potentiellement dangereuse, a confirm\u00e9 un porte-parole de la police.<\/p>\n<p>Une femme aurait signal\u00e9 \u00e0 la police qu\u2019elle avait sur elle une substance dangereuse. Un danger potentiel ne pouvant \u00eatre exclu, le terminal 1 a \u00e9t\u00e9 partiellement \u00e9vacu\u00e9.<\/p>\n<p>&#13;<br \/>\n&#13;<\/p>\n<p>&#13;<br \/>\n&#13;<\/p>\n<p>Les avions peuvent toutefois encore d\u00e9coller et atterrir. Le traitement des vols est, dans la mesure du possible, transf\u00e9r\u00e9 vers le terminal 2.<\/p>\n","protected":false},"excerpt":{"rendered":"par RTL info avec Belga Publi\u00e9 le 03 septembre \u00e0 21h27 Ajoutez-nous \u00e0 vos favoris Google L\u2019a\u00e9roport de&hellip;\n","protected":false},"author":2,"featured_media":238673,"comment_status":"","ping_status":"","sticky":false,"template":"","format":"standard","meta":{"footnotes":"","_share_on_mastodon":"0"},"categories":[9],"tags":[74057,74060,12,13,18,17,17348,74063,31,73280,74059,74058,74062,74061,32],"class_list":["post-238672","post","type-post","status-publish","format-standard","has-post-thumbnail","category-international","tag-aeroport-de-berlin","tag-alerte-securite","tag-be","tag-be-fr","tag-belgique","tag-belgium","tag-evacuation","tag-incident-berlin","tag-international","tag-police-allemande","tag-substance-dangereuse","tag-terminal-1","tag-terminal-2","tag-vols-berlin","tag-world-news"],"share_on_mastodon":{"url":"https:\/\/pubeurope.com\/@be_fr\/117211517170851010","error":""},"_links":{"self":[{"href":"https:\/\/www.europesays.com\/be-fr\/wp-json\/wp\/v2\/posts\/238672","targetHints":{"allow":["GET"]}}],"collection":[{"href":"https:\/\/www.europesays.com\/be-fr\/wp-json\/wp\/v2\/posts"}],"about":[{"href":"https:\/\/www.europesays.com\/be-fr\/wp-json\/wp\/v2\/types\/post"}],"author":[{"embeddable":true,"href":"https:\/\/www.europesays.com\/be-fr\/wp-json\/wp\/v2\/users\/2"}],"replies":[{"embeddable":true,"href":"https:\/\/www.europesays.com\/be-fr\/wp-json\/wp\/v2\/comments?post=238672"}],"version-history":[{"count":0,"href":"https:\/\/www.europesays.com\/be-fr\/wp-json\/wp\/v2\/posts\/238672\/revisions"}],"wp:featuredmedia":[{"embeddable":true,"href":"https:\/\/www.europesays.com\/be-fr\/wp-json\/wp\/v2\/media\/238673"}],"wp:attachment":[{"href":"https:\/\/www.europesays.com\/be-fr\/wp-json\/wp\/v2\/media?parent=238672"}],"wp:term":[{"taxonomy":"category","embeddable":true,"href":"https:\/\/www.europesays.com\/be-fr\/wp-json\/wp\/v2\/categories?post=238672"},{"taxonomy":"post_tag","embeddable":true,"href":"https:\/\/www.europesays.com\/be-fr\/wp-json\/wp\/v2\/tags?post=238672"}],"curies":[{"name":"wp","href":"https:\/\/api.w.org\/{rel}","templated":true}]}}