{"id":238674,"date":"2026-09-04T07:09:17","date_gmt":"2026-09-04T07:09:17","guid":{"rendered":"https:\/\/www.europesays.com\/be-fr\/238674\/"},"modified":"2026-09-04T07:09:17","modified_gmt":"2026-09-04T07:09:17","slug":"meteo-jusqua-26c-vendredi-avant-un-week-end-plus-variable-2","status":"publish","type":"post","link":"https:\/\/www.europesays.com\/be-fr\/238674\/","title":{"rendered":"M\u00e9t\u00e9o : jusqu\u2019\u00e0 26\u00b0C vendredi avant un week-end plus variable"},"content":{"rendered":"<p>  <img decoding=\"async\" class=\"r-img lazyloaded\" src=\"\/sites\/all\/themes\/enacarbon_rtl\/images\/rtlinfo-192x192.png\" alt=\"Image auteur par d\u00e9faut\"\/><\/p>\n<p>Par RTL info avec Belga<\/p>\n<p>\tPubli\u00e9 le 04 septembre \u00e0 07h14\n<\/p>\n<p>  <a href=\"https:\/\/www.google.com\/preferences\/source?q=rtl%20info\" class=\"r-link--google-favorites\" role=\"button\">Ajoutez-nous \u00e0 vos favoris Google<\/a><br \/>\n\tL\u2019IRM pr\u00e9voit un vendredi nuageux avec quelques \u00e9claircies et des temp\u00e9ratures pouvant atteindre 26\u00b0C dans le sud du pays, avant l\u2019arriv\u00e9e de pluies en cours d\u2019apr\u00e8s-midi.<\/p>\n<p>&#13;<br \/>\n&#13;<\/p>\n<p>L\u2019Institut royal m\u00e9t\u00e9orologique (IRM) s\u2019attend \u00e0 beaucoup de nuages ce vendredi, avec seulement quelques \u00e9claircies locales. Selon ses pr\u00e9visions, le temps sera d\u2019abord g\u00e9n\u00e9ralement sec mais une zone de pluie traversera ensuite le pays du nord-ouest vers le sud-est dans le courant de l\u2019apr\u00e8s-midi.<\/p>\n<p>\n  <img decoding=\"async\" class=\"r-img lazy\" data-  src=\"https:\/\/www.europesays.com\/be-fr\/wp-content\/uploads\/2026\/09\/1788505755_974_100111863.jpeg\" typeof=\"foaf:Image\" alt=\"Vendfis.jfif\"\/><img decoding=\"async\" class=\"r-img\" src=\"https:\/\/www.europesays.com\/be-fr\/wp-content\/uploads\/2026\/09\/1788505755_974_100111863.jpeg\" alt=\"Vendfis.jfif\"\/>\n<\/p>\n<p>Les maxima varieront entre 19 degr\u00e9s en Hautes Fagnes, environ 23 degr\u00e9s dans le centre et 25 \u00e0 26 degr\u00e9s dans l\u2019extr\u00eame sud. Le vent mod\u00e9r\u00e9 \u00e0 assez fort de sud-ouest s\u2019orientera \u00e0 l\u2019ouest, avec des rafales de 50 \u00e0 65 km\/h. Dans la r\u00e9gion c\u00f4ti\u00e8re, il atteindra des pointes de 60 \u00e0 75 km\/h, voire localement davantage. Le littoral est toujours plac\u00e9 en alerte jaune au vent.<\/p>\n<p>&#13;<br \/>\n&#13;<\/p>\n<p>&#13;<br \/>\n&#13;<\/p>\n<p>\n  &#13;<br \/>\n  \u00c0 lire aussi&#13;<br \/>\n  &#13;<\/p>\n<p>  <img decoding=\"async\" data-copyright=\"RTL info\" class=\"r-img\"  typeof=\"foaf:Image\" src=\"https:\/\/www.europesays.com\/be-fr\/wp-content\/uploads\/2026\/09\/1788505756_51_100050752.jpeg\" alt=\"el nino copy.jpg\"\/><br \/>\n        <a class=\"r-stories--link\" href=\"https:\/\/www.rtl.be\/actu\/belgique\/meteo\/lannee-la-plus-chaude-jamais-enregistree-sur-terre-el-nino-pourrait-etre\/2026-09-03\/article\/799192\" rel=\"nofollow noopener\" target=\"_blank\">\u00ab\u00a0L\u2019ann\u00e9e la plus chaude jamais enregistr\u00e9e sur Terre\u00a0\u00bb\u00a0: El Ni\u00f1o pourrait \u00eatre superpuissant, \u00e0 quoi faut-il s\u2019attendre en Belgique\u00a0?<\/a>&#13;<br \/>\n  &#13;<br \/>\n&#13;\n<\/p>\n<p>Ce soir, la faible perturbation accompagn\u00e9e de p\u00e9riodes de pluie se d\u00e9placera vers le sud-est, alors qu\u2019un temps progressivement sec s\u2019installera sur la moiti\u00e9 nord du pays. Quelques faibles pluies seront donc encore possibles dans le sud-est durant la nuit. Ailleurs, le temps restera sec avec de larges \u00e9claircies \u00e0 partir du nord-ouest. Les minima varieront entre 11 et 17 degr\u00e9s.<\/p>\n<p>Demain samedi commencera avec quelques nuages bas en Ardenne et sur le littoral. Ailleurs, le ciel sera plut\u00f4t d\u00e9gag\u00e9. En journ\u00e9e, le temps deviendra ensoleill\u00e9 \u00e0 la c\u00f4te, avec seulement des nuages \u00e9lev\u00e9s.<\/p>\n<p>\n  <img decoding=\"async\" class=\"r-img lazy\" data-  src=\"https:\/\/www.europesays.com\/be-fr\/wp-content\/uploads\/2026\/09\/1788505756_393_100111865.jpeg\" typeof=\"foaf:Image\" alt=\"smasdf.jfif\"\/><img decoding=\"async\" class=\"r-img\" src=\"https:\/\/www.europesays.com\/be-fr\/wp-content\/uploads\/2026\/09\/1788505756_393_100111865.jpeg\" alt=\"smasdf.jfif\"\/>\n<\/p>\n<p>Dans l\u2019int\u00e9rieur, quelques nuages cumuliformes et voiles d\u2019altitude se partageront le ciel avec des p\u00e9riodes ensoleill\u00e9es. Les maxima se situeront entre 17 degr\u00e9s en Hautes Fagnes et par endroits 22 degr\u00e9s pr\u00e8s de la France. Le vent faible \u00e0 mod\u00e9r\u00e9 d\u2019ouest \u00e0 sud-ouest deviendra mod\u00e9r\u00e9 d\u2019ouest-nord-ouest.<\/p>\n<p>Dimanche, il fera assez chaud et ensoleill\u00e9 avec quelques nuages d\u2019altitude. En fin d\u2019apr\u00e8s-midi, plus de nuages seront pr\u00e9vus \u00e0 partir de l\u2019ouest.\u00a0Les maxima oscilleront entre 19 et 24 degr\u00e9s avec un vent g\u00e9n\u00e9ralement faible de sud-est.<\/p>\n<p>\n  <img decoding=\"async\" class=\"r-img lazy\" data-  src=\"https:\/\/www.europesays.com\/be-fr\/wp-content\/uploads\/2026\/09\/1788505757_98_100111864.jpeg\" typeof=\"foaf:Image\" alt=\"didiidd.jfif\"\/><img decoding=\"async\" class=\"r-img\" src=\"https:\/\/www.europesays.com\/be-fr\/wp-content\/uploads\/2026\/09\/1788505757_98_100111864.jpeg\" alt=\"didiidd.jfif\"\/>\n<\/p>\n<p>Lundi, il fera \u00e0 nouveau assez chaud.<\/p>\n<p>&#13;<br \/>\n&#13;<\/p>\n<p>&#13;<br \/>\n&#13;<\/p>\n<p><a class=\"r-btn r-btn--tag\" href=\"https:\/\/www.rtl.be\/439\/free-tags\/meteo\" title=\"m\u00e9t\u00e9o\" rel=\"nofollow noopener\" target=\"_blank\">m\u00e9t\u00e9o<\/a><br \/>\n<a class=\"r-btn r-btn--tag\" href=\"https:\/\/www.rtl.be\/1966\/free-tags\/rechauffement-climatique\" title=\"r\u00e9chauffement climatique\" rel=\"nofollow noopener\" target=\"_blank\">r\u00e9chauffement climatique<\/a><br \/>\n<a class=\"r-btn r-btn--tag\" href=\"https:\/\/www.rtl.be\/333452\/locations\/belgique\" title=\"Belgique\" rel=\"nofollow noopener\" target=\"_blank\">Belgique<\/a><\/p>\n","protected":false},"excerpt":{"rendered":"Par RTL info avec Belga Publi\u00e9 le 04 septembre \u00e0 07h14 Ajoutez-nous \u00e0 vos favoris Google L\u2019IRM pr\u00e9voit&hellip;\n","protected":false},"author":2,"featured_media":238675,"comment_status":"","ping_status":"","sticky":false,"template":"","format":"standard","meta":{"footnotes":"","_share_on_mastodon":"0"},"categories":[2],"tags":[61343,12,13,18,17,53898,12709,11369,30,3005,17647,3008,20919],"class_list":["post-238674","post","type-post","status-publish","format-standard","has-post-thumbnail","category-belgique","tag-alerte-jaune","tag-be","tag-be-fr","tag-belgique","tag-belgium","tag-hautes-fagnes","tag-irm","tag-littoral","tag-meteo","tag-pluie","tag-temperatures","tag-vent","tag-week-end"],"share_on_mastodon":{"url":"https:\/\/pubeurope.com\/@be_fr\/117211520923870113","error":""},"_links":{"self":[{"href":"https:\/\/www.europesays.com\/be-fr\/wp-json\/wp\/v2\/posts\/238674","targetHints":{"allow":["GET"]}}],"collection":[{"href":"https:\/\/www.europesays.com\/be-fr\/wp-json\/wp\/v2\/posts"}],"about":[{"href":"https:\/\/www.europesays.com\/be-fr\/wp-json\/wp\/v2\/types\/post"}],"author":[{"embeddable":true,"href":"https:\/\/www.europesays.com\/be-fr\/wp-json\/wp\/v2\/users\/2"}],"replies":[{"embeddable":true,"href":"https:\/\/www.europesays.com\/be-fr\/wp-json\/wp\/v2\/comments?post=238674"}],"version-history":[{"count":0,"href":"https:\/\/www.europesays.com\/be-fr\/wp-json\/wp\/v2\/posts\/238674\/revisions"}],"wp:featuredmedia":[{"embeddable":true,"href":"https:\/\/www.europesays.com\/be-fr\/wp-json\/wp\/v2\/media\/238675"}],"wp:attachment":[{"href":"https:\/\/www.europesays.com\/be-fr\/wp-json\/wp\/v2\/media?parent=238674"}],"wp:term":[{"taxonomy":"category","embeddable":true,"href":"https:\/\/www.europesays.com\/be-fr\/wp-json\/wp\/v2\/categories?post=238674"},{"taxonomy":"post_tag","embeddable":true,"href":"https:\/\/www.europesays.com\/be-fr\/wp-json\/wp\/v2\/tags?post=238674"}],"curies":[{"name":"wp","href":"https:\/\/api.w.org\/{rel}","templated":true}]}}