{"id":238680,"date":"2026-09-04T07:14:11","date_gmt":"2026-09-04T07:14:11","guid":{"rendered":"https:\/\/www.europesays.com\/be-fr\/238680\/"},"modified":"2026-09-04T07:14:11","modified_gmt":"2026-09-04T07:14:11","slug":"mylene-farmer-un-mysterieux-evenement-annonce-dans-ce-cinema-en-sarthe-ouest-france","status":"publish","type":"post","link":"https:\/\/www.europesays.com\/be-fr\/238680\/","title":{"rendered":"Myl\u00e8ne Farmer : un myst\u00e9rieux \u00e9v\u00e9nement annonc\u00e9 dans ce cin\u00e9ma en Sarthe &#8211; Ouest-France"},"content":{"rendered":"<p><a href=\"https:\/\/news.google.com\/rss\/articles\/CBMi-gFBVV95cUxQdmZKRUF2NFhLdGdySktkMVdheHpIUFFnZmwyUG5oTVF4ZWVtVUpiVkVQNkhBV1RqNHBOV3R3T0ZLNHNHTlNKTW9qM0NRTnVHc2RReDhWZE8za20tSWlYcVhQak9URjlpbHlmRlFvMjgwS3EzVnJxWXdqWF9kNzB4ZXFYdTFmSVZaSmo5LUd4ZjJ0a1I1bjFwbVBXMHgzMTV2RTAxS2hYd1NFQ2w2ZkIxb1lmMGtHTzRjV3NEVUozS1JGelFwOVVaTVpFSHdVNFVOQjRiLV8zaFFuREhnSXJvRm5mT0ItcUhwN1BCc25mTjh5ZXFZaEQwOUNB?oc=5\" target=\"_blank\" rel=\"nofollow noopener\">Myl\u00e8ne Farmer : un myst\u00e9rieux \u00e9v\u00e9nement annonc\u00e9 dans ce cin\u00e9ma en Sarthe<\/a>&nbsp;&nbsp;Ouest-France<a href=\"https:\/\/news.google.com\/rss\/articles\/CBMiYEFVX3lxTE5pZ1lXWUlfZS04Smh0OTd1MmloZlo5T0ZaSDVmS1k0Vm1qekdwaG96NFhmWHNZSjdGZkVnajc3Rl9uTEphWjgyWmxBVVNMNGcyYm53NTM2akM0VTZxMlI4cQ?oc=5\" target=\"_blank\" rel=\"nofollow noopener\">Teaser pour \u00ab \u00c9gr\u00e9gore &#8211; L&rsquo;avant-premi\u00e8re \u00bb<\/a>&nbsp;&nbsp;Mylene.Net<a href=\"https:\/\/news.google.com\/rss\/articles\/CBMi0wFBVV95cUxQYjRaUXJIUEJZeTRfeUxtaFlKcmlFSk1UbUt3MDRvMHJuTHZjR2xzS1dtbWEwUHd2ZmRNbWNuU00zSnpuYndlQmphYU1LcG5wSHlnUnhfWWVNNjFJTHEwWEM1VE5ld1JBNEtlVElsTHkxTGpOSl9mc1FDc1ZPTFhUdUJFQW5OcEVKTGRvbTRPZzZubVFkMmFyajdmZ3lscjNPcjlmZjBzMlBBMF9PZ2dxbVp3WS1vbWVGcGJ1VWN0Vm9lbjJSQVBQLV9RUzFEU09kdGJR?oc=5\" target=\"_blank\" rel=\"nofollow noopener\">Dole. Une s\u00e9ance exceptionnelle au Majestic pour d\u00e9couvrir le nouvel album de Myl\u00e8ne Farmer<\/a>&nbsp;&nbsp;Le Progr\u00e8s<a href=\"https:\/\/news.google.com\/rss\/articles\/CBMixAFBVV95cUxNbV9lQ3F4RGZLQ3FDa2gyYjduSmMxWHNqWVplbzNfVWdRSy1ENksyNlhCV0pqU2x4RENaeUFEQ2FtekZMOEY2a2FnVkcwUzNra194UGJfcHZ5UVQzeHZxMk16bHQ3NUpXUHVLemtLeVhIU2VxVlBzaWUtTW5wU1h3QUdJUEJ0c1dSRXBvRDZscEh2WENSMEx5cTliMG5yeFZBNkhxRFEwSGFsQ0xEeHFpTzQxUFh1aXNybURxZUJnck1rVjEz?oc=5\" target=\"_blank\" rel=\"nofollow noopener\">O\u00f9 voir en IMAX le film qui d\u00e9voile le nouvel album de Myl\u00e8ne Farmer ?<\/a>&nbsp;&nbsp;20 Minutes<a href=\"https:\/\/news.google.com\/rss\/articles\/CBMibkFVX3lxTE41cU4wUFlRYnQxYzlzQW5CTGJYYlZKMGtJQVRnRi16emFnLWJIZWx6aDZjZ1FMenBieXRTakRhcmdvMXpUSXlCUDdyVWVQakZzNjdXNmJfSXdRcjlvb3RvQnRrMWRyWkhPek15cGJ3?oc=5\" target=\"_blank\" rel=\"nofollow noopener\">Myl\u00e8ne Farmer \u2013 \u00c9gr\u00e9gore \u2013 L\u2019avant-premi\u00e8re : Cin\u00e9mas, s\u00e9ances et horaires &#8211; N\u00eemes<\/a>&nbsp;&nbsp;AlloCin\u00e9<\/p>\n","protected":false},"excerpt":{"rendered":"Myl\u00e8ne Farmer : un myst\u00e9rieux \u00e9v\u00e9nement annonc\u00e9 dans ce cin\u00e9ma en Sarthe&nbsp;&nbsp;Ouest-FranceTeaser pour \u00ab \u00c9gr\u00e9gore &#8211; L&rsquo;avant-premi\u00e8re \u00bb&nbsp;&nbsp;Mylene.NetDole.&hellip;\n","protected":false},"author":2,"featured_media":238681,"comment_status":"","ping_status":"","sticky":false,"template":"","format":"standard","meta":{"footnotes":"","_share_on_mastodon":"0"},"categories":[98],"tags":[12,13,18,17,96,95,107,108],"class_list":["post-238680","post","type-post","status-publish","format-standard","has-post-thumbnail","category-musique","tag-be","tag-be-fr","tag-belgique","tag-belgium","tag-divertissement","tag-entertainment","tag-music","tag-musique"],"share_on_mastodon":{"url":"https:\/\/pubeurope.com\/@be_fr\/117211540057280883","error":""},"_links":{"self":[{"href":"https:\/\/www.europesays.com\/be-fr\/wp-json\/wp\/v2\/posts\/238680","targetHints":{"allow":["GET"]}}],"collection":[{"href":"https:\/\/www.europesays.com\/be-fr\/wp-json\/wp\/v2\/posts"}],"about":[{"href":"https:\/\/www.europesays.com\/be-fr\/wp-json\/wp\/v2\/types\/post"}],"author":[{"embeddable":true,"href":"https:\/\/www.europesays.com\/be-fr\/wp-json\/wp\/v2\/users\/2"}],"replies":[{"embeddable":true,"href":"https:\/\/www.europesays.com\/be-fr\/wp-json\/wp\/v2\/comments?post=238680"}],"version-history":[{"count":0,"href":"https:\/\/www.europesays.com\/be-fr\/wp-json\/wp\/v2\/posts\/238680\/revisions"}],"wp:featuredmedia":[{"embeddable":true,"href":"https:\/\/www.europesays.com\/be-fr\/wp-json\/wp\/v2\/media\/238681"}],"wp:attachment":[{"href":"https:\/\/www.europesays.com\/be-fr\/wp-json\/wp\/v2\/media?parent=238680"}],"wp:term":[{"taxonomy":"category","embeddable":true,"href":"https:\/\/www.europesays.com\/be-fr\/wp-json\/wp\/v2\/categories?post=238680"},{"taxonomy":"post_tag","embeddable":true,"href":"https:\/\/www.europesays.com\/be-fr\/wp-json\/wp\/v2\/tags?post=238680"}],"curies":[{"name":"wp","href":"https:\/\/api.w.org\/{rel}","templated":true}]}}