{"id":238690,"date":"2026-09-04T07:22:12","date_gmt":"2026-09-04T07:22:12","guid":{"rendered":"https:\/\/www.europesays.com\/be-fr\/238690\/"},"modified":"2026-09-04T07:22:12","modified_gmt":"2026-09-04T07:22:12","slug":"a-tintigny-benoit-piedboeuf-et-benjamin-destree-seront-confrontes-a-un-dilemme-en-2030-lun-des-deux-ne-pourra-pas-sieger","status":"publish","type":"post","link":"https:\/\/www.europesays.com\/be-fr\/238690\/","title":{"rendered":"\u00c0 Tintigny, Benoit Piedboeuf et Benjamin Destr\u00e9e seront confront\u00e9s \u00e0 un dilemme en 2030\u00a0: l&rsquo;un des deux ne pourra pas si\u00e9ger\u00a0!"},"content":{"rendered":"<p class=\"ap-StoryElement ap-StoryElement--mb ap-StoryText\">En principe, la r\u00e9glementation encadre strictement les liens de parent\u00e9 ou d&rsquo;alliance entre les membres d&rsquo;un conseil communal afin d&rsquo;\u00e9viter tout conflit d&rsquo;int\u00e9r\u00eats. Par exemple, il n&rsquo;est pas possible qu&rsquo;un p\u00e8re et sa fille issus d&rsquo;une m\u00eame liste si\u00e8gent ensemble au sein du conseil. Cependant, le Code de la d\u00e9mocratie locale et de la d\u00e9centralisation (CDLD) pr\u00e9voit une exception pour les situations \u00e9voluant en cours de mandat.<\/p>\n<p class=\"ap-StoryElement ap-StoryElement--mb ap-StoryText\">L&rsquo;article L1125-3, \u00a7\u00a03 du Code dispose en effet que \u00ab\u00a0l&rsquo;alliance survenue ult\u00e9rieurement entre les membres du conseil n&#8217;emporte pas de r\u00e9vocation de leur mandat\u00a0\u00bb. Il pr\u00e9cise certes que cette tol\u00e9rance ne s&rsquo;applique pas en cas de mariage direct entre deux \u00e9lus si\u00e9geant au conseil.<\/p>\n<p>Et en 2030\u200a? Il faudra choisir\u200a!<\/p>\n<p class=\"ap-StoryElement ap-StoryElement--mb ap-StoryText\">En \u00e9pousant la fille du bourgmestre, Benjamin Destr\u00e9e cr\u00e9e un lien d&rsquo;alliance avec lui (et non un mariage direct entre conseillers). Puisque cette alliance survient post\u00e9rieurement \u00e0 l&rsquo;\u00e9lection, ils ne doivent pas d\u00e9missionner en 2026 et peuvent achever leur mandat jusqu&rsquo;\u00e0 la fin de la l\u00e9gislature. C&rsquo;est uniquement lors du prochain scrutin que l&rsquo;interdiction de si\u00e9ger simultan\u00e9ment s&rsquo;appliquera.<\/p>\n<p class=\"ap-StoryElement ap-StoryElement--mb ap-StoryText\">Ce mariage cr\u00e9e une alliance indirecte qui, selon la loi, n&rsquo;entra\u00eene aucune d\u00e9ch\u00e9ance pour l&rsquo;\u00e9chevin ou le bourgmestre. La situation actuelle demeure donc parfaitement l\u00e9gale et conforme au CDLD.<\/p>\n<p class=\"ap-StoryElement ap-StoryElement--mb ap-StoryText\">Toutefois, ce changement de statut civil aura des cons\u00e9quences directes sur l&rsquo;avenir. L&rsquo;alliance \u00e9tant d\u00e9sormais scell\u00e9e, l&rsquo;article L1125-3, \u00a7\u00a01er interdira formellement \u00e0 Benjamin Destr\u00e9e et Benoit Piedb\u0153uf de si\u00e9ger ensemble lors de la prochaine l\u00e9gislature en 2030. Un choix politique in\u00e9vitable se posera alors pour la majorit\u00e9\u00a0: l&rsquo;un des deux hommes devra renoncer \u00e0 son si\u00e8ge au conseil pour permettre \u00e0 l&rsquo;autre d&rsquo;exercer son mandat, pour autant que les deux soient \u00e9lus. Une \u00e9quation que les int\u00e9ress\u00e9s n&rsquo;auront toutefois \u00e0 r\u00e9soudre qu&rsquo;au terme du mandat en cours.<\/p>\n<p class=\"ap-StoryElement ap-StoryElement--mb ap-StoryText\">Benjamin Destr\u00e9e va-t-il se repr\u00e9senter en 2030\u200a? L&rsquo;int\u00e9ress\u00e9 se dit \u00ab\u00a0serein\u00a0\u00bb apr\u00e8s avoir d\u00e9cid\u00e9 de se marier, mais ne souhaite pas communiquer davantage. Quant \u00e0 Beno\u00eet Piedb\u0153uf, il nous confirme qu&rsquo;il \u00ab\u00a0n&rsquo;y a pas de souci pour finir la l\u00e9gislature\u00a0\u00bb et que pour la suite \u00ab\u00a0on verra apr\u00e8s les \u00e9lections\u00a0\u00bb. Le bourgmestre ajoute, pour conclure, que \u00ab\u00a0la priorit\u00e9 c&rsquo;est l&rsquo;anciennet\u00e9, sauf choix individuel personnel\u00a0\u00bb.<\/p>\n<p class=\"ap-StoryElement ap-StoryElement--mb ap-StoryText\">En 2029, Beno\u00eet Piedb\u0153uf comptabilisera une carri\u00e8re politique de 40 ann\u00e9es au service de la commune de Tintigny.<\/p>\n","protected":false},"excerpt":{"rendered":"En principe, la r\u00e9glementation encadre strictement les liens de parent\u00e9 ou d&rsquo;alliance entre les membres d&rsquo;un conseil communal&hellip;\n","protected":false},"author":2,"featured_media":238691,"comment_status":"","ping_status":"","sticky":false,"template":"","format":"standard","meta":{"footnotes":"","_share_on_mastodon":"0"},"categories":[2],"tags":[67546,961,2943,20022,3847,2198,8726,12,13,18,17,9854,3851,1422,5621,64545,1425,24899,15440,969,32829,1436,84,9857,907,7191,5267,29668,1439],"class_list":["post-238690","post","type-post","status-publish","format-standard","has-post-thumbnail","category-belgique","tag-achievement","tag-adult","tag-arm","tag-arms-raised","tag-athlete","tag-athletisme","tag-atletiek","tag-be","tag-be-fr","tag-belgique","tag-belgium","tag-championnats-deurope","tag-competition","tag-emotion","tag-euro","tag-europesekampioenschap","tag-happiness","tag-human-limb","tag-limb","tag-one-person","tag-running-track","tag-smiling","tag-sports","tag-sprinting","tag-stadium","tag-success","tag-track-and-field-event","tag-winning","tag-young-adult"],"share_on_mastodon":{"url":"https:\/\/pubeurope.com\/@be_fr\/117211571596405477","error":""},"_links":{"self":[{"href":"https:\/\/www.europesays.com\/be-fr\/wp-json\/wp\/v2\/posts\/238690","targetHints":{"allow":["GET"]}}],"collection":[{"href":"https:\/\/www.europesays.com\/be-fr\/wp-json\/wp\/v2\/posts"}],"about":[{"href":"https:\/\/www.europesays.com\/be-fr\/wp-json\/wp\/v2\/types\/post"}],"author":[{"embeddable":true,"href":"https:\/\/www.europesays.com\/be-fr\/wp-json\/wp\/v2\/users\/2"}],"replies":[{"embeddable":true,"href":"https:\/\/www.europesays.com\/be-fr\/wp-json\/wp\/v2\/comments?post=238690"}],"version-history":[{"count":0,"href":"https:\/\/www.europesays.com\/be-fr\/wp-json\/wp\/v2\/posts\/238690\/revisions"}],"wp:featuredmedia":[{"embeddable":true,"href":"https:\/\/www.europesays.com\/be-fr\/wp-json\/wp\/v2\/media\/238691"}],"wp:attachment":[{"href":"https:\/\/www.europesays.com\/be-fr\/wp-json\/wp\/v2\/media?parent=238690"}],"wp:term":[{"taxonomy":"category","embeddable":true,"href":"https:\/\/www.europesays.com\/be-fr\/wp-json\/wp\/v2\/categories?post=238690"},{"taxonomy":"post_tag","embeddable":true,"href":"https:\/\/www.europesays.com\/be-fr\/wp-json\/wp\/v2\/tags?post=238690"}],"curies":[{"name":"wp","href":"https:\/\/api.w.org\/{rel}","templated":true}]}}