{"id":238750,"date":"2026-09-04T08:21:16","date_gmt":"2026-09-04T08:21:16","guid":{"rendered":"https:\/\/www.europesays.com\/be-fr\/238750\/"},"modified":"2026-09-04T08:21:16","modified_gmt":"2026-09-04T08:21:16","slug":"la-carte-aux-tresors-stephane-bern-remplace-cyril-feraud-des-ce-vendredi-4-septembre","status":"publish","type":"post","link":"https:\/\/www.europesays.com\/be-fr\/238750\/","title":{"rendered":"La Carte aux tr\u00e9sors : St\u00e9phane Bern remplace Cyril F\u00e9raud d\u00e8s ce vendredi 4 septembre"},"content":{"rendered":"<p>D\u00e8s ce vendredi 4 septembre 2026, St\u00e9phane Bern prend la place Cyril F\u00e9raud dans La Carte aux tr\u00e9sors sur France 3. Voici ce qui vous attend dans l&rsquo;\u00e9mission.<\/p>\n<p>C&rsquo;est ce vendredi 4 septembre \u00e0 21h10 que <a href=\"https:\/\/www.programme-tv.net\/news\/tv\/403985-cyril-feraud-charrie-son-ancien-cadreur-de-la-carte-aux-tresors-dans-tout-le-monde-veut-prendre-sa-place-video\/\" data-api-deeplink=\"teleloisirs:\/\/news\/403985\" rel=\"nofollow noopener\" target=\"_blank\">La Carte aux tr\u00e9sors<\/a> revient sur France 3 pour une nouvelle saison&#8230; <a href=\"https:\/\/www.programme-tv.net\/news\/tv\/395584-plus-d-helicopteres-dans-la-carte-aux-tresors-stephane-bern-nous-repond-ce-sera-tres-different-de-ce-que-faisait-cyril-feraud\/\" data-api-deeplink=\"teleloisirs:\/\/news\/395584\" rel=\"nofollow noopener\" target=\"_blank\">pr\u00e9sent\u00e9e par St\u00e9phane Bern<\/a> en lieu et place de Cyril F\u00e9raud, <a href=\"https:\/\/www.programme-tv.net\/news\/tv\/401727-cyril-feraud-reagit-a-son-depart-de-la-carte-aux-tresors-une-page-se-referme-pour-moi\/\" data-api-deeplink=\"teleloisirs:\/\/news\/401727\" rel=\"nofollow noopener\" target=\"_blank\">qui a pr\u00e9sent\u00e9 son dernier num\u00e9ro de l&rsquo;\u00e9mission en mai dernier<\/a>.<\/p>\n<p>\u00ab\u00a0Ah l&rsquo;Ecosse, le pays des highlands et des cornemuses ! Je ne m&rsquo;en lasserai jamais\u00a0\u00bb, entend-on s&rsquo;exclamer l&rsquo;animateur dans la bande-annonce du programme avant de se faire reprendre par son \u00e9quipe. \u00ab\u00a0On n&rsquo;est pas en \u00c9cosse, on est dans le Jura !\u00a0\u00bb. Dans un autre teaser diffus\u00e9 cette fois \u00e0 l&rsquo;antenne, on le voit d\u00e9ambuler dans les rues pav\u00e9es d&rsquo;un village et prendre un morceau de galette offert par un habitant.<\/p>\n<p>St\u00e9phane Bern : ce conseil que lui a donn\u00e9 Cyril F\u00e9raud pour reprendre la pr\u00e9sentation de La Carte aux tr\u00e9sors<\/p>\n<p>Une mani\u00e8re selon lui de suivre les conseils de <a href=\"https:\/\/www.programme-tv.net\/biographie\/513-drucker-michel\/\" data-link-people=\"7c97fddf-70ec-49d0-83b3-cad98eb2ec24\" rel=\"nofollow noopener\" target=\"_blank\">Michel Drucker<\/a>, lui-m\u00eame pilote, qui lui a conseill\u00e9 de ne pas prendre l&rsquo;h\u00e9licopt\u00e8re le ventre vide. <a href=\"https:\/\/www.programme-tv.net\/news\/tv\/387543-il-a-deja-fait-un-petit-test-cyril-feraud-devoile-le-conseil-insolite-quil-a-donne-a-stephane-bern-pour-animer-la-carte-aux-tresors\/\" data-api-deeplink=\"teleloisirs:\/\/news\/387543\" rel=\"nofollow noopener\" target=\"_blank\">Un conseil que lui a \u00e9galement donn\u00e9 Cyril F\u00e9raud<\/a>. Ces s\u00e9quences humoristiques sont \u00e0 l&rsquo;image de ce que St\u00e9phane Bern entend insuffler dans La Carte aux tr\u00e9sors : davantage d&rsquo;humour, ce qu&rsquo;il surnomme \u00ab\u00a0la Bern touch\u00a0\u00bb.<\/p>\n<p>\u00ab\u00a0J&rsquo;ai pu y insuffler tout mon humour, \u00e0 tel point que les producteurs ont m\u00eame d\u00fb gommer certaines blagues\u00a0\u00bb, nous avait-il confi\u00e9 en d\u00e9but d&rsquo;ann\u00e9e.<\/p>\n<p>Il faut dire que l&rsquo;animateur de 62 ans va relever un d\u00e9fi de taille en prenant les commandes de cette \u00e9mission mythique relanc\u00e9e avec succ\u00e8s par Cyril F\u00e9raud en 2018. Un programme que le quadrag\u00e9naire a choisi de quitter pour se consacrer \u00e0 une autre \u00e9mission de l\u00e9gende, Fort Boyard sur France 2, <a href=\"https:\/\/www.programme-tv.net\/news\/tv\/403942-on-s-est-ecrit-cyril-feraud-devoile-le-beau-geste-d-olivier-minne-en-apprenant-qu-il-allait-animer-fort-boyard\/\" data-api-deeplink=\"teleloisirs:\/\/news\/403942\" rel=\"nofollow noopener\" target=\"_blank\">o\u00f9 il a succ\u00e9d\u00e9 \u00e0 Olivier Minne<\/a>.<\/p>\n<p>La Carte aux tr\u00e9sors avec St\u00e9phane Bern : que remporte le gagnant de l&rsquo;\u00e9mission de France 3 ?<\/p>\n<p>Que les puristes se rassurent, si le style d&rsquo;animation va changer, les r\u00e8gles du jeu resteront les m\u00eames, \u00e0 savoir trois \u00e9nigmes \u00e0 r\u00e9soudre pour d\u00e9crocher autant d&rsquo;indices sur la Rose des vents, d&rsquo;une valeur de 1000 euros. Le gagnant de cette Rose des vents pourra tenter sa chance sur l&rsquo;ultime \u00e9preuve du Tr\u00e9sor pour tenter d&#8217;emporter 4000 euros suppl\u00e9mentaires.<\/p>\n","protected":false},"excerpt":{"rendered":"D\u00e8s ce vendredi 4 septembre 2026, St\u00e9phane Bern prend la place Cyril F\u00e9raud dans La Carte aux tr\u00e9sors&hellip;\n","protected":false},"author":2,"featured_media":238751,"comment_status":"","ping_status":"","sticky":false,"template":"","format":"standard","meta":{"footnotes":"","_share_on_mastodon":"0"},"categories":[99],"tags":[12,13,18,17,118,3433,96,95,1180,37695,22670,112],"class_list":["post-238750","post","type-post","status-publish","format-standard","has-post-thumbnail","category-television","tag-be","tag-be-fr","tag-belgique","tag-belgium","tag-commentaire","tag-cyril-fu00e9raud","tag-divertissement","tag-entertainment","tag-france-3","tag-la-carte-aux-tru00e9sors","tag-stu00e9phane-bern","tag-television"],"share_on_mastodon":{"url":"https:\/\/pubeurope.com\/@be_fr\/117211803449801016","error":""},"_links":{"self":[{"href":"https:\/\/www.europesays.com\/be-fr\/wp-json\/wp\/v2\/posts\/238750","targetHints":{"allow":["GET"]}}],"collection":[{"href":"https:\/\/www.europesays.com\/be-fr\/wp-json\/wp\/v2\/posts"}],"about":[{"href":"https:\/\/www.europesays.com\/be-fr\/wp-json\/wp\/v2\/types\/post"}],"author":[{"embeddable":true,"href":"https:\/\/www.europesays.com\/be-fr\/wp-json\/wp\/v2\/users\/2"}],"replies":[{"embeddable":true,"href":"https:\/\/www.europesays.com\/be-fr\/wp-json\/wp\/v2\/comments?post=238750"}],"version-history":[{"count":0,"href":"https:\/\/www.europesays.com\/be-fr\/wp-json\/wp\/v2\/posts\/238750\/revisions"}],"wp:featuredmedia":[{"embeddable":true,"href":"https:\/\/www.europesays.com\/be-fr\/wp-json\/wp\/v2\/media\/238751"}],"wp:attachment":[{"href":"https:\/\/www.europesays.com\/be-fr\/wp-json\/wp\/v2\/media?parent=238750"}],"wp:term":[{"taxonomy":"category","embeddable":true,"href":"https:\/\/www.europesays.com\/be-fr\/wp-json\/wp\/v2\/categories?post=238750"},{"taxonomy":"post_tag","embeddable":true,"href":"https:\/\/www.europesays.com\/be-fr\/wp-json\/wp\/v2\/tags?post=238750"}],"curies":[{"name":"wp","href":"https:\/\/api.w.org\/{rel}","templated":true}]}}