{"id":238762,"date":"2026-09-04T08:32:10","date_gmt":"2026-09-04T08:32:10","guid":{"rendered":"https:\/\/www.europesays.com\/be-fr\/238762\/"},"modified":"2026-09-04T08:32:10","modified_gmt":"2026-09-04T08:32:10","slug":"celine-dion-evoque-avec-emotion-la-belgique-et-franco-dragone-devant-son-hotel-parisien-video","status":"publish","type":"post","link":"https:\/\/www.europesays.com\/be-fr\/238762\/","title":{"rendered":"C\u00e9line Dion \u00e9voque avec \u00e9motion la Belgique et Franco Dragone, devant son h\u00f4tel parisien (vid\u00e9o)"},"content":{"rendered":"<p class=\"ap-StoryElement ap-StoryElement--mb ap-StoryText\">Depuis son arriv\u00e9e \u00e0 Paris le 28 ao\u00fbt dernier, C\u00e9line Dion prend presque chaque soir le temps de discuter un moment avec les fans qui l&rsquo;attendent, tous les jours, devant son h\u00f4tel. La star canadienne, qui se produira en r\u00e9sidence dans la capitale fran\u00e7aise entre le 12 septembre et le 17 octobre 2026, s\u00e9journe au Royal Monceau.<\/p>\n<p class=\"ap-StoryElement ap-StoryElement--mb ap-StoryText\">Ce jeudi soir encore, de nombreuses personnes se trouvaient devant l&rsquo;h\u00f4tel et C\u00e9line Dion a \u00e9chang\u00e9 avec eux quelques mots, s&rsquo;excusant m\u00eame de ne pas pouvoir signer des autographes et serrer des mains. \u00ab\u00a0J&rsquo;appr\u00e9cie \u00e9norm\u00e9ment que vous respectiez ce que je dois faire <a href=\"https:\/\/www.parismatch.be\/actualites\/people\/2026\/09\/02\/a-quelques-jours-du-retour-de-celine-dion-sur-scene-son-manager-evoque-ses-soucis-de-sante-ils-ne-sont-pas-gueris-QRKBYZHOLBHJVPYINAUZHABBI4\/\" target=\"_self\" rel=\"nofollow noopener\">pour ma sant\u00e9<\/a>. Parce que je veux vraiment \u00eatre en super forme [\u2026] Mais on va trouver la fa\u00e7on de faire pour les autographes, etc. On va le faire\u00a0\u00bb, a assur\u00e9 l&rsquo;artiste de 58 ans, tr\u00e8s reconnaissante devant les encouragements et remerciements de ses fans.<\/p>\n<p><a href=\"https:\/\/www.parismatch.be\/actualites\/people\/2026\/08\/30\/celine-dion-accompagnee-de-ses-discrets-jumeaux-a-paris-ils-ont-bien-change-video-PVLRTTPDK5FJ3KTI3QY4JL2HGU\/\" target=\"_self\" class=\"ap-StoryInterstitialLink ap-StoryElement ap-StoryElement--mb js-paywall-target\" rel=\"nofollow noopener\">C\u00e9line Dion accompagn\u00e9e de ses discrets jumeaux \u00e0 Paris: ils ont bien chang\u00e9 (VID\u00c9O)<\/a>Les mots de C\u00e9line Dion pour la Belgique<\/p>\n<p class=\"ap-StoryElement ap-StoryElement--mb ap-StoryText\">Apr\u00e8s ces quelques mots, une personne a interpell\u00e9 C\u00e9line Dion en lui d\u00e9clarant qu&rsquo;il venait de Belgique. Et directement, son regard s&rsquo;est illumin\u00e9. \u00ab\u00a0Oh mon Dieu, \u00e7a me rappelle des souvenirs\u00a0\u00bb, a-t-elle directement r\u00e9agi, avant d&rsquo;expliquer \u00e0 quoi elle pensait en premier lieu : \u00ab\u00a0J&rsquo;ai travaill\u00e9 en Belgique avec une \u00e9quipe, avec Franco Dragone\u00a0\u00bb. \u00ab\u00a0Il est parmi les \u00e9toiles l\u00e0 maintenant\u00a0\u00bb, a-t-elle poursuivi en tendant les bras vers le ciel.<\/p>\n<p class=\"ap-StoryElement ap-StoryElement--mb ap-StoryText\">C\u00e9line Dion a d\u00e9couvert Franco Dragone en allant voir le Cirque du Soleil \u00e0 Las Vegas. Tomb\u00e9e sous le charme du spectacle, elle a voulu avoir le m\u00eame genre de show pour son retour sur sc\u00e8ne en 2003. Elle rencontre alors le metteur en sc\u00e8ne belge, et vient m\u00eame jusque chez lui, \u00e0 La Louvi\u00e8re, pour travailler avec lui. Na\u00eet alors, quelques mois plus tard, \u00ab\u00a0A New Day\u2026\u00a0\u00bb, la premi\u00e8re s\u00e9rie de concerts en r\u00e9sidence \u00e0 Las Vegas, une production con\u00e7ue et mise en sc\u00e8ne int\u00e9gralement par Franco Dragone.<\/p>\n<p><a href=\"https:\/\/www.parismatch.be\/actualites\/people\/2026\/08\/19\/jaimerais-leur-offrir-quelque-chose-pour-leur-montrer-a-quel-point-ils-mont-manque-celine-dion-en-dit-plus-sur-ses-concerts-a-paris-BHOQG7M5JBBW5EZC2IT75MZUWA\/\" target=\"_self\" class=\"ap-StoryInterstitialLink ap-StoryElement ap-StoryElement--mb\" rel=\"nofollow noopener\">\u00ab\u00a0J&rsquo;aimerais leur offrir quelque chose pour leur montrer \u00e0 quel point ils m&rsquo;ont manqu\u00e9\u00a0\u00bb : C\u00e9line Dion en dit plus sur ses concerts \u00e0 Paris<\/a><\/p>\n<p class=\"ap-StoryElement ap-StoryElement--mb ap-StoryText\">Une histoire qu&rsquo;a racont\u00e9e C\u00e9line Dion en quelques mots \u00e0 son interlocuteur belge ce jeudi soir <a href=\"https:\/\/www.parismatch.be\/actualites\/people\/2026\/08\/28\/les-premiers-mots-de-celine-dion-a-son-arrivee-a-paris-video-HOHZ3JXH7NGE3CDFCV2N7AOKOM\/\" target=\"_self\" rel=\"nofollow noopener\">\u00e0 Paris<\/a> : \u00ab\u00a0J&rsquo;ai commenc\u00e9 la r\u00e9sidence \u00e0 Las Vegas avec Franco. C&rsquo;\u00e9tait la premi\u00e8re fois que quelqu&rsquo;un faisait une r\u00e9sidence \u00e0 Las Vegas. Et j&rsquo;ai \u00e9t\u00e9 en Belgique pour (pr\u00e9parer cette s\u00e9rie de concerts, ndlr)\u00a0\u00bb. \u00ab\u00a0Donc c&rsquo;est tr\u00e8s particulier la Belgique pour moi\u00a0\u00bb, a conclu la star en serrant ses bras contre elle, visiblement touch\u00e9e de se rem\u00e9morer cette aventure.<\/p>\n<p><a href=\"https:\/\/www.parismatch.be\/actualites\/people\/2024\/10\/29\/quand-celine-dion-residait-en-belgique-dans-une-maison-hantee-elle-a-ressenti-une-presence-malefique-PSBZNEVR7VEDPB7G3B3HPJ4DP4\/\" target=\"_self\" class=\"ap-StoryInterstitialLink ap-StoryElement ap-StoryElement--mb\" rel=\"nofollow noopener\">Quand C\u00e9line Dion r\u00e9sidait en Belgique\u2026 dans une maison hant\u00e9e : \u00ab\u00a0Elle a ressenti une pr\u00e9sence mal\u00e9fique\u00a0\u00bb<\/a><\/p>\n<p>Pour acc\u00e9der \u00e0 cet article, veuillez vous connecter au r\u00e9seau internet.<\/p>\n","protected":false},"excerpt":{"rendered":"Depuis son arriv\u00e9e \u00e0 Paris le 28 ao\u00fbt dernier, C\u00e9line Dion prend presque chaque soir le temps de&hellip;\n","protected":false},"author":2,"featured_media":238763,"comment_status":"","ping_status":"","sticky":false,"template":"","format":"standard","meta":{"footnotes":"","_share_on_mastodon":"0"},"categories":[102],"tags":[12,13,18,17,129,128,96,95,103,107,109],"class_list":["post-238762","post","type-post","status-publish","format-standard","has-post-thumbnail","category-people","tag-be","tag-be-fr","tag-belgique","tag-belgium","tag-celebrities","tag-celebrity","tag-divertissement","tag-entertainment","tag-horizontal","tag-music","tag-people"],"share_on_mastodon":{"url":"https:\/\/pubeurope.com\/@be_fr\/117211846809163181","error":""},"_links":{"self":[{"href":"https:\/\/www.europesays.com\/be-fr\/wp-json\/wp\/v2\/posts\/238762","targetHints":{"allow":["GET"]}}],"collection":[{"href":"https:\/\/www.europesays.com\/be-fr\/wp-json\/wp\/v2\/posts"}],"about":[{"href":"https:\/\/www.europesays.com\/be-fr\/wp-json\/wp\/v2\/types\/post"}],"author":[{"embeddable":true,"href":"https:\/\/www.europesays.com\/be-fr\/wp-json\/wp\/v2\/users\/2"}],"replies":[{"embeddable":true,"href":"https:\/\/www.europesays.com\/be-fr\/wp-json\/wp\/v2\/comments?post=238762"}],"version-history":[{"count":0,"href":"https:\/\/www.europesays.com\/be-fr\/wp-json\/wp\/v2\/posts\/238762\/revisions"}],"wp:featuredmedia":[{"embeddable":true,"href":"https:\/\/www.europesays.com\/be-fr\/wp-json\/wp\/v2\/media\/238763"}],"wp:attachment":[{"href":"https:\/\/www.europesays.com\/be-fr\/wp-json\/wp\/v2\/media?parent=238762"}],"wp:term":[{"taxonomy":"category","embeddable":true,"href":"https:\/\/www.europesays.com\/be-fr\/wp-json\/wp\/v2\/categories?post=238762"},{"taxonomy":"post_tag","embeddable":true,"href":"https:\/\/www.europesays.com\/be-fr\/wp-json\/wp\/v2\/tags?post=238762"}],"curies":[{"name":"wp","href":"https:\/\/api.w.org\/{rel}","templated":true}]}}