{"id":238772,"date":"2026-09-04T08:39:11","date_gmt":"2026-09-04T08:39:11","guid":{"rendered":"https:\/\/www.europesays.com\/be-fr\/238772\/"},"modified":"2026-09-04T08:39:11","modified_gmt":"2026-09-04T08:39:11","slug":"la-liste-europeenne-de-lunion-saint-gilloise-pour-leuropa-league-est-sortie-et-fera-trois-decus","status":"publish","type":"post","link":"https:\/\/www.europesays.com\/be-fr\/238772\/","title":{"rendered":"La liste europ\u00e9enne de l&rsquo;Union Saint-Gilloise pour l&rsquo;Europa League est sortie et fera trois d\u00e9\u00e7us!"},"content":{"rendered":"<p class=\"ap-StoryElement ap-StoryElement--mb ap-StoryText\">La principale absence concerne Anouar Ait El Hadj. Alors qu&rsquo;il semblait proche de quitter le Dynamo Houston (MLS), le joueur de 24 ans est finalement rest\u00e9 \u00e0 l&rsquo;Union <a href=\"https:\/\/www.dhnet.be\/sports\/football\/division-1a\/union-saint-gilloise\/2026\/09\/02\/le-tarif-de-la-semaine-pour-la-machine-de-lunion-saint-trond-en-prend-trois-comme-anderlecht-il-y-a-trois-jours-YKA4VNBLSVBDRAZ2KDL3AADISE\/\" target=\"_self\" rel=\"nofollow noopener\">et fait toujours partie du groupe<\/a>. Une situation qui pourrait encore \u00e9voluer, puisque certains march\u00e9s des transferts restent encore ouverts. Un d\u00e9part de derni\u00e8re minute n&rsquo;est donc pas totalement \u00e0 exclure.<\/p>\n<p class=\"ap-StoryElement ap-StoryElement--mb ap-StoryText\">\u00c0 noter \u00e9galement la pr\u00e9sence de Ross Sykes dans la liste. Le d\u00e9fenseur, qui est \u00e9loign\u00e9 des terrains durant plusieurs mois en raison d&rsquo;une blessure, figure bien parmi les joueurs inscrits. Marc Giger, en revanche, n&rsquo;y appara\u00eet pas. L&rsquo;Union ne compte plus sur lui.<\/p>\n<p class=\"ap-StoryElement ap-StoryElement--mb ap-StoryText\">Pour rappel, les Saint-Gillois affronteront Viktoria Plzen, la Real Sociedad, Hapo\u00ebl Beer Sheva, le Celta Vigo, Lech Poznan, Lyon, le Celtic Glasgow et Besiktas lors de cette phase de ligue de l&rsquo;Europa League.<\/p>\n","protected":false},"excerpt":{"rendered":"La principale absence concerne Anouar Ait El Hadj. Alors qu&rsquo;il semblait proche de quitter le Dynamo Houston (MLS),&hellip;\n","protected":false},"author":2,"featured_media":238773,"comment_status":"","ping_status":"","sticky":false,"template":"","format":"standard","meta":{"footnotes":"","_share_on_mastodon":"0"},"categories":[81],"tags":[629,673,33954,9616,12,13,74090,74091,18,17,74092,16315,8728,12721,84,8732,8734],"class_list":["post-238772","post","type-post","status-publish","format-standard","has-post-thumbnail","category-sports","tag-allemagne","tag-basket","tag-basket-ball","tag-basketbal","tag-be","tag-be-fr","tag-belgian-cats","tag-belgian-national-team","tag-belgique","tag-belgium","tag-berlijn","tag-cats","tag-cm","tag-duitsland","tag-sports","tag-wc","tag-wk"],"share_on_mastodon":{"url":"https:\/\/pubeurope.com\/@be_fr\/117211874392116544","error":""},"_links":{"self":[{"href":"https:\/\/www.europesays.com\/be-fr\/wp-json\/wp\/v2\/posts\/238772","targetHints":{"allow":["GET"]}}],"collection":[{"href":"https:\/\/www.europesays.com\/be-fr\/wp-json\/wp\/v2\/posts"}],"about":[{"href":"https:\/\/www.europesays.com\/be-fr\/wp-json\/wp\/v2\/types\/post"}],"author":[{"embeddable":true,"href":"https:\/\/www.europesays.com\/be-fr\/wp-json\/wp\/v2\/users\/2"}],"replies":[{"embeddable":true,"href":"https:\/\/www.europesays.com\/be-fr\/wp-json\/wp\/v2\/comments?post=238772"}],"version-history":[{"count":0,"href":"https:\/\/www.europesays.com\/be-fr\/wp-json\/wp\/v2\/posts\/238772\/revisions"}],"wp:featuredmedia":[{"embeddable":true,"href":"https:\/\/www.europesays.com\/be-fr\/wp-json\/wp\/v2\/media\/238773"}],"wp:attachment":[{"href":"https:\/\/www.europesays.com\/be-fr\/wp-json\/wp\/v2\/media?parent=238772"}],"wp:term":[{"taxonomy":"category","embeddable":true,"href":"https:\/\/www.europesays.com\/be-fr\/wp-json\/wp\/v2\/categories?post=238772"},{"taxonomy":"post_tag","embeddable":true,"href":"https:\/\/www.europesays.com\/be-fr\/wp-json\/wp\/v2\/tags?post=238772"}],"curies":[{"name":"wp","href":"https:\/\/api.w.org\/{rel}","templated":true}]}}