{"id":238776,"date":"2026-09-04T08:41:10","date_gmt":"2026-09-04T08:41:10","guid":{"rendered":"https:\/\/www.europesays.com\/be-fr\/238776\/"},"modified":"2026-09-04T08:41:10","modified_gmt":"2026-09-04T08:41:10","slug":"les-petits-proprietaires-ne-sont-pas-des-bandits","status":"publish","type":"post","link":"https:\/\/www.europesays.com\/be-fr\/238776\/","title":{"rendered":"Les petits propri\u00e9taires ne sont pas des bandits"},"content":{"rendered":"<p class=\"ap-StoryElement ap-StoryElement--mb ap-StoryText\">Les n\u00e9gociations budg\u00e9taires approchent, et chacun y va de sa petite ou grande id\u00e9e. Il y a celles qui sont clairement affich\u00e9es, comme des totems, et celles qu&rsquo;on laisse percoler discr\u00e8tement dans la presse, sous couvert d&rsquo;anonymat. Tel un ballon d&rsquo;essai dont on veut se prot\u00e9ger des d\u00e9g\u00e2ts, s&rsquo;il explose en vol.<\/p>\n<p class=\"ap-StoryElement ap-StoryElement--mb ap-StoryText\">Un \u00e9l\u00e9ment qui revient dans le d\u00e9bat, c&rsquo;est l&rsquo;id\u00e9e de taxer les revenus locatifs des propri\u00e9taires. Dans l&rsquo;absolu, pourquoi pas ? Un revenu est un revenu, pourquoi l&rsquo;un serait tax\u00e9 et pas un autre ?<\/p>\n<p><a href=\"https:\/\/www.dhnet.be\/actu\/belgique\/2026\/09\/03\/voici-lidee-de-maxime-prevot-pour-avoir-un-conclave-budgetaire-plus-apaise-V6BVVYCXBZCSXPQPSKG67S5UVQ\/\" target=\"_self\" class=\"ap-StoryInterstitialLink ap-StoryElement ap-StoryElement--mb js-paywall-target\" rel=\"nofollow noopener\">Voici l&rsquo;id\u00e9e de Maxime Pr\u00e9vot pour avoir un conclave budg\u00e9taire plus apais\u00e9<\/a><\/p>\n<p class=\"ap-StoryElement ap-StoryElement--mb ap-StoryText\">Sauf que cette id\u00e9e n\u00e9glige le quotidien et la r\u00e9alit\u00e9 de centaines de petits propri\u00e9taires. Poss\u00e9der un bien, l&rsquo;avoir pay\u00e9 durant des ann\u00e9es et en tirer un petit revenu compl\u00e9mentaire pour s&rsquo;offrir un peu de confort durant ses vieux jours n&rsquo;est pas une insulte au fisc ! N&rsquo;oublions pas que l&rsquo;achat d&rsquo;un logement passe d\u00e9j\u00e0 par le paiement des droits d&rsquo;enregistrements, sans oublier le pr\u00e9compte immobilier annuel.<\/p>\n<p class=\"ap-StoryElement ap-StoryElement--mb ap-StoryText\">D&rsquo;ailleurs, l&rsquo;augmentation constante de celui-ci pousse de plus en plus de propri\u00e9taires \u00e0 penser \u00e0 la vente de leur bien. Car certains ne s&rsquo;y retrouvent plus, tout simplement. Avec une taxation suppl\u00e9mentaire, ne resteront que les professionnels de l&rsquo;immobilier, qui n&rsquo;h\u00e9siteront pas \u00e0 faire grimper les loyers. Et les victimes ? Les petits locataires, bien s\u00fbr.<\/p>\n<p><a href=\"https:\/\/www.dhnet.be\/actu\/belgique\/2026\/09\/03\/georges-louis-bouchez-a-trace-sa-ligne-rouge-pour-le-budget-mais-il-assure-que-ce-gouvernement-ne-tombera-pas-VUXBSWZV5ZETJPA4TCJF7B2GEY\/\" target=\"_self\" class=\"ap-StoryInterstitialLink ap-StoryElement ap-StoryElement--mb\" rel=\"nofollow noopener\">Georges-Louis Bouchez a trac\u00e9 sa ligne rouge pour le budget mais il assure que \u00ab\u00a0ce gouvernement ne tombera pas\u00a0\u00bb<\/a><\/p>\n<p>Pour acc\u00e9der \u00e0 cet article, veuillez vous connecter au r\u00e9seau internet.<\/p>\n","protected":false},"excerpt":{"rendered":"Les n\u00e9gociations budg\u00e9taires approchent, et chacun y va de sa petite ou grande id\u00e9e. Il y a celles&hellip;\n","protected":false},"author":2,"featured_media":238777,"comment_status":"","ping_status":"","sticky":false,"template":"","format":"standard","meta":{"footnotes":"","_share_on_mastodon":"0"},"categories":[35],"tags":[629,673,33954,9616,12,13,74090,74091,18,17,74092,38,16315,8728,12721,37,36,8732,8734],"class_list":["post-238776","post","type-post","status-publish","format-standard","has-post-thumbnail","category-economie","tag-allemagne","tag-basket","tag-basket-ball","tag-basketbal","tag-be","tag-be-fr","tag-belgian-cats","tag-belgian-national-team","tag-belgique","tag-belgium","tag-berlijn","tag-business","tag-cats","tag-cm","tag-duitsland","tag-economie","tag-economy","tag-wc","tag-wk"],"share_on_mastodon":{"url":"https:\/\/pubeurope.com\/@be_fr\/117211882387735375","error":""},"_links":{"self":[{"href":"https:\/\/www.europesays.com\/be-fr\/wp-json\/wp\/v2\/posts\/238776","targetHints":{"allow":["GET"]}}],"collection":[{"href":"https:\/\/www.europesays.com\/be-fr\/wp-json\/wp\/v2\/posts"}],"about":[{"href":"https:\/\/www.europesays.com\/be-fr\/wp-json\/wp\/v2\/types\/post"}],"author":[{"embeddable":true,"href":"https:\/\/www.europesays.com\/be-fr\/wp-json\/wp\/v2\/users\/2"}],"replies":[{"embeddable":true,"href":"https:\/\/www.europesays.com\/be-fr\/wp-json\/wp\/v2\/comments?post=238776"}],"version-history":[{"count":0,"href":"https:\/\/www.europesays.com\/be-fr\/wp-json\/wp\/v2\/posts\/238776\/revisions"}],"wp:featuredmedia":[{"embeddable":true,"href":"https:\/\/www.europesays.com\/be-fr\/wp-json\/wp\/v2\/media\/238777"}],"wp:attachment":[{"href":"https:\/\/www.europesays.com\/be-fr\/wp-json\/wp\/v2\/media?parent=238776"}],"wp:term":[{"taxonomy":"category","embeddable":true,"href":"https:\/\/www.europesays.com\/be-fr\/wp-json\/wp\/v2\/categories?post=238776"},{"taxonomy":"post_tag","embeddable":true,"href":"https:\/\/www.europesays.com\/be-fr\/wp-json\/wp\/v2\/tags?post=238776"}],"curies":[{"name":"wp","href":"https:\/\/api.w.org\/{rel}","templated":true}]}}