{"id":238778,"date":"2026-09-04T08:42:17","date_gmt":"2026-09-04T08:42:17","guid":{"rendered":"https:\/\/www.europesays.com\/be-fr\/238778\/"},"modified":"2026-09-04T08:42:17","modified_gmt":"2026-09-04T08:42:17","slug":"une-affirmation-de-donald-trump-sur-les-capacites-militaires-americaines-contestee-par-des-experts-cela-releve-de-la-fiction","status":"publish","type":"post","link":"https:\/\/www.europesays.com\/be-fr\/238778\/","title":{"rendered":"Une affirmation de Donald Trump sur les capacit\u00e9s militaires am\u00e9ricaines contest\u00e9e par des experts : \u00ab\u00a0Cela rel\u00e8ve de la fiction\u00a0\u00bb"},"content":{"rendered":"<p class=\"ap-StoryElement ap-StoryElement--mb ap-StoryText\">Mais le pr\u00e9sident am\u00e9ricain fait surtout une comparaison entre les deux conflits. Selon lui, \u00ab\u00a0<a href=\"https:\/\/www.lalibre.be\/international\/europe\/guerre-ukraine-russie\/2024\/12\/30\/biden-sur-le-depart-annonce-encore-une-aide-militaire-massive-a-lukraine-X4645LNOMJFPXHM4VA4YWAF6ZM\/\" target=\"_self\" rel=\"nofollow noopener\">l&rsquo;administration Biden a donn\u00e9 \u00e0 l&rsquo;Ukraine<\/a> bien plus de munitions, sans aucun co\u00fbt pour celle-ci, que ce que nous avons utilis\u00e9 en Iran. Des centaines de milliards de dollars ont \u00e9t\u00e9 donn\u00e9s gratuitement \u00e0 l&rsquo;Ukraine et \u00e0 l&rsquo;OTAN, somme que l&rsquo;Europe aurait d\u00fb payer \u2014 si on le lui avait simplement demand\u00e9 \u2014, mais nous allons r\u00e9clamer cet argent, m\u00eame si c&rsquo;est un peu tard !\u00a0\u00bb<\/p>\n<p>Des experts beaucoup moins optimistes<\/p>\n<p class=\"ap-StoryElement ap-StoryElement--mb ap-StoryText\">Mais cette version tr\u00e8s optimiste de sa gestion des munitions est loin de faire l&rsquo;unanimit\u00e9. \u00ab\u00a0Il est clair que les \u00c9tats-Unis sont de plus en plus d\u00e9bord\u00e9s entre ces deux conflits\u00a0\u00bb, a d\u00e9clar\u00e9 Christopher Chivvis, ancien responsable des services de renseignement am\u00e9ricains, \u00e0 Newsweek. \u00ab\u00a0Cela cr\u00e9e <a href=\"https:\/\/www.lalibre.be\/international\/amerique\/2026\/08\/11\/une-fenetre-de-vulnerabilite-comment-la-reduction-du-stock-de-munitions-americain-pourrait-arranger-la-chine-ZJQ3KFJC7NFN7K32BUVCZ2SY2I\/\" target=\"_self\" rel=\"nofollow noopener\">des opportunit\u00e9s dont peuvent tirer parti leurs adversaires, notamment la Chine<\/a> et la Russie.\u00a0\u00bb<\/p>\n<p class=\"ap-StoryElement ap-StoryElement--mb ap-StoryText\">Il rejette \u00e9galement l&rsquo;id\u00e9e de r\u00e9serves quasiment in\u00e9puisables. \u00ab\u00a0L&rsquo;affirmation de Trump selon laquelle les capacit\u00e9s am\u00e9ricaines sont &lsquo;pratiquement illimit\u00e9es&rsquo; semble relever de la fiction, quel que soit l&rsquo;horizon temporel consid\u00e9r\u00e9.\u00a0\u00bb<\/p>\n<p><a href=\"https:\/\/www.lalibre.be\/international\/2026\/08\/02\/le-prix-cache-de-la-guerre-en-iran-sous-evaluee-par-le-pentagone-ladministration-trump-supprime-certaines-donnees-PXGOAZ3Y5BAH7NKHS2UKUSH55Q\/\" target=\"_self\" class=\"ap-StoryInterstitialLink ap-StoryElement ap-StoryElement--mb\" rel=\"nofollow noopener\">Le prix cach\u00e9 de la guerre en Iran sous-\u00e9valu\u00e9e par le Pentagone : \u00ab\u00a0L&rsquo;Administration Trump supprime certaines donn\u00e9es\u00a0\u00bb<\/a>Des armes qui co\u00fbtent plusieurs millions de dollars<\/p>\n<p class=\"ap-StoryElement ap-StoryElement--mb ap-StoryText\">Pour comprendre ces r\u00e9serves, il faut regarder ce que l&rsquo;arm\u00e9e am\u00e9ricaine utilise r\u00e9ellement en Iran.<\/p>\n<p class=\"ap-StoryElement ap-StoryElement--mb ap-StoryText\">En volume, les \u00c9tats-Unis ont envoy\u00e9 beaucoup plus de munitions \u00e0 <a href=\"https:\/\/www.lalibre.be\/international\/europe\/guerre-ukraine-russie\/\" target=\"_self\" rel=\"nofollow noopener\">l&rsquo;Ukraine depuis 2022<\/a>. Jusqu&rsquo;\u00e0 la fin du mandat de Joe Biden, Washington avait engag\u00e9 environ 66 milliards de dollars d&rsquo;aide s\u00e9curitaire \u00e0 Kiev, avec notamment plus de quatre millions d&rsquo;obus d&rsquo;artillerie, selon les chiffres du d\u00e9partement am\u00e9ricain de la D\u00e9fense.<\/p>\n<p class=\"ap-StoryElement ap-StoryElement--mb ap-StoryText\">En Iran, le rythme de consommation de certaines armes est particuli\u00e8rement \u00e9lev\u00e9. Durant les 39 premiers jours des hostilit\u00e9s, les \u00c9tats-Unis ont utilis\u00e9 environ 1 000 missiles Tomahawk, 1 100 JASSM et entre 1 500 et 2 000 intercepteurs, notamment Patriot, THAAD et Standard Missile, selon une analyse du Centre d&rsquo;\u00e9tudes strat\u00e9giques et internationales (CSIS).<\/p>\n<p class=\"ap-StoryElement ap-StoryElement--mb ap-StoryText\">Des armes particuli\u00e8rement co\u00fbteuses : <a href=\"https:\/\/www.lalibre.be\/international\/amerique\/2025\/10\/31\/le-pentagone-aurait-autorise-la-livraison-de-missiles-tomahawk-a-lukraine-laissant-a-donald-trump-la-decision-finale-V6YEGXI45VHO7HWZ6GSXU2BYXY\/\" target=\"_self\" rel=\"nofollow noopener\">un Tomahawk<\/a> vaut plusieurs millions de dollars, tandis que le co\u00fbt d&rsquo;un JASSM est estim\u00e9 \u00e0 2,6 millions de dollars par le CSIS.<\/p>\n<p class=\"ap-StoryElement ap-StoryElement--mb ap-StoryText\">Mark Montgomery, ancien contre-amiral am\u00e9ricain, estime n\u00e9anmoins aupr\u00e8s de Newsweek que \u00ab\u00a0la grande majorit\u00e9\u00a0\u00bb des armes envoy\u00e9es \u00e0 l&rsquo;Ukraine \u00ab\u00a0n&rsquo;ont aucun point commun\u00a0\u00bb avec celles utilis\u00e9es en Iran. Il consid\u00e8re aussi que le rythme d&rsquo;utilisation des Patriot est un point sur lequel \u00ab\u00a0le pr\u00e9sident se trompe\u00a0\u00bb.<\/p>\n<p><a href=\"https:\/\/www.lalibre.be\/international\/amerique\/2026\/08\/22\/simon-desplanque-si-vous-vous-opposez-frontalement-a-trump-il-peut-tres-bien-vous-livrer-en-pature-a-la-vindicte-populaire-ADYRVWF7MNDZTPPLVLEQTJPHKU\/\" target=\"_self\" class=\"ap-StoryInterstitialLink ap-StoryElement ap-StoryElement--mb\" rel=\"nofollow noopener\">\u00ab\u00a0Trump vit dans une sorte de monde parall\u00e8le, entretenu par des conseillers qui sont des laquais\u00a0\u00bb<\/a>Un probl\u00e8me pour le futur<\/p>\n<p class=\"ap-StoryElement ap-StoryElement--mb ap-StoryText\">Jennifer Kavanagh, chercheuse et directrice de l&rsquo;analyse militaire, estime que les \u00c9tats-Unis ont encore suffisamment de munitions pour poursuivre les op\u00e9rations en Iran pendant un certain temps. Mais elle pointe une faiblesse du c\u00f4t\u00e9 de la d\u00e9fense. \u00ab\u00a0Continuer \u00e0 utiliser des armes en Iran (et dans le cadre de l&rsquo;aide \u00e0 l&rsquo;Ukraine, aussi modeste soit-elle) a un co\u00fbt pour la pr\u00e9paration future\u00a0\u00bb, explique-t-elle \u00e0 Newsweek.<\/p>\n<p class=\"ap-StoryElement ap-StoryElement--mb ap-StoryText\"><a href=\"https:\/\/www.lalibre.be\/international\/2026\/08\/02\/le-prix-cache-de-la-guerre-en-iran-sous-evaluee-par-le-pentagone-ladministration-trump-supprime-certaines-donnees-PXGOAZ3Y5BAH7NKHS2UKUSH55Q\/\" target=\"_self\" rel=\"nofollow noopener\">La guerre aurait d\u00e9j\u00e0 co\u00fbt\u00e9 environ 37,5 milliards de dollars aux \u00c9tats-Unis<\/a> fin juillet, selon Pete Hegseth. L&rsquo;administration a \u00e9galement demand\u00e9 70 milliards de dollars suppl\u00e9mentaires.<\/p>\n<p class=\"ap-StoryElement ap-StoryElement--mb ap-StoryText\">Pour Jennifer Kavanagh, le constat est clair : \u00ab\u00a0\u00c0 l&rsquo;heure actuelle, les \u00c9tats-Unis ne seraient pas en mesure de mener une guerre de grande envergure contre la Chine ou la Russie\u00a0\u00bb.<\/p>\n","protected":false},"excerpt":{"rendered":"Mais le pr\u00e9sident am\u00e9ricain fait surtout une comparaison entre les deux conflits. Selon lui, \u00ab\u00a0l&rsquo;administration Biden a donn\u00e9&hellip;\n","protected":false},"author":2,"featured_media":238779,"comment_status":"","ping_status":"","sticky":false,"template":"","format":"standard","meta":{"footnotes":"","_share_on_mastodon":"0"},"categories":[9],"tags":[12,13,18,17,1276,34,31,2208,272,32],"class_list":["post-238778","post","type-post","status-publish","format-standard","has-post-thumbnail","category-international","tag-be","tag-be-fr","tag-belgique","tag-belgium","tag-conflit-russie-ukraine","tag-donald-trump","tag-international","tag-iran","tag-joe-biden","tag-world-news"],"share_on_mastodon":{"url":"https:\/\/pubeurope.com\/@be_fr\/117211886035480379","error":""},"_links":{"self":[{"href":"https:\/\/www.europesays.com\/be-fr\/wp-json\/wp\/v2\/posts\/238778","targetHints":{"allow":["GET"]}}],"collection":[{"href":"https:\/\/www.europesays.com\/be-fr\/wp-json\/wp\/v2\/posts"}],"about":[{"href":"https:\/\/www.europesays.com\/be-fr\/wp-json\/wp\/v2\/types\/post"}],"author":[{"embeddable":true,"href":"https:\/\/www.europesays.com\/be-fr\/wp-json\/wp\/v2\/users\/2"}],"replies":[{"embeddable":true,"href":"https:\/\/www.europesays.com\/be-fr\/wp-json\/wp\/v2\/comments?post=238778"}],"version-history":[{"count":0,"href":"https:\/\/www.europesays.com\/be-fr\/wp-json\/wp\/v2\/posts\/238778\/revisions"}],"wp:featuredmedia":[{"embeddable":true,"href":"https:\/\/www.europesays.com\/be-fr\/wp-json\/wp\/v2\/media\/238779"}],"wp:attachment":[{"href":"https:\/\/www.europesays.com\/be-fr\/wp-json\/wp\/v2\/media?parent=238778"}],"wp:term":[{"taxonomy":"category","embeddable":true,"href":"https:\/\/www.europesays.com\/be-fr\/wp-json\/wp\/v2\/categories?post=238778"},{"taxonomy":"post_tag","embeddable":true,"href":"https:\/\/www.europesays.com\/be-fr\/wp-json\/wp\/v2\/tags?post=238778"}],"curies":[{"name":"wp","href":"https:\/\/api.w.org\/{rel}","templated":true}]}}