{"id":238782,"date":"2026-09-04T08:44:22","date_gmt":"2026-09-04T08:44:22","guid":{"rendered":"https:\/\/www.europesays.com\/be-fr\/238782\/"},"modified":"2026-09-04T08:44:22","modified_gmt":"2026-09-04T08:44:22","slug":"gozee-importante-operation-de-police-une-rue-bloquee-ce-matin-2","status":"publish","type":"post","link":"https:\/\/www.europesays.com\/be-fr\/238782\/","title":{"rendered":"Goz\u00e9e : importante op\u00e9ration de police, une rue bloqu\u00e9e ce matin"},"content":{"rendered":"<p>  <img decoding=\"async\" class=\"r-img lazyloaded\" src=\"https:\/\/www.europesays.com\/be-fr\/wp-content\/uploads\/2026\/09\/1788511459_86_mouchet.jpg\" alt=\"Adrien Mouchet\"\/><\/p>\n<p>par <a href=\"https:\/\/www.rtl.be\/343111\/dpi-authors\/adrien-mouchet\" rel=\"nofollow noopener\" target=\"_blank\">Adrien Mouchet<\/a><\/p>\n<p>\tMis \u00e0 jour le 04 septembre \u00e0 10h06<\/p>\n<p>  <a href=\"https:\/\/www.google.com\/preferences\/source?q=rtl%20info\" class=\"r-link--google-favorites\" role=\"button\">Ajoutez-nous \u00e0 vos favoris Google<\/a><br \/>\n\tDes moyens importants ont \u00e9t\u00e9 mobilis\u00e9s par la police ce matin \u00e0 Goz\u00e9e, pr\u00e8s de Thuin, o\u00f9 une rue est ferm\u00e9e en raison d\u2019une situation qualifi\u00e9e d\u2019urgente par la bourgmestre.<\/p>\n<p>&#13;<br \/>\n&#13;<\/p>\n<p>\u00ab\u00a0Une rue est bloqu\u00e9e, c\u2019est tr\u00e8s s\u00e9rieux\u00a0\u00bb, envoie Michel via le bouton orange Alertez-nous en signalant la pr\u00e9sence de nombreuses forces de police \u00e0 Goz\u00e9e, dans l\u2019entit\u00e9 de Thuin dans le Hainaut. \u00ab\u00a0Je l\u2019ai remarqu\u00e9 en d\u00e9posant ma fille \u00e0 l\u2019\u00e9cole, j\u2019ai l\u2019impression qu\u2019il y avait m\u00eame peut-\u00eatre les forces sp\u00e9ciales.\u00a0\u00bb<\/p>\n<p>\u00ab\u00a0H\u00e9licopt\u00e8re qui tourne\u00a0\u00bb, envoie un autre alerteur.<\/p>\n<p>Nous avons contact\u00e9 la pharmacie se situant dans cette rue. La pharmacienne indique que la rue est bel et bien bloqu\u00e9e mais qu\u2019elle ne sait pas pourquoi. \u00ab\u00a0Un policier est juste venu me dire de rester \u00e0 l\u2019arri\u00e8re de mon magasin peu avant l\u2019ouverture\u00a0\u00bb, dit-elle. \u00ab\u00a0Je n\u2019ai \u00e9videmment aucun client \u00e0 l\u2019heure actuelle.\u00a0\u00bb<\/p>\n<p>&#13;<br \/>\n&#13;<\/p>\n<p>&#13;<br \/>\n&#13;<br \/>\n\u00ab\u00a0Une urgence\u00a0\u00bb<\/p>\n<p>Nous avons \u00e9galement contact\u00e9 la bourgmestre de Thuin Rachel Sobry peu avant 9h. Elle n\u2019a pas pu r\u00e9pondre pr\u00e9cis\u00e9ment \u00e0 nos sollicitations en \u00e9voquant un manque de temps car \u00ab\u00a0il y a une urgence \u00e0 g\u00e9rer\u00a0\u00bb.<\/p>\n<p>\n  &#13;<br \/>\n  \u00c0 lire aussi&#13;<br \/>\n  &#13;<\/p>\n<p>  <img decoding=\"async\" data-copyright=\"RTL info\" class=\"r-img\"  typeof=\"foaf:Image\" src=\"https:\/\/www.europesays.com\/be-fr\/wp-content\/uploads\/2026\/09\/1788511460_205_100040822.jpeg\" alt=\"Photo exclusive du fusil de type kalachnikov saisi \u00e0 la gare du Midi ce jeudi 3 septembre.\"\/><br \/>\n        <a class=\"r-stories--link\" href=\"https:\/\/www.rtl.be\/actu\/regions\/bruxelles\/un-homme-arme-dune-kalachnikov-interpelle-la-gare-du-midi-bruxelles-larme-etait\/2026-09-03\/article\/799134\" rel=\"nofollow noopener\" target=\"_blank\">Un homme arm\u00e9 d\u2019une kalachnikov interpell\u00e9 \u00e0 la gare du Midi \u00e0 Bruxelles\u00a0: l\u2019arme \u00e9tait cach\u00e9e sous des v\u00eatements de b\u00e9b\u00e9<\/a>&#13;<br \/>\n  &#13;<br \/>\n&#13;\n<\/p>\n<p>Selon nos informations, les faits se d\u00e9rouleraient rue de Thuin. Le groupe de Surveillance et d\u2019Appui (GSA) est sur place.<\/p>\n<p>Le parquet confirme vers 10h qu\u2019il s\u2019agit un homme retranch\u00e9 seul chez lui avec plusieurs armes.<\/p>\n<p>\n  <img decoding=\"async\" data-copyright=\"F. Van Hove\" class=\"r-img lazy\" data-  src=\"https:\/\/www.europesays.com\/be-fr\/wp-content\/uploads\/2026\/09\/1788511462_605_100124272.jpeg\" typeof=\"foaf:Image\" alt=\"Une rue bloqu\u00e9e \u00e0 Goz\u00e9e\"\/><img decoding=\"async\" class=\"r-img\" src=\"https:\/\/www.europesays.com\/be-fr\/wp-content\/uploads\/2026\/09\/1788511462_605_100124272.jpeg\" alt=\"Une rue bloqu\u00e9e \u00e0 Goz\u00e9e\"\/>Une rue bloqu\u00e9e \u00e0 Goz\u00e9e &#8211; F. Van Hove\n<\/p>\n<p>Plus d\u2019informations \u00e0 venir.<\/p>\n<p>\n  <a class=\"embedly-card\" href=\"https:\/\/maps.app.goo.gl\/Y7GH2yvvuH33vXk76\" rel=\"nofollow noopener\" target=\"_blank\">uri<\/a>\n<\/p>\n<p><a class=\"r-btn r-btn--tag\" href=\"https:\/\/www.rtl.be\/340201\/locations\/thuin-hainaut\" title=\"Thuin (Hainaut)\" rel=\"nofollow noopener\" target=\"_blank\">Thuin (Hainaut)<\/a><br \/>\n<a class=\"r-btn r-btn--tag\" href=\"https:\/\/www.rtl.be\/378416\/locations\/hainaut\" title=\"Hainaut\" rel=\"nofollow noopener\" target=\"_blank\">Hainaut<\/a><\/p>\n","protected":false},"excerpt":{"rendered":"par Adrien Mouchet Mis \u00e0 jour le 04 septembre \u00e0 10h06 Ajoutez-nous \u00e0 vos favoris Google Des moyens&hellip;\n","protected":false},"author":2,"featured_media":238783,"comment_status":"","ping_status":"","sticky":false,"template":"","format":"standard","meta":{"footnotes":"","_share_on_mastodon":"0"},"categories":[8],"tags":[10,12,13,18,17,74078,11394,861,14365,11,22,74077,74076,14519,14468],"class_list":["post-238782","post","type-post","status-publish","format-standard","has-post-thumbnail","category-actualites","tag-actualites","tag-be","tag-be-fr","tag-belgique","tag-belgium","tag-forces-speciales","tag-gozee","tag-hainaut","tag-helicoptere","tag-news","tag-police","tag-rachel-sobry","tag-rue-bloquee","tag-thuin","tag-urgence"],"share_on_mastodon":{"url":"https:\/\/pubeurope.com\/@be_fr\/117211894389979604","error":""},"_links":{"self":[{"href":"https:\/\/www.europesays.com\/be-fr\/wp-json\/wp\/v2\/posts\/238782","targetHints":{"allow":["GET"]}}],"collection":[{"href":"https:\/\/www.europesays.com\/be-fr\/wp-json\/wp\/v2\/posts"}],"about":[{"href":"https:\/\/www.europesays.com\/be-fr\/wp-json\/wp\/v2\/types\/post"}],"author":[{"embeddable":true,"href":"https:\/\/www.europesays.com\/be-fr\/wp-json\/wp\/v2\/users\/2"}],"replies":[{"embeddable":true,"href":"https:\/\/www.europesays.com\/be-fr\/wp-json\/wp\/v2\/comments?post=238782"}],"version-history":[{"count":0,"href":"https:\/\/www.europesays.com\/be-fr\/wp-json\/wp\/v2\/posts\/238782\/revisions"}],"wp:featuredmedia":[{"embeddable":true,"href":"https:\/\/www.europesays.com\/be-fr\/wp-json\/wp\/v2\/media\/238783"}],"wp:attachment":[{"href":"https:\/\/www.europesays.com\/be-fr\/wp-json\/wp\/v2\/media?parent=238782"}],"wp:term":[{"taxonomy":"category","embeddable":true,"href":"https:\/\/www.europesays.com\/be-fr\/wp-json\/wp\/v2\/categories?post=238782"},{"taxonomy":"post_tag","embeddable":true,"href":"https:\/\/www.europesays.com\/be-fr\/wp-json\/wp\/v2\/tags?post=238782"}],"curies":[{"name":"wp","href":"https:\/\/api.w.org\/{rel}","templated":true}]}}