{"id":238802,"date":"2026-09-04T08:58:08","date_gmt":"2026-09-04T08:58:08","guid":{"rendered":"https:\/\/www.europesays.com\/be-fr\/238802\/"},"modified":"2026-09-04T08:58:08","modified_gmt":"2026-09-04T08:58:08","slug":"les-derniers-secrets-de-brigitte-bardot-derriere-les-portes-de-la-madrague-a-saint-tropez","status":"publish","type":"post","link":"https:\/\/www.europesays.com\/be-fr\/238802\/","title":{"rendered":"Les derniers secrets de Brigitte Bardot, derri\u00e8re les portes de la Madrague \u00e0 Saint-Tropez"},"content":{"rendered":"<p data-module=\"standfirst\" data-context=\"@media (min-width:48em)\">\n    EXCLUSIF &#8211; \u00c0 l\u2019occasion de la vente aux ench\u00e8res \u00e0 l\u2019H\u00f4tel Drouot par la maison Millon de 300 objets ayant appartenu \u00e0 l\u2019actrice et dont les fonds reviendront \u00e0 sa fondation, ses proches nous ont ouvert les portes de La Madrague et de La Garrigue.<\/p>\n<p class=\"fig-paragraph fig-paragraph--dropped\">Une maison n\u2019est jamais qu\u2019un d\u00e9cor, c\u2019est la confidence silencieuse de ceux qui l\u2019habitent.\u00a0<a href=\"http:\/\/www.lefigaro.fr\/voyages\/je-n-avais-pas-besoin-de-la-voir-pour-savoir-qu-elle-veillait-sur-nous-le-premier-ete-de-saint-tropez-sans-brigitte-bardot-20260713\" data-fig-type=\"Article\" data-gtm-custom-categorie=\"navigation\" data-gtm-custom-action=\"crossclick\" data-gtm-custom-label=\"Contextuel\" data-gtm-event=\"customEventSPE\" data-fig-domain=\"LEFIGARO\" rel=\"nofollow noopener\" target=\"_blank\">Brigitte Bardot<\/a>, disparue le 28 d\u00e9cembre 2025 \u00e0 l\u2019\u00e2ge de 91 ans, semblait \u00eatre partie en d\u00e9livrant tous ses secrets. Longtemps consid\u00e9r\u00e9e comme la \u00ab femme la plus photographi\u00e9e au monde\u00a0\u00bb, elle a d\u00e9voil\u00e9 toutes les courbes de son corps sculptural\u00a0; connue pour son caract\u00e8re bien tremp\u00e9, elle n\u2019a jamais craint de r\u00e9v\u00e9ler le fond de sa pens\u00e9e.<\/p>\n<p class=\"fig-paragraph fig-paragraph--dropped\">Pourtant, lorsque ses proches nous ouvrent les portes de ses refuges, \u00e0 l\u2019occasion de la vente d\u2019objets qui aura lieu le 21 septembre prochain \u00e0\u00a0<a href=\"http:\/\/www.lefigaro.fr\/culture\/encheres\/peintures-livres-photographies-les-souvenirs-de-frederic-mitterrand-aux-encheres-a-drouot-20250502\" data-fig-type=\"Article\" data-gtm-custom-categorie=\"navigation\" data-gtm-custom-action=\"crossclick\" data-gtm-custom-label=\"Contextuel\" data-gtm-event=\"customEventSPE\" data-fig-domain=\"LEFIGARO\" rel=\"nofollow noopener\" target=\"_blank\">l\u2019H\u00f4tel Drouot<\/a>, B. B. rena\u00eet sous nos yeux avec un nouveau visage. Celui d\u2019une coquette, d\u2019abord, qui pr\u00e9tendait avoir tourn\u00e9 le dos \u00e0 son pass\u00e9 de star mais vivait dans des \u00ab mus\u00e9es\u00a0\u00bb \u00e0 sa gloire. Celui d\u2019une femme simple, ensuite, qui pr\u00e9f\u00e9rait aux biens pr\u00e9cieux des babioles susceptibles de r\u00e9veiller des souvenirs heureux. Celui d\u2019un \u00eatre paradoxal, enfin, dont un genre de syndrome de Diog\u00e8ne trahissait\u2026<\/p>\n<p class=\"fig-premium-paywall__infos\">\n        Cet article est r\u00e9serv\u00e9 aux abonn\u00e9s.        Il vous reste 93% \u00e0 d\u00e9couvrir.\n    <\/p>\n<p>                <img  data- alt=\"Le Figaro\" class=\"fig-img--complete fig-img\"\/><\/p>\n<p class=\"fig-premium-paywall__title\">Vente Flash<\/p>\n<p class=\"fig-premium-paywall__subtitle\">-70% sur votre abonnement. Sans engagement.<\/p>\n<p class=\"fig-premium-paywall__connect\">\n                D\u00e9j\u00e0 abonn\u00e9\u00a0?                <a class=\"fig-premium-paywall__connect-link\" href=\"https:\/\/connect.lefigaro.fr\/login?client=horizon_web&amp;type=main&amp;redirect_uri=https%3A%2F%2Fwww.lefigaro.fr%2Fcinema%2Fles-derniers-secrets-de-brigitte-bardot-derriere-les-portes-de-la-madrague-a-saint-tropez-20260904\" data-js-gtm=\"{&quot;event&quot;:&quot;customEventGA4&quot;,&quot;eventName&quot;:&quot;click_action&quot;,&quot;feature&quot;:&quot;paywall&quot;,&quot;location&quot;:&quot;paywall&quot;,&quot;button_action&quot;:&quot;connect&quot;,&quot;click_text&quot;:&quot;Connectez-vous&quot;}\" rel=\"nofollow noopener\" target=\"_blank\"><br \/>\n                    Connectez-vous<br \/>\n                <\/a>\n            <\/p>\n","protected":false},"excerpt":{"rendered":"EXCLUSIF &#8211; \u00c0 l\u2019occasion de la vente aux ench\u00e8res \u00e0 l\u2019H\u00f4tel Drouot par la maison Millon de 300&hellip;\n","protected":false},"author":2,"featured_media":238803,"comment_status":"","ping_status":"","sticky":false,"template":"","format":"standard","meta":{"footnotes":"","_share_on_mastodon":"0"},"categories":[102],"tags":[12,13,18,17,3243,129,128,96,95,109],"class_list":["post-238802","post","type-post","status-publish","format-standard","has-post-thumbnail","category-people","tag-be","tag-be-fr","tag-belgique","tag-belgium","tag-brigitte-bardot","tag-celebrities","tag-celebrity","tag-divertissement","tag-entertainment","tag-people"],"share_on_mastodon":{"url":"https:\/\/pubeurope.com\/@be_fr\/117211948957577701","error":""},"_links":{"self":[{"href":"https:\/\/www.europesays.com\/be-fr\/wp-json\/wp\/v2\/posts\/238802","targetHints":{"allow":["GET"]}}],"collection":[{"href":"https:\/\/www.europesays.com\/be-fr\/wp-json\/wp\/v2\/posts"}],"about":[{"href":"https:\/\/www.europesays.com\/be-fr\/wp-json\/wp\/v2\/types\/post"}],"author":[{"embeddable":true,"href":"https:\/\/www.europesays.com\/be-fr\/wp-json\/wp\/v2\/users\/2"}],"replies":[{"embeddable":true,"href":"https:\/\/www.europesays.com\/be-fr\/wp-json\/wp\/v2\/comments?post=238802"}],"version-history":[{"count":0,"href":"https:\/\/www.europesays.com\/be-fr\/wp-json\/wp\/v2\/posts\/238802\/revisions"}],"wp:featuredmedia":[{"embeddable":true,"href":"https:\/\/www.europesays.com\/be-fr\/wp-json\/wp\/v2\/media\/238803"}],"wp:attachment":[{"href":"https:\/\/www.europesays.com\/be-fr\/wp-json\/wp\/v2\/media?parent=238802"}],"wp:term":[{"taxonomy":"category","embeddable":true,"href":"https:\/\/www.europesays.com\/be-fr\/wp-json\/wp\/v2\/categories?post=238802"},{"taxonomy":"post_tag","embeddable":true,"href":"https:\/\/www.europesays.com\/be-fr\/wp-json\/wp\/v2\/tags?post=238802"}],"curies":[{"name":"wp","href":"https:\/\/api.w.org\/{rel}","templated":true}]}}