{"id":238812,"date":"2026-09-04T09:10:30","date_gmt":"2026-09-04T09:10:30","guid":{"rendered":"https:\/\/www.europesays.com\/be-fr\/238812\/"},"modified":"2026-09-04T09:10:30","modified_gmt":"2026-09-04T09:10:30","slug":"controle-technique-moto-en-flandre-et-wallonie-ce-qui-change","status":"publish","type":"post","link":"https:\/\/www.europesays.com\/be-fr\/238812\/","title":{"rendered":"Contr\u00f4le technique moto en Flandre et Wallonie\u00a0: ce qui change"},"content":{"rendered":"<p>  <img decoding=\"async\" class=\"r-img lazyloaded\" src=\"https:\/\/www.europesays.com\/be-fr\/wp-content\/uploads\/2026\/09\/1788513030_291_ibrahimmolough.jpg\" alt=\"Ibrahim Molough\"\/><\/p>\n<p>Par <a href=\"https:\/\/www.rtl.be\/384780\/dpi-authors\/ibrahim-molough\" rel=\"nofollow noopener\" target=\"_blank\">Ibrahim Molough<\/a><\/p>\n<p>\tPubli\u00e9 le 04 septembre \u00e0 08h52\n<\/p>\n<p>  <a href=\"https:\/\/www.google.com\/preferences\/source?q=rtl%20info\" class=\"r-link--google-favorites\" role=\"button\">Ajoutez-nous \u00e0 vos favoris Google<\/a><br \/>\n\tUne nouvelle r\u00e8gle va rendre le contr\u00f4le technique facultatif lors de la revente des motos en Flandre. Mais les Wallons qui ach\u00e8tent une moto dans le nord du pays devront toujours passer par cette \u00e9tape, comme l\u2019a d\u00e9couvert Christian en cherchant \u00e0 acheter une Harley-Davidson.<\/p>\n<p>&#13;<br \/>\n&#13;<\/p>\n<p>Christian est motard depuis 43 ans. Il a toujours une moto et envisageait r\u00e9cemment d\u2019en acheter une nouvelle\u00a0: une Harley-Davidson. Mais lorsqu\u2019il a trouv\u00e9 celle qui l\u2019int\u00e9ressait en Flandre, le vendeur lui a expliqu\u00e9 qu\u2019il ne souhaitait pas la vendre imm\u00e9diatement.<\/p>\n<p>\u00ab\u00a0Il m\u2019a dit\u00a0: je ne la vendrai pas maintenant parce qu\u2019en septembre je ne dois pas passer le contr\u00f4le technique\u00a0\u00bb, raconte Christian, qui nous a contact\u00e9s via le bouton orange Alertez-nous.<\/p>\n<p>&#13;<br \/>\n&#13;<\/p>\n<p>&#13;<br \/>\n&#13;<\/p>\n<p>    \u00c0 lire aussi<\/p>\n<p>  <img decoding=\"async\" data-copyright=\"Google Street View\" class=\"r-img\"  typeof=\"foaf:Image\" src=\"https:\/\/www.europesays.com\/be-fr\/wp-content\/uploads\/2026\/09\/1788513030_197_99110340.jpeg\" alt=\"Centre de contr\u00f4le technique de Malines\"\/><br \/>\n      <a href=\"https:\/\/www.rtl.be\/actu\/belgique\/societe\/la-flandre-passe-au-controle-technique-tous-les-deux-ans-avec-des-delais-de\/2026-09-01\/article\/798905\" class=\"r-stories--link\" rel=\"nofollow noopener\" target=\"_blank\">La Flandre passe au contr\u00f4le technique tous les deux ans avec des d\u00e9lais de r\u00e9paration plus longs\u00a0: les Wallons et Bruxellois peuvent aussi en profiter<\/a><\/p>\n<p>Le vendeur avait d\u00e9j\u00e0 publi\u00e9 l\u2019annonce sur un site afin de trouver des acheteurs. Christian s\u2019est donc interrog\u00e9 sur les r\u00e8gles qui allaient s\u2019appliquer aux motos en Flandre et sur les diff\u00e9rences avec la Wallonie.<\/p>\n<p>Une r\u00e9forme du contr\u00f4le technique en Flandre<\/p>\n<p>La mesure fait partie d\u2019une vaste r\u00e9forme du contr\u00f4le technique en Flandre, comme l\u2019explique notre journaliste Lilian Lefebvre. Une partie concerne les voitures et est entr\u00e9e en vigueur le 1er septembre. Pour les motos, la nouvelle r\u00e8gle ne sera d\u2019application qu\u2019\u00e0 partir du 1er janvier 2027.<\/p>\n<p>\u00c0 partir de cette date, la Flandre supprime le caract\u00e8re obligatoire du contr\u00f4le technique lors de la revente d\u2019une moto. Le contr\u00f4le restera possible et sera m\u00eame vivement conseill\u00e9, mais il deviendra facultatif.<\/p>\n<p>&#13;<br \/>\n&#13;<\/p>\n<p>&#13;<br \/>\n&#13;<\/p>\n<p>Cette r\u00e8gle vaut pour les utilisateurs domicili\u00e9s ou dont le si\u00e8ge social est situ\u00e9 en Flandre. C\u2019est donc l\u00e0 que se trouve la diff\u00e9rence avec la situation de Christian, qui habite en Wallonie<\/p>\n<p>Christian devra quand m\u00eame passer au contr\u00f4le technique<\/p>\n<p>Pour un Wallon qui ach\u00e8te une moto en Flandre, le vendeur ne sera donc plus oblig\u00e9 de faire passer le v\u00e9hicule au contr\u00f4le technique. Mais Christian devra malgr\u00e9 tout passer par cette \u00e9tape\u00a0: sans contr\u00f4le technique, la DIV refusera sa demande d\u2019immatriculation.<\/p>\n<p>Deux possibilit\u00e9s se pr\u00e9sentent donc \u00e0 lui. Soit le vendeur accepte de faire le contr\u00f4le technique avant de lui vendre la moto. Soit le vendeur ne le fait pas, puisqu\u2019il n\u2019y est pas oblig\u00e9, et Christian devra s\u2019en charger lui-m\u00eame.<\/p>\n<p>Cette diff\u00e9rence entre les R\u00e9gions devient donc un \u00e9l\u00e9ment \u00e0 prendre en compte lors de l\u2019achat d\u2019une moto en Flandre pour un Wallon. Christian, lui, compte bien poursuivre son projet\u00a0: \u00ab\u00a0Je dirais que je vais terminer ma carri\u00e8re sur une Harley.\u00a0\u00bb Ce serait sa troisi\u00e8me Harley-Davidson.<\/p>\n<p>&#13;<br \/>\n&#13;<\/p>\n<p>&#13;<br \/>\n&#13;<\/p>\n<p><a class=\"r-btn r-btn--tag\" href=\"https:\/\/www.rtl.be\/4929\/free-tags\/alertez-nous\" title=\"alertez-nous\" rel=\"nofollow noopener\" target=\"_blank\">alertez-nous<\/a><br \/>\n<a class=\"r-btn r-btn--tag\" href=\"https:\/\/www.rtl.be\/16576\/free-tags\/bel-rtl\" title=\"Bel RTL\" rel=\"nofollow noopener\" target=\"_blank\">Bel RTL<\/a><br \/>\n<a class=\"r-btn r-btn--tag\" href=\"https:\/\/www.rtl.be\/333452\/locations\/belgique\" title=\"Belgique\" rel=\"nofollow noopener\" target=\"_blank\">Belgique<\/a><br \/>\n<a class=\"r-btn r-btn--tag\" href=\"https:\/\/www.rtl.be\/377988\/locations\/wallonie\" title=\"Wallonie\" rel=\"nofollow noopener\" target=\"_blank\">Wallonie<\/a><\/p>\n","protected":false},"excerpt":{"rendered":"Par Ibrahim Molough Publi\u00e9 le 04 septembre \u00e0 08h52 Ajoutez-nous \u00e0 vos favoris Google Une nouvelle r\u00e8gle va&hellip;\n","protected":false},"author":2,"featured_media":238813,"comment_status":"","ping_status":"","sticky":false,"template":"","format":"standard","meta":{"footnotes":"","_share_on_mastodon":"0"},"categories":[2],"tags":[12,13,18,17,1383,74094,74099,74100,5472,74096,74098,74097,74095,2982],"class_list":["post-238812","post","type-post","status-publish","format-standard","has-post-thumbnail","category-belgique","tag-be","tag-be-fr","tag-belgique","tag-belgium","tag-christian","tag-controle-technique-moto","tag-difference-regionale","tag-div","tag-flandre","tag-harley-davidson","tag-immatriculation-moto","tag-reforme-controle-technique","tag-revente-moto","tag-wallonie"],"share_on_mastodon":{"url":"https:\/\/pubeurope.com\/@be_fr\/117211996841156579","error":""},"_links":{"self":[{"href":"https:\/\/www.europesays.com\/be-fr\/wp-json\/wp\/v2\/posts\/238812","targetHints":{"allow":["GET"]}}],"collection":[{"href":"https:\/\/www.europesays.com\/be-fr\/wp-json\/wp\/v2\/posts"}],"about":[{"href":"https:\/\/www.europesays.com\/be-fr\/wp-json\/wp\/v2\/types\/post"}],"author":[{"embeddable":true,"href":"https:\/\/www.europesays.com\/be-fr\/wp-json\/wp\/v2\/users\/2"}],"replies":[{"embeddable":true,"href":"https:\/\/www.europesays.com\/be-fr\/wp-json\/wp\/v2\/comments?post=238812"}],"version-history":[{"count":0,"href":"https:\/\/www.europesays.com\/be-fr\/wp-json\/wp\/v2\/posts\/238812\/revisions"}],"wp:featuredmedia":[{"embeddable":true,"href":"https:\/\/www.europesays.com\/be-fr\/wp-json\/wp\/v2\/media\/238813"}],"wp:attachment":[{"href":"https:\/\/www.europesays.com\/be-fr\/wp-json\/wp\/v2\/media?parent=238812"}],"wp:term":[{"taxonomy":"category","embeddable":true,"href":"https:\/\/www.europesays.com\/be-fr\/wp-json\/wp\/v2\/categories?post=238812"},{"taxonomy":"post_tag","embeddable":true,"href":"https:\/\/www.europesays.com\/be-fr\/wp-json\/wp\/v2\/tags?post=238812"}],"curies":[{"name":"wp","href":"https:\/\/api.w.org\/{rel}","templated":true}]}}