{"id":238816,"date":"2026-09-04T09:12:17","date_gmt":"2026-09-04T09:12:17","guid":{"rendered":"https:\/\/www.europesays.com\/be-fr\/238816\/"},"modified":"2026-09-04T09:12:17","modified_gmt":"2026-09-04T09:12:17","slug":"deces-de-tony-gatlif-realisateur-de-gadjo-dilo-a-77-ans","status":"publish","type":"post","link":"https:\/\/www.europesays.com\/be-fr\/238816\/","title":{"rendered":"D\u00e9c\u00e8s de Tony Gatlif, r\u00e9alisateur de &lsquo;Gadjo Dilo&rsquo; \u00e0 77 ans"},"content":{"rendered":"<p>Le r\u00e9alisateur est mort \u00e0 Arles (Bouches-du-Rh\u00f4ne) d&rsquo;un probl\u00e8me de sant\u00e9 alors qu&rsquo;il travaillait sur un projet de film historique. \u00ab\u00a0La beaut\u00e9 de ses films, sa g\u00e9n\u00e9rosit\u00e9, sa joie, sa po\u00e9sie et son amour de la musique resteront pour toujours en nous\u00a0\u00bb, soulignent son \u00e9pouse, ses enfants et petits-enfants dans un communiqu\u00e9.<\/p>\n<p>Ils lui souhaitent \u00ab\u00a0Latcho Drom\u00a0\u00bb, une expression tzigane signifiant \u00ab\u00a0Bonne route\u00a0\u00bb.<\/p>\n<p>\u00ab\u00a0Latcho Drom\u00a0\u00bb est le titre de l&rsquo;un des 25 films r\u00e9alis\u00e9s par Tony Gatlif depuis 1975, dont certains sont devenus des classiques comme \u00ab\u00a0Gadjo Dilo\u00a0\u00bb (1997) ou \u00ab\u00a0Exils\u00a0\u00bb (2004, prix de la mise en sc\u00e8ne \u00e0 Cannes). Son dernier long m\u00e9trage, \u00ab\u00a0Ange\u00a0\u00bb, est sorti en 2025.<\/p>\n<p>Ses histoires, profond\u00e9ment sociales, sont souvent habit\u00e9es par une musique particuli\u00e8re: le flamenco dans \u00ab\u00a0Vengo\u00a0\u00bb (2000), la musique tzigane dans \u00ab\u00a0Les Princes\u00a0\u00bb (1983) ou le reb\u00e9tiko, musique traditionnelle n\u00e9e de la fusion entre Gr\u00e8ce et Turquie, dans \u00ab\u00a0<a href=\"https:\/\/www.rtbf.be\/article\/tony-gatlif-filmer-l-exil-tout-en-pudeur-9675969\" target=\"_blank\" rel=\"nofollow noopener\">Djam<\/a>\u00a0\u00bb (2017).<\/p>\n<p>\u00ab\u00a0Tony Gatlif avait le go\u00fbt des chemins de traverse, des fronti\u00e8res qui s&rsquo;effacent, des vies que l&rsquo;on regarde trop peu. Il filmait la musique, le mouvement, l&rsquo;exil et la libert\u00e9 avec une \u00e9nergie qui n&rsquo;appartenait qu&rsquo;\u00e0 lui\u00a0\u00bb, a r\u00e9agi la ministre de la Culture Catherine P\u00e9gard sur X.<\/p>\n<p>N\u00e9 Michel Dahamani d&rsquo;un p\u00e8re kabyle et d&rsquo;une m\u00e8re gitane le 10 septembre 1948, Tony Gatlif a connu la violence et l&rsquo;errance apr\u00e8s son d\u00e9part d&rsquo;Alg\u00e9rie.<\/p>\n<p>C&rsquo;est lors d&rsquo;un contr\u00f4le de police vers 12 ans qu&rsquo;il a chang\u00e9 de nom pour \u00e9viter d&rsquo;\u00eatre renvoy\u00e9 en Alg\u00e9rie, s&rsquo;appropriant le nom d&rsquo;un espace vert d&rsquo;Alger, le parc Gatlif.<\/p>\n<p>Apr\u00e8s un passage en maison de correction, il est envoy\u00e9 en Camargue sur d\u00e9cision de justice. Trois ans plus tard, il d\u00e9couvre le th\u00e9\u00e2tre et l&rsquo;acteur Michel Simon.<\/p>\n<p>\u00ab\u00a0J&rsquo;ai men\u00e9 une bataille contre ma destin\u00e9e, contre moi-m\u00eame et ce n&rsquo;est pas rien\u00a0\u00bb, avait-il d\u00e9clar\u00e9 \u00e0 l&rsquo;AFP en 2021. La Camargue \u00ab\u00a0fait partie des choses qui m&rsquo;ont sauv\u00e9\u00a0\u00bb.<\/p>\n<p>\u00ab\u00a0Avant j&rsquo;\u00e9tais violent, il ne fallait pas me toucher, j&rsquo;\u00e9tais un mauvais gar\u00e7on (&#8230;) je n&rsquo;\u00e9coutais personne, pour moi les grands, tous les gens, \u00e9taient des ennemis\u00a0\u00bb, avait-il poursuivi. \u00ab\u00a0Du moment o\u00f9 j&rsquo;ai mis pied en Camargue, j&rsquo;ai commenc\u00e9 \u00e0 \u00e9couter et \u00e7a tient au respect avec lequel les gens me parlaient, sans pr\u00e9jug\u00e9\u00a0\u00bb.<\/p>\n<p>Son film le plus connu, \u00ab\u00a0Gadjo Dilo\u00a0\u00bb (\u00ab\u00a0L&rsquo;\u00e9tranger fou\u00a0\u00bb), est un hommage \u00e0 la musique tzigane, \u00ab\u00a0une musique qui crie la peur et la douleur d&rsquo;un peuple qui a mal \u00e0 son \u00e2me\u00a0\u00bb, selon Tony Gatlif. Il raconte la qu\u00eate d&rsquo;un jeune Fran\u00e7ais id\u00e9aliste interpr\u00e9t\u00e9 par Romain Duris sur les traces d&rsquo;une chanteuse qu&rsquo;il retrouve dans un camp tzigane en Roumanie.<\/p>\n","protected":false},"excerpt":{"rendered":"Le r\u00e9alisateur est mort \u00e0 Arles (Bouches-du-Rh\u00f4ne) d&rsquo;un probl\u00e8me de sant\u00e9 alors qu&rsquo;il travaillait sur un projet de&hellip;\n","protected":false},"author":2,"featured_media":238817,"comment_status":"","ping_status":"","sticky":false,"template":"","format":"standard","meta":{"footnotes":"","_share_on_mastodon":"0"},"categories":[102],"tags":[12,13,18,17,129,128,96,95,109],"class_list":["post-238816","post","type-post","status-publish","format-standard","has-post-thumbnail","category-people","tag-be","tag-be-fr","tag-belgique","tag-belgium","tag-celebrities","tag-celebrity","tag-divertissement","tag-entertainment","tag-people"],"share_on_mastodon":{"url":"https:\/\/pubeurope.com\/@be_fr\/117212004066064603","error":""},"_links":{"self":[{"href":"https:\/\/www.europesays.com\/be-fr\/wp-json\/wp\/v2\/posts\/238816","targetHints":{"allow":["GET"]}}],"collection":[{"href":"https:\/\/www.europesays.com\/be-fr\/wp-json\/wp\/v2\/posts"}],"about":[{"href":"https:\/\/www.europesays.com\/be-fr\/wp-json\/wp\/v2\/types\/post"}],"author":[{"embeddable":true,"href":"https:\/\/www.europesays.com\/be-fr\/wp-json\/wp\/v2\/users\/2"}],"replies":[{"embeddable":true,"href":"https:\/\/www.europesays.com\/be-fr\/wp-json\/wp\/v2\/comments?post=238816"}],"version-history":[{"count":0,"href":"https:\/\/www.europesays.com\/be-fr\/wp-json\/wp\/v2\/posts\/238816\/revisions"}],"wp:featuredmedia":[{"embeddable":true,"href":"https:\/\/www.europesays.com\/be-fr\/wp-json\/wp\/v2\/media\/238817"}],"wp:attachment":[{"href":"https:\/\/www.europesays.com\/be-fr\/wp-json\/wp\/v2\/media?parent=238816"}],"wp:term":[{"taxonomy":"category","embeddable":true,"href":"https:\/\/www.europesays.com\/be-fr\/wp-json\/wp\/v2\/categories?post=238816"},{"taxonomy":"post_tag","embeddable":true,"href":"https:\/\/www.europesays.com\/be-fr\/wp-json\/wp\/v2\/tags?post=238816"}],"curies":[{"name":"wp","href":"https:\/\/api.w.org\/{rel}","templated":true}]}}