{"id":238828,"date":"2026-09-04T09:25:19","date_gmt":"2026-09-04T09:25:19","guid":{"rendered":"https:\/\/www.europesays.com\/be-fr\/238828\/"},"modified":"2026-09-04T09:25:19","modified_gmt":"2026-09-04T09:25:19","slug":"une-vague-de-solidarite-inedite-en-soutien-a-mark-ruffalo-accuse-a-tort-dantisemitisme","status":"publish","type":"post","link":"https:\/\/www.europesays.com\/be-fr\/238828\/","title":{"rendered":"Une vague de solidarit\u00e9 in\u00e9dite en soutien \u00e0 Mark Ruffalo accus\u00e9 \u00e0 tort d\u2019antis\u00e9mitisme"},"content":{"rendered":"<p>Gare \u00e0 celles et ceux qui s\u2019en prennent \u00e0 Hulk. Plus de 170\u00a0personnalit\u00e9s de confession juive du milieu du cin\u00e9ma, de la culture et du monde universitaire ont d\u00e9fendu l\u2019interpr\u00e8te du super-h\u00e9ros de <a href=\"https:\/\/www.humanite.fr\/culture-et-savoir\/cinema\/derniere-orgie-pop-pour-les-gardiens-de-la-galaxie-793300\" rel=\"nofollow noopener\" target=\"_blank\">Marvel <\/a>\u00e0 l\u2019\u00e9cran, Mark Ruffalo, \u00e0 la suite d\u2019une campagne de diffamation le visant. <\/p>\n<p>Apr\u00e8s avoir critiqu\u00e9 <a href=\"https:\/\/www.humanite.fr\/medias\/concentration-des-medias\/concentration-des-medias-la-famille-ellison-soutien-de-donald-trump-empechee-de-mettre-la-main-sur-warner\" rel=\"nofollow noopener\" target=\"_blank\">la famille Ellison<\/a>, dont le fils David tient les r\u00eanes de Paramount, et le p\u00e8re l\u2019entreprise Oracle, en raison de l\u2019appui technologique qu\u2019elle a apport\u00e9 via ses activit\u00e9s \u00e0 Isra\u00ebl apr\u00e8s le massacre du 7-Octobre, l\u2019acteur a fait l\u2019objet en retour de fausses accusations d\u2019antis\u00e9mitisme de la part des dirigeants de la firme.<\/p>\n<p>\u00c0 Hollywood, il ne fait pas bon d\u00e9noncer la complicit\u00e9 de certaines soci\u00e9t\u00e9s avec le syst\u00e8me d\u2019apartheid et le g\u00e9nocide contre le peuple palestinien. L\u2019actrice \u00e9tats-unienne <a href=\"https:\/\/www.humanite.fr\/en-debat\/censure\/susan-sarandon-blacklistee-pour-son-soutien-a-la-palestine\" rel=\"nofollow noopener\" target=\"_blank\">Susan Sarandon en a par exemple fait les frais<\/a>.<\/p>\n<p>Le milieu du cin\u00e9ma se mobilise<\/p>\n<p>Raison pour laquelle les signataires de la lettre de soutien \u00e0 <a href=\"https:\/\/www.humanite.fr\/culture-et-savoir\/boycott\/genocide-a-gaza-olivia-colman-javier-bardem-1-500-acteurs-et-realisateurs-appellent-au-boycott-des-institutions-du-cinema-israelien\" rel=\"nofollow noopener\" target=\"_blank\">Mark Ruffalo<\/a>, parmi lesquels le r\u00e9alisateur Joel Coen, les acteur et actrice Joaquin Phoenix et Hannah Einbinder, mais aussi des artistes isra\u00e9liens, comme Einat Weizman et Rachel Leah Jones, ont tenu \u00e0 d\u00e9noncer une \u00ab\u00a0instrumentalisation dangereuse des accusations d\u2019antis\u00e9mitisme\u00a0\u00bb.<\/p>\n<p>Cette vague de solidarit\u00e9 est in\u00e9dite et salutaire. Elle a \u00e9galement permis de rappeler les fondamentaux\u00a0: critiquer les agissements du gouvernement isra\u00e9lien dans la bande de Gaza et en Cisjordanie occup\u00e9e, ainsi que les contrats militaires conclus par celui-ci avec d\u2019autres \u00c9tats ou entit\u00e9s, n\u2019\u00e9quivaut bien \u00e9videmment pas \u00e0 attaquer les juifs.<\/p>\n<p>\u00catre le journal de la paix, notre d\u00e9fi quotidien<\/p>\n<p>Depuis Jaur\u00e8s, la d\u00e9fense de la paix est dans notre ADN.<\/p>\n<p>Qui informe encore aujourd\u2019hui sur les actions des pacifistes pour le d\u00e9sarmement\u00a0?<\/p>\n<p>Combien de m\u00e9dias rappellent que les combats de d\u00e9colonisation ont encore cours, et qu\u2019ils doivent \u00eatre soutenus\u00a0?<\/p>\n<p>Combien valorisent les solidarit\u00e9s internationales, et s\u2019engagent sans ambigu\u00eft\u00e9 aux c\u00f4t\u00e9s des exil\u00e9s\u00a0?<\/p>\n<p>Nos valeurs n\u2019ont pas de fronti\u00e8res.<\/p>\n<p>Aidez-nous \u00e0 soutenir le droit \u00e0 l\u2019autod\u00e9termination et l\u2019option de la paix.<br \/><a href=\"https:\/\/www.humanite.fr\/lhumanite-cest-vous\" rel=\"nofollow noopener\" target=\"_blank\">Je veux en savoir plus\u00a0!<\/a><\/p>\n","protected":false},"excerpt":{"rendered":"Gare \u00e0 celles et ceux qui s\u2019en prennent \u00e0 Hulk. Plus de 170\u00a0personnalit\u00e9s de confession juive du milieu&hellip;\n","protected":false},"author":2,"featured_media":238829,"comment_status":"","ping_status":"","sticky":false,"template":"","format":"standard","meta":{"footnotes":"","_share_on_mastodon":"0"},"categories":[102],"tags":[12,13,18,17,129,128,96,95,109],"class_list":["post-238828","post","type-post","status-publish","format-standard","has-post-thumbnail","category-people","tag-be","tag-be-fr","tag-belgique","tag-belgium","tag-celebrities","tag-celebrity","tag-divertissement","tag-entertainment","tag-people"],"share_on_mastodon":{"url":"https:\/\/pubeurope.com\/@be_fr\/117212055554107313","error":""},"_links":{"self":[{"href":"https:\/\/www.europesays.com\/be-fr\/wp-json\/wp\/v2\/posts\/238828","targetHints":{"allow":["GET"]}}],"collection":[{"href":"https:\/\/www.europesays.com\/be-fr\/wp-json\/wp\/v2\/posts"}],"about":[{"href":"https:\/\/www.europesays.com\/be-fr\/wp-json\/wp\/v2\/types\/post"}],"author":[{"embeddable":true,"href":"https:\/\/www.europesays.com\/be-fr\/wp-json\/wp\/v2\/users\/2"}],"replies":[{"embeddable":true,"href":"https:\/\/www.europesays.com\/be-fr\/wp-json\/wp\/v2\/comments?post=238828"}],"version-history":[{"count":0,"href":"https:\/\/www.europesays.com\/be-fr\/wp-json\/wp\/v2\/posts\/238828\/revisions"}],"wp:featuredmedia":[{"embeddable":true,"href":"https:\/\/www.europesays.com\/be-fr\/wp-json\/wp\/v2\/media\/238829"}],"wp:attachment":[{"href":"https:\/\/www.europesays.com\/be-fr\/wp-json\/wp\/v2\/media?parent=238828"}],"wp:term":[{"taxonomy":"category","embeddable":true,"href":"https:\/\/www.europesays.com\/be-fr\/wp-json\/wp\/v2\/categories?post=238828"},{"taxonomy":"post_tag","embeddable":true,"href":"https:\/\/www.europesays.com\/be-fr\/wp-json\/wp\/v2\/tags?post=238828"}],"curies":[{"name":"wp","href":"https:\/\/api.w.org\/{rel}","templated":true}]}}