{"id":238860,"date":"2026-09-04T09:49:13","date_gmt":"2026-09-04T09:49:13","guid":{"rendered":"https:\/\/www.europesays.com\/be-fr\/238860\/"},"modified":"2026-09-04T09:49:13","modified_gmt":"2026-09-04T09:49:13","slug":"vols-dans-les-champs-400-kg-de-pommes-de-terre-derobes-a-ceroux-2","status":"publish","type":"post","link":"https:\/\/www.europesays.com\/be-fr\/238860\/","title":{"rendered":"Vols dans les champs\u00a0: 400 kg de pommes de terre d\u00e9rob\u00e9s \u00e0 C\u00e9roux"},"content":{"rendered":"<p>  <img decoding=\"async\" class=\"r-img lazyloaded\" src=\"https:\/\/www.europesays.com\/be-fr\/wp-content\/uploads\/2026\/09\/1788515352_732_ibrahimmolough.jpg\" alt=\"Ibrahim Molough\"\/><\/p>\n<p>Par <a href=\"https:\/\/www.rtl.be\/384780\/dpi-authors\/ibrahim-molough\" rel=\"nofollow noopener\" target=\"_blank\">Ibrahim Molough<\/a><\/p>\n<p>\tPubli\u00e9 le 04 septembre \u00e0 06h40\n<\/p>\n<p>  <a href=\"https:\/\/www.google.com\/preferences\/source?q=rtl%20info\" class=\"r-link--google-favorites\" role=\"button\">Ajoutez-nous \u00e0 vos favoris Google<\/a><br \/>\n\tDes individus ont d\u00e9rob\u00e9 entre 300 et 400 kilos de pommes de terre samedi pass\u00e9 \u00e0 C\u00e9roux-Mousty, dans le Brabant wallon. Un exemple d\u2019un ph\u00e9nom\u00e8ne qui prend de l\u2019ampleur dans les campagnes\u00a0: les vols dans les champs, qui concernent aussi d\u2019autres cultures et parfois m\u00eame du b\u00e9tail. Un reportage de Vincent Legraive.<\/p>\n<p>&#13;<br \/>\n&#13;<\/p>\n<p>Quatre hommes et deux voitures ont \u00e9t\u00e9 aper\u00e7us dans un champ de pommes de terre \u00e0 C\u00e9roux-Mousty. Les individus arrachaient directement les plants pour r\u00e9cup\u00e9rer les pommes de terre. Un voisin, qui passait dans la rue principale perpendiculaire au champ, a remarqu\u00e9 que les v\u00e9hicules pr\u00e9sents n\u2019appartenaient pas aux producteurs. Il a alors pr\u00e9venu le mari de Vania Roumitch, la productrice.<\/p>\n<p>Mais le temps qu\u2019il re\u00e7oive le message, se mette en route et arrive sur place, les voleurs \u00e9taient d\u00e9j\u00e0 partis. \u00ab\u00a0On ne sait pas qui c\u2019est\u00a0\u00bb, explique Vania Roumitch.<\/p>\n<p>&#13;<br \/>\n&#13;<\/p>\n<p>&#13;<br \/>\n&#13;<\/p>\n<p>    \u00c0 lire aussi<\/p>\n<p>  <img decoding=\"async\" data-copyright=\"RTL info\" class=\"r-img\"  typeof=\"foaf:Image\" src=\"https:\/\/www.europesays.com\/be-fr\/wp-content\/uploads\/2026\/09\/1788515353_119_96086632.jpeg\" alt=\"r\u00e9coltes.jpg\"\/><br \/>\n      <a href=\"https:\/\/www.rtl.be\/actu\/conso\/pommes-de-terre-tomates-plusieurs-produits-pourraient-couter-plus-cher-au\/2026-08-12\/article\/797038\" class=\"r-stories--link\" rel=\"nofollow noopener\" target=\"_blank\">Pommes de terre, tomates\u2026\u00a0: plusieurs produits pourraient co\u00fbter plus cher au supermarch\u00e9 \u00e0 cause de mauvaises r\u00e9coltes, mais \u00e0 quel point\u00a0?<\/a><\/p>\n<p>Le pr\u00e9judice est estim\u00e9 \u00e0 un peu plus de 1.000 euros. Mais pour la productrice, le dommage est aussi moral. Elle consacre du temps \u00e0 ses cultures et d\u00e9plore de voir le fruit de ce travail dispara\u00eetre\u00a0: \u00ab\u00a0C\u2019est triste, d\u00e9cevant, \u00e7a donne envie de s\u2019arr\u00eater parfois. Parce qu\u2019on consacre du temps \u00e0 \u00e7a. Pourquoi\u00a0? Pour rien en fait.\u00a0\u00bb<\/p>\n<p>Un ph\u00e9nom\u00e8ne qui ne concerne pas que les cultures<\/p>\n<p>Selon Beno\u00eet Haag, secr\u00e9taire g\u00e9n\u00e9ral de la F\u00e9d\u00e9ration wallonne de l\u2019Agriculture, le ph\u00e9nom\u00e8ne prend de l\u2019ampleur. Les vols concernent notamment les pommes de terre, les carottes et les oignons, mais aussi\u2026 le foin et le b\u00e9tail.<\/p>\n<p>Les quantit\u00e9s peuvent \u00eatre importantes et les vols ne sont pas toujours commis la nuit. Certains individus viennent avec des v\u00e9hicules pour emporter leur butin, parfois dans le but de le revendre.<\/p>\n<p>&#13;<br \/>\n&#13;<\/p>\n<p>&#13;<br \/>\n&#13;<\/p>\n<p>Des vols de b\u00e9tail ont notamment d\u00e9j\u00e0 \u00e9t\u00e9 constat\u00e9s \u00e0 proximit\u00e9 des autoroutes. \u00ab\u00a0On se gare sur la bande d\u2019arr\u00eat d\u2019urgence, on descend dans la prairie qui est \u00e0 c\u00f4t\u00e9, on vole un veau ou la viande du veau, on repart, ni vu ni connu\u00a0\u00bb, explique Beno\u00eet Haag.<\/p>\n<p>Des auteurs difficiles \u00e0 identifier<\/p>\n<p>Dans le cas de C\u00e9roux-Mousty, aucune photo ni cam\u00e9ra de surveillance ne permettaient d\u2019identifier les personnes pr\u00e9sentes dans le champ.<\/p>\n<p>Le couple n\u2019a donc pas d\u00e9pos\u00e9 plainte aupr\u00e8s de la police. Sans images ou autres \u00e9l\u00e9ments permettant d\u2019identifier les auteurs, il est en effet difficile de remonter jusqu\u2019\u00e0 eux.<\/p>\n<p>&#13;<br \/>\n&#13;<\/p>\n<p>&#13;<br \/>\n&#13;<\/p>\n<p><a class=\"r-btn r-btn--tag\" href=\"https:\/\/www.rtl.be\/446\/free-tags\/agriculture\" title=\"agriculture\" rel=\"nofollow noopener\" target=\"_blank\">agriculture<\/a><br \/>\n<a class=\"r-btn r-btn--tag\" href=\"https:\/\/www.rtl.be\/333452\/locations\/belgique\" title=\"Belgique\" rel=\"nofollow noopener\" target=\"_blank\">Belgique<\/a><br \/>\n<a class=\"r-btn r-btn--tag\" href=\"https:\/\/www.rtl.be\/336204\/locations\/ottignies-louvain-la-neuve-brabant-wallon\" title=\"Ottignies-Louvain-la-Neuve (Brabant wallon)\" rel=\"nofollow noopener\" target=\"_blank\">Ottignies-Louvain-la-Neuve (Brabant wallon)<\/a><br \/>\n<a class=\"r-btn r-btn--tag\" href=\"https:\/\/www.rtl.be\/377988\/locations\/wallonie\" title=\"Wallonie\" rel=\"nofollow noopener\" target=\"_blank\">Wallonie<\/a><\/p>\n","protected":false},"excerpt":{"rendered":"Par Ibrahim Molough Publi\u00e9 le 04 septembre \u00e0 06h40 Ajoutez-nous \u00e0 vos favoris Google Des individus ont d\u00e9rob\u00e9&hellip;\n","protected":false},"author":2,"featured_media":238861,"comment_status":"","ping_status":"","sticky":false,"template":"","format":"standard","meta":{"footnotes":"","_share_on_mastodon":"0"},"categories":[2],"tags":[2113,12,13,18,17,57532,391,74030,74033,52229,74034,74031,74032,74029],"class_list":["post-238860","post","type-post","status-publish","format-standard","has-post-thumbnail","category-belgique","tag-agriculture","tag-be","tag-be-fr","tag-belgique","tag-belgium","tag-betail","tag-brabant-wallon","tag-ceroux-mousty","tag-federation-wallonne-de-lagriculture","tag-pommes-de-terre","tag-securite-rural","tag-vania-roumitch","tag-vol-de-recolte","tag-vols-dans-les-champs"],"share_on_mastodon":{"url":"https:\/\/pubeurope.com\/@be_fr\/117212150605332447","error":""},"_links":{"self":[{"href":"https:\/\/www.europesays.com\/be-fr\/wp-json\/wp\/v2\/posts\/238860","targetHints":{"allow":["GET"]}}],"collection":[{"href":"https:\/\/www.europesays.com\/be-fr\/wp-json\/wp\/v2\/posts"}],"about":[{"href":"https:\/\/www.europesays.com\/be-fr\/wp-json\/wp\/v2\/types\/post"}],"author":[{"embeddable":true,"href":"https:\/\/www.europesays.com\/be-fr\/wp-json\/wp\/v2\/users\/2"}],"replies":[{"embeddable":true,"href":"https:\/\/www.europesays.com\/be-fr\/wp-json\/wp\/v2\/comments?post=238860"}],"version-history":[{"count":0,"href":"https:\/\/www.europesays.com\/be-fr\/wp-json\/wp\/v2\/posts\/238860\/revisions"}],"wp:featuredmedia":[{"embeddable":true,"href":"https:\/\/www.europesays.com\/be-fr\/wp-json\/wp\/v2\/media\/238861"}],"wp:attachment":[{"href":"https:\/\/www.europesays.com\/be-fr\/wp-json\/wp\/v2\/media?parent=238860"}],"wp:term":[{"taxonomy":"category","embeddable":true,"href":"https:\/\/www.europesays.com\/be-fr\/wp-json\/wp\/v2\/categories?post=238860"},{"taxonomy":"post_tag","embeddable":true,"href":"https:\/\/www.europesays.com\/be-fr\/wp-json\/wp\/v2\/tags?post=238860"}],"curies":[{"name":"wp","href":"https:\/\/api.w.org\/{rel}","templated":true}]}}