{"id":238862,"date":"2026-09-04T09:50:13","date_gmt":"2026-09-04T09:50:13","guid":{"rendered":"https:\/\/www.europesays.com\/be-fr\/238862\/"},"modified":"2026-09-04T09:50:13","modified_gmt":"2026-09-04T09:50:13","slug":"revendication-de-largentine-sur-les-malouines-dope-par-donald-trump-javier-milei-durcit-le-ton","status":"publish","type":"post","link":"https:\/\/www.europesays.com\/be-fr\/238862\/","title":{"rendered":"Revendication de l&rsquo;Argentine sur les Malouines\u00a0: dop\u00e9 par Donald Trump, Javier Milei durcit le ton"},"content":{"rendered":"<p>Le pr\u00e9sident argentin <a href=\"https:\/\/www.france24.com\/fr\/tag\/javier-milei\/\" target=\"_self\" class=\"gtm-add-suggested-tag\" rel=\"nofollow noopener\">Javier Milei<\/a>, dop\u00e9 par le soutien per\u00e7u de <a href=\"https:\/\/www.france24.com\/fr\/tag\/donald-trump\/\" target=\"_self\" class=\"gtm-add-suggested-tag\" rel=\"nofollow noopener\">Donald Trump<\/a>, a invoqu\u00e9 jeudi 3 septembre \u00ab\u00a0des vents favorables\u00a0\u00bb \u00e0 la <a href=\"https:\/\/www.france24.com\/fr\/am\u00e9riques\/20260716-mondial-2026-la-fifa-examine-l-affaire-de-la-banderole-des-joueurs-argentins-sur-les-malouines\" target=\"_self\" rel=\"nofollow noopener\">revendication historique de l&rsquo;Argentine sur les \u00eeles Malouines<\/a>, et annonc\u00e9 des sanctions durcies pour tout projet p\u00e9trolier autour de l&rsquo;archipel.<\/p>\n<p>Dans une allocution t\u00e9l\u00e9vis\u00e9e, il a annonc\u00e9 un projet de loi pour \u00ab\u00a0durcir les sanctions et les peines \u00e0 l&rsquo;encontre des entreprises li\u00e9es \u00e0 des op\u00e9rations non autoris\u00e9es\u00a0\u00bb, autour de l&rsquo;archipel de l&rsquo;Atlantique Sud, dont Buenos Aires et Londres se disputent la souverainet\u00e9.<\/p>\n<p>L&rsquo;annonce intervient quatre jours apr\u00e8s que le pr\u00e9sident am\u00e9ricain Donald Trump, son alli\u00e9 id\u00e9ologique, a dit ne pas exclure de \u00ab\u00a0revoir\u00a0\u00bb la position am\u00e9ricaine de neutralit\u00e9 concernant l&rsquo;archipel.\u00a0Elle survient aussi dans la foul\u00e9e d&rsquo;une condamnation par la chancellerie argentine d&rsquo;un projet d&rsquo;exploitation p\u00e9troli\u00e8re d&rsquo;une compagnie britannique au large de l&rsquo;archipel.<\/p>\n<p> \u00ab\u00a0La cause la plus sacr\u00e9e pour nous les Argentins\u00a0\u00bb <\/p>\n<p>Les <a href=\"https:\/\/www.france24.com\/fr\/tag\/\u00e9tats-unis\/\" target=\"_self\" class=\"gtm-add-suggested-tag\" rel=\"nofollow noopener\">\u00c9tats-Unis<\/a>, comme la plupart des pays occidentaux, reconnaissent que le <a href=\"https:\/\/www.france24.com\/fr\/tag\/royaume-uni\/\" target=\"_self\" class=\"gtm-add-suggested-tag\" rel=\"nofollow noopener\">Royaume-Uni<\/a> administre de facto ces \u00eeles, mais ne se prononcent pas sur la souverainet\u00e9 stricto sensu. Celle-ci fait l&rsquo;objet d&rsquo;une r\u00e9solution en 1965 de l&rsquo;ONU, qui reconna\u00eet l&rsquo;existence d&rsquo;un diff\u00e9rend, et enjoint les parties \u00e0 trouver une solution pacifique.\u00a0\u00ab\u00a0Je passe toujours toutes les positions en revue. C&rsquo;en est une parmi d&rsquo;autres\u00a0\u00bb, avait d\u00e9clar\u00e9 lundi le pr\u00e9sident am\u00e9ricain, interrog\u00e9 sur les Malouines, sans \u00eatre plus explicite.<\/p>\n<p class=\"a-read-more\">\u00c0 voir aussi<a href=\"https:\/\/www.france24.com\/fr\/\u00e9missions\/billet-retour\/20221202-quarante-ans-apr\u00e8s-la-guerre-des-malouines-des-cicatrices-toujours-pr\u00e9sentes\" target=\"_self\" class=\"a-read-more__link\" rel=\"nofollow noopener\">Quarante ans apr\u00e8s la guerre des Malouines, les blessures restent profondes<\/a><\/p>\n<p>Javier Milei s&rsquo;est aussit\u00f4t r\u00e9joui de la petite phrase de son homologue am\u00e9ricain, \u00e9voquant \u00ab\u00a0quelque chose de tr\u00e8s fort concernant la cause la plus importante et la plus sacr\u00e9e pour nous les Argentins\u00a0\u00bb.<\/p>\n<p>L&rsquo;archipel des Malouines, \u00e0 600 kilom\u00e8tres de la c\u00f4te patagonienne argentine, a \u00e9t\u00e9 le th\u00e9\u00e2tre d&rsquo;une br\u00e8ve guerre entre l&rsquo;<a href=\"https:\/\/www.france24.com\/fr\/tag\/argentine\/\" target=\"_self\" class=\"gtm-add-suggested-tag\" rel=\"nofollow noopener\">Argentine<\/a> et le <a href=\"https:\/\/www.france24.com\/fr\/tag\/royaume-uni\/\" target=\"_self\" class=\"gtm-add-suggested-tag\" rel=\"nofollow noopener\">Royaume-Uni<\/a> en 1982, qui a fait 649 morts argentins et 255 britanniques en 74 jours.<\/p>\n<p>Mardi, une association d&rsquo;anciens combattants des Malouines et des d\u00e9fenseurs de l&rsquo;environnement ont intent\u00e9 une action en justice pour d&#8217;emp\u00eacher un projet p\u00e9trolier port\u00e9 par l&rsquo;entreprise britannique Rockhopper et l&rsquo;isra\u00e9lienne Navitas au nord de l&rsquo;archipel.<\/p>\n<p> \u00ab\u00a0Malvinas Argentinas\u00a0\u00bb <\/p>\n<p>Les Malouines, administr\u00e9es de facto par le Royaume Uni depuis une \u00ab\u00a0occupation\u00a0\u00bb (selon le qualificatif argentin) en 1833, occupent une place centrale pour l&rsquo;identit\u00e9 argentine, \u00e0 la fois totem et ciment du pays, traversant les clivages politiques, un peu \u00e0 l&rsquo;image de la Seleccion de football.<\/p>\n<p><img fetchpriority=\"low\" decoding=\"async\" src=\"https:\/\/www.europesays.com\/be-fr\/wp-content\/uploads\/2026\/09\/934ab241ed816422a908ad2ae8debc1ad5eee735.jpg\"   alt=\"\" loading=\"lazy\" class=\"a-img \"\/><\/p>\n<p>                        \u00a9 Jewel Samad, AFP                                        <\/p>\n<p>Dans la <a href=\"https:\/\/www.france24.com\/fr\/tag\/constitution\/\" target=\"_self\" class=\"gtm-add-suggested-tag\" rel=\"nofollow noopener\">Constitution<\/a>, dans les noms de municipalit\u00e9s, dans les manuels scolaires, sur des fresques murales, des autocollants sur les bus, ou m\u00eame tatou\u00e9 sur la peau, le slogan \u00ab\u00a0Malvinas Argentinas\u00a0\u00bb est omnipr\u00e9sent.<\/p>\n<p>\u00ab\u00a0Il existe un tr\u00e8s large consensus dans la population, mais aussi les \u00e9lites politiques, sur la l\u00e9gitimit\u00e9 de la revendication de souverainet\u00e9\u00a0\u00bb, estime pour l&rsquo;AFP Tomas Mugica, politologue du Centre d\u2019\u00e9tudes internationales de l\u2019Universit\u00e9 catholique (UCA). \u00ab\u00a0En revanche, les politiques les plus appropri\u00e9es pour r\u00e9cup\u00e9rer cette souverainet\u00e9 sont sujettes \u00e0 controverse\u00a0\u00bb, ajoute-t-il.<\/p>\n<p>Conciliation, ton mod\u00e9r\u00e9 ou au contraire bombage de torse, ont \u00e9t\u00e9 alternativement utilis\u00e9s par les gouvernements argentins au fil des ans, indiff\u00e9remment de leur affiliation id\u00e9ologique.<\/p>\n<p> Une opportunit\u00e9 pour Javier Milei <\/p>\n<p>Dans l&rsquo;actuel contexte politique, les Malouines sont pour Javier Milei, \u00ab\u00a0une opportunit\u00e9 de se renforcer sur le plan int\u00e9rieur, \u00e0 un moment de relative faiblesse\u00a0\u00bb, estime Tomas Mugica. La cote de popularit\u00e9 du dirigeant est en baisse depuis 3-4 mois, sur fond d&rsquo;aust\u00e9rit\u00e9 budg\u00e9taire qui p\u00e8se sur le plus grand nombre.<\/p>\n<p><img fetchpriority=\"low\" decoding=\"async\" src=\"https:\/\/www.europesays.com\/be-fr\/wp-content\/uploads\/2026\/09\/62906e2a81c78a617c432ef42659d351073008d9.jpg\"   alt=\"Javier Milei \u00e0 Buenos Aires le 20 ao\u00fbt 2026.\" loading=\"lazy\" class=\"a-img \"\/><\/p>\n<p>                Javier Milei \u00e0 Buenos Aires le 20 ao\u00fbt 2026.        \u00a9 Juan Mabromata, AFP                                        <\/p>\n<p>\u00ab\u00a0Nous allons d\u00e9ployer tous les instruments de l\u2019\u00c9tat, diplomatiques, \u00e9conomiques, judiciaires, afin de dissuader les acteurs \u00e9tatiques et non \u00e9tatiques qui portent atteinte \u00e0 notre souverainet\u00e9\u00a0\u00bb, a d\u00e9taill\u00e9 le pr\u00e9sident argentin jeudi. Les Malouines \u00ab\u00a0sont argentines par l\u2019histoire et par le droit, il n\u2019y a aucune discussion \u00e0 ce sujet\u00a0\u00bb, a-t-il insist\u00e9, ajoutant que les quelque 3\u00a0500 habitants des Malouines, \u00ab\u00a0population implant\u00e9e sur un territoire usurp\u00e9, n\u2019ont pas un droit l\u00e9gitime \u00e0 l\u2019autod\u00e9termination\u00a0\u00bb.<\/p>\n<p>Une forme de prudence pr\u00e9vaut toutefois dans le pays quant \u00e0 la port\u00e9e potentielle d&rsquo;un changement de posture am\u00e9ricain. \u00ab\u00a0La question des Malouines sert \u00e0 Trump pour faire pression sur le Royaume-Uni pour qu\u2019il satisfasse \u00e0 ses exigences sur le financement de l\u2019Otan, et sur la collaboration dans la guerre en <a href=\"https:\/\/www.france24.com\/fr\/tag\/iran\/\" target=\"_self\" class=\"gtm-add-suggested-tag\" rel=\"nofollow noopener\">Iran<\/a>\u00ab\u00a0, analyse Tomas Mugica.\u00a0\u00ab\u00a0L&rsquo;Argentine est une pi\u00e8ce dans un jeu d&rsquo;\u00e9checs que d&rsquo;autres sont en train de jouer\u00a0\u00bb, diagnostique un autre politologue, Andres Malamud.<\/p>\n<p>Avec AFP<\/p>\n","protected":false},"excerpt":{"rendered":"Le pr\u00e9sident argentin Javier Milei, dop\u00e9 par le soutien per\u00e7u de Donald Trump, a invoqu\u00e9 jeudi 3 septembre&hellip;\n","protected":false},"author":2,"featured_media":238863,"comment_status":"","ping_status":"","sticky":false,"template":"","format":"standard","meta":{"footnotes":"","_share_on_mastodon":"0"},"categories":[8],"tags":[10,1917,17876,12,13,18,17,34,74130,7691,11,1296],"class_list":["post-238862","post","type-post","status-publish","format-standard","has-post-thumbnail","category-actualites","tag-actualites","tag-ameriques","tag-argentine","tag-be","tag-be-fr","tag-belgique","tag-belgium","tag-donald-trump","tag-iles-malouines","tag-javier-milei","tag-news","tag-royaume-uni"],"share_on_mastodon":{"url":"https:\/\/pubeurope.com\/@be_fr\/117212153637762196","error":""},"_links":{"self":[{"href":"https:\/\/www.europesays.com\/be-fr\/wp-json\/wp\/v2\/posts\/238862","targetHints":{"allow":["GET"]}}],"collection":[{"href":"https:\/\/www.europesays.com\/be-fr\/wp-json\/wp\/v2\/posts"}],"about":[{"href":"https:\/\/www.europesays.com\/be-fr\/wp-json\/wp\/v2\/types\/post"}],"author":[{"embeddable":true,"href":"https:\/\/www.europesays.com\/be-fr\/wp-json\/wp\/v2\/users\/2"}],"replies":[{"embeddable":true,"href":"https:\/\/www.europesays.com\/be-fr\/wp-json\/wp\/v2\/comments?post=238862"}],"version-history":[{"count":0,"href":"https:\/\/www.europesays.com\/be-fr\/wp-json\/wp\/v2\/posts\/238862\/revisions"}],"wp:featuredmedia":[{"embeddable":true,"href":"https:\/\/www.europesays.com\/be-fr\/wp-json\/wp\/v2\/media\/238863"}],"wp:attachment":[{"href":"https:\/\/www.europesays.com\/be-fr\/wp-json\/wp\/v2\/media?parent=238862"}],"wp:term":[{"taxonomy":"category","embeddable":true,"href":"https:\/\/www.europesays.com\/be-fr\/wp-json\/wp\/v2\/categories?post=238862"},{"taxonomy":"post_tag","embeddable":true,"href":"https:\/\/www.europesays.com\/be-fr\/wp-json\/wp\/v2\/tags?post=238862"}],"curies":[{"name":"wp","href":"https:\/\/api.w.org\/{rel}","templated":true}]}}