{"id":238884,"date":"2026-09-04T10:10:25","date_gmt":"2026-09-04T10:10:25","guid":{"rendered":"https:\/\/www.europesays.com\/be-fr\/238884\/"},"modified":"2026-09-04T10:10:25","modified_gmt":"2026-09-04T10:10:25","slug":"tiphaine-auziere-officialise-son-histoire-damour-avec-un-etudiant-de-20-ans-son-cadet","status":"publish","type":"post","link":"https:\/\/www.europesays.com\/be-fr\/238884\/","title":{"rendered":"Tiphaine Auzi\u00e8re officialise son histoire d\u2019amour avec un \u00e9tudiant de 20 ans son cadet"},"content":{"rendered":"<p>Elle a 42 ans et lui 22\u2026 Et alors\u00a0? Tiphaine Auzi\u00e8re, la <a href=\"https:\/\/www.20minutes.fr\/arts-stars\/people\/4194583-20260106-tiphaine-auziere-temoigne-impact-cyberharcelement-mere-brigitte-macron\" rel=\"nofollow noopener\" target=\"_blank\" class=\"c-link c-link--is-underlined\">fille cadette de Brigitte Macron<\/a>, assume et a d\u00e9voil\u00e9 son r\u00e9cent s\u00e9jour \u00e0 Amsterdam avec Antoine Lecomte, qui a lui aussi partag\u00e9 le m\u00eame reel relatant leur escapade sur son compte Instagram. <\/p>\n<p>La m\u00e8re de famille et le jeune Lillois, \u00e9tudiant au sein de l\u2019\u00e9cole de commerce Neoma Business School, ont pris la route \u00e0 bord d\u2019un camping-car pour aller d\u00e9couvrir ensemble la beaut\u00e9 des canaux d\u2019<a href=\"https:\/\/www.20minutes.fr\/tempo\/escapade\/4198651-20260129-faire-amsterdam-10-sites-incontournables-week-end\" rel=\"nofollow noopener\" target=\"_blank\" class=\"c-link c-link--is-underlined\">Amsterdam<\/a>, les tableaux et sculpture d\u2019art contemporain et les surprises que rec\u00e8le la cit\u00e9 hollandaise. <\/p>\n<p>\u00ab In Dam with Madam \u00bb<\/p>\n<p>Selon <a href=\"https:\/\/www.gala.fr\/politique\/brigitte-macron-sa-fille-tiphaine-officialise-avec-son-nouveau-cheri-antoine-a-amsterdam-le-couple-respire-l-amour-20260830\" rel=\"nofollow noopener\" target=\"_blank\" class=\"c-link c-link--is-underlined\">Gala<\/a>, ils ont s\u00e9journ\u00e9 au Faralda Crane Hotel, un \u00e9tablissement atypique et luxueux, o\u00f9 les clients dorment dans une ancienne grue d\u2019un chantier naval, haute de 50 m\u00e8tres.<\/p>\n<p>Tiphaine Auzi\u00e8re et Antoine Lecomte apparaissent parfois au cours de la vid\u00e9o, enlac\u00e9s et souriants. Ou encore en pleine partie de jeu du Post-it\/Qui suis-je\u00a0? Un voyage court et dans la bonne humeur pour l\u2019avocate et le jeune entrepreneur qui d\u00e9veloppe une marque de <a href=\"https:\/\/www.20minutes.fr\/societe\/4195715-20260112-vol-37-haut-profite-tempete-goretti-battre-record-monde-kitesurf\" rel=\"nofollow noopener\" target=\"_blank\" class=\"c-link c-link--is-underlined\">kitesurf<\/a> au Touquet et en Asie.<\/p>\n<p class=\"mb-xxl@xs color-ultramarine font-weight-semi-bold@xs font-source-serif-pro text-xxl@xs\">L\u2019acc\u00e8s \u00e0 ce contenu Instagram a \u00e9t\u00e9 bloqu\u00e9 afin de respecter vos choix de consentement<\/p>\n<p class=\"mb-m@xs text-l@xs\">En cliquant sur \u00ab\u00a0Accepter les cookies\u00a0\u00bb, vous consentez au d\u00e9p\u00f4t de cookies par Instagram et pourrez ainsi acc\u00e9der \u00e0 ce contenu interactif.<\/p>\n<p class=\"mb-m@xs text-l@xs\">Vous pouvez, \u00e0 tout moment, modifier vos choix cookies ou retirer votre consentement en bas de nos pages.<\/p>\n<p class=\"mb-xl@xs text-s@xs\">En savoir plus sur notre <a href=\"https:\/\/www.20minutes.fr\/gestion-cookies\" class=\"color-ultramarine\" rel=\"nofollow noopener\" target=\"_blank\">politique de cookies<\/a> et sur la <a href=\"https:\/\/privacycenter.instagram.com\/policy\" class=\"color-ultramarine\" rel=\"nofollow noopener\" target=\"_blank\">politique de confidentialit\u00e9 de ce partenaire<\/a>.<\/p>\n<p>G\u00e9rer mes pr\u00e9f\u00e9rencesJ\u2019accepte les cookies<\/p>\n<p>Antoine Lecomte a \u00e9crit en commentaire de la publication : \u00ab 48H in Dam with Madam \u00bb, et a choisi comme image d&rsquo;illustration un portrait d&rsquo;eux deux, joue contre joue.<\/p>\n<p>Le post Instagram de ces moments heureux a \u00e9videmment attir\u00e9 des commentaires plus ou moins agr\u00e9ables, qui renvoyaient parfois au couple form\u00e9 par Brigitte et <a href=\"https:\/\/www.20minutes.fr\/politique\/4223371-20260513-gifle-brigitte-macron-visage-president-scene-jalousie-actrice-entourage-dement\" rel=\"nofollow noopener\" target=\"_blank\" class=\"c-link c-link--is-underlined\">Emmanuel Macron<\/a>, lui aussi marqu\u00e9 par une certaine diff\u00e9rence d\u2019\u00e2ge. Toutefois, une grande partie des commentaires semblaient bienveillants.<\/p>\n<p><script async src=\"\/\/www.instagram.com\/embed.js\"><\/script><\/p>\n","protected":false},"excerpt":{"rendered":"Elle a 42 ans et lui 22\u2026 Et alors\u00a0? Tiphaine Auzi\u00e8re, la fille cadette de Brigitte Macron, assume&hellip;\n","protected":false},"author":2,"featured_media":238885,"comment_status":"","ping_status":"","sticky":false,"template":"","format":"standard","meta":{"footnotes":"","_share_on_mastodon":"0"},"categories":[83],"tags":[5768,12,13,18,17,27958,1083,96,2562,95,773,109,139],"class_list":["post-238884","post","type-post","status-publish","format-standard","has-post-thumbnail","category-divertissement","tag-amsterdam","tag-be","tag-be-fr","tag-belgique","tag-belgium","tag-brigitte-macron","tag-couple","tag-divertissement","tag-emmanuel-macron","tag-entertainment","tag-instagram","tag-people","tag-video"],"share_on_mastodon":{"url":"https:\/\/pubeurope.com\/@be_fr\/117212232217881867","error":""},"_links":{"self":[{"href":"https:\/\/www.europesays.com\/be-fr\/wp-json\/wp\/v2\/posts\/238884","targetHints":{"allow":["GET"]}}],"collection":[{"href":"https:\/\/www.europesays.com\/be-fr\/wp-json\/wp\/v2\/posts"}],"about":[{"href":"https:\/\/www.europesays.com\/be-fr\/wp-json\/wp\/v2\/types\/post"}],"author":[{"embeddable":true,"href":"https:\/\/www.europesays.com\/be-fr\/wp-json\/wp\/v2\/users\/2"}],"replies":[{"embeddable":true,"href":"https:\/\/www.europesays.com\/be-fr\/wp-json\/wp\/v2\/comments?post=238884"}],"version-history":[{"count":0,"href":"https:\/\/www.europesays.com\/be-fr\/wp-json\/wp\/v2\/posts\/238884\/revisions"}],"wp:featuredmedia":[{"embeddable":true,"href":"https:\/\/www.europesays.com\/be-fr\/wp-json\/wp\/v2\/media\/238885"}],"wp:attachment":[{"href":"https:\/\/www.europesays.com\/be-fr\/wp-json\/wp\/v2\/media?parent=238884"}],"wp:term":[{"taxonomy":"category","embeddable":true,"href":"https:\/\/www.europesays.com\/be-fr\/wp-json\/wp\/v2\/categories?post=238884"},{"taxonomy":"post_tag","embeddable":true,"href":"https:\/\/www.europesays.com\/be-fr\/wp-json\/wp\/v2\/tags?post=238884"}],"curies":[{"name":"wp","href":"https:\/\/api.w.org\/{rel}","templated":true}]}}