{"id":238936,"date":"2026-09-04T10:46:24","date_gmt":"2026-09-04T10:46:24","guid":{"rendered":"https:\/\/www.europesays.com\/be-fr\/238936\/"},"modified":"2026-09-04T10:46:24","modified_gmt":"2026-09-04T10:46:24","slug":"seurre-artistes-a-loeuvre-les-quais-de-saone-se-sont-animes-au-rythme-des-creations","status":"publish","type":"post","link":"https:\/\/www.europesays.com\/be-fr\/238936\/","title":{"rendered":"Seurre. Artistes \u00e0 l\u2019\u0153uvre\u00a0: les quais de Sa\u00f4ne se sont anim\u00e9s au rythme des cr\u00e9ations"},"content":{"rendered":"<p>Peintres, sculpteurs, photographes, dessinateurs, c\u00e9ramistes et plasticiens ont install\u00e9 leur univers au c\u0153ur de Seurre dimanche 30\u00a0ao\u00fbt. Les visiteurs ont pu observer les Artistes \u00e0 l\u2019\u0153uvre, \u00e9changer avec eux et d\u00e9couvrir leur d\u00e9marche.<\/p>\n<p>\u00ab\u00a0Le public ne se contente pas de regarder. Quatorze ateliers artistiques \u00e9taient propos\u00e9s aux novices\u00a0: peinture, dessin et modelage ont permis aux enfants comme aux adultes d\u2019exp\u00e9rimenter et de laisser parler leur cr\u00e9ativit\u00e9\u00a0\u00bb pr\u00e9cise Jocelyne G\u00e9rard, coorganisatrice avec son amie Carole Perrau, de la manifestation.<\/p>\n<p>Un espace game artistique pour les jeunes<\/p>\n<p>Le succ\u00e8s \u00e9tait au rendez-vous pour les activit\u00e9s r\u00e9serv\u00e9es aux enfants et adolescents. La table qui leur \u00e9tait consacr\u00e9e n\u2019a pas d\u00e9sempli de la journ\u00e9e. Les plus jeunes ont pu laisser libre cours \u00e0 leur imagination et repartir avec leur&#8230;<\/p>\n","protected":false},"excerpt":{"rendered":"Peintres, sculpteurs, photographes, dessinateurs, c\u00e9ramistes et plasticiens ont install\u00e9 leur univers au c\u0153ur de Seurre dimanche 30\u00a0ao\u00fbt. Les&hellip;\n","protected":false},"author":2,"featured_media":238937,"comment_status":"","ping_status":"","sticky":false,"template":"","format":"standard","meta":{"footnotes":"","_share_on_mastodon":"0"},"categories":[101],"tags":[126,124,125,12,13,18,17,287,127,96,16919,95,2244,288,63550,63551],"class_list":["post-238936","post","type-post","status-publish","format-standard","has-post-thumbnail","category-arts-et-design","tag-arts","tag-arts-and-design","tag-arts-et-design","tag-be","tag-be-fr","tag-belgique","tag-belgium","tag-culture-loisirs","tag-design","tag-divertissement","tag-edition-beaune-et-sa-region","tag-entertainment","tag-exposition-arts-plastiques","tag-fil-info","tag-seurre","tag-seurre-bassin"],"share_on_mastodon":{"url":"https:\/\/pubeurope.com\/@be_fr\/117212373688290252","error":""},"_links":{"self":[{"href":"https:\/\/www.europesays.com\/be-fr\/wp-json\/wp\/v2\/posts\/238936","targetHints":{"allow":["GET"]}}],"collection":[{"href":"https:\/\/www.europesays.com\/be-fr\/wp-json\/wp\/v2\/posts"}],"about":[{"href":"https:\/\/www.europesays.com\/be-fr\/wp-json\/wp\/v2\/types\/post"}],"author":[{"embeddable":true,"href":"https:\/\/www.europesays.com\/be-fr\/wp-json\/wp\/v2\/users\/2"}],"replies":[{"embeddable":true,"href":"https:\/\/www.europesays.com\/be-fr\/wp-json\/wp\/v2\/comments?post=238936"}],"version-history":[{"count":0,"href":"https:\/\/www.europesays.com\/be-fr\/wp-json\/wp\/v2\/posts\/238936\/revisions"}],"wp:featuredmedia":[{"embeddable":true,"href":"https:\/\/www.europesays.com\/be-fr\/wp-json\/wp\/v2\/media\/238937"}],"wp:attachment":[{"href":"https:\/\/www.europesays.com\/be-fr\/wp-json\/wp\/v2\/media?parent=238936"}],"wp:term":[{"taxonomy":"category","embeddable":true,"href":"https:\/\/www.europesays.com\/be-fr\/wp-json\/wp\/v2\/categories?post=238936"},{"taxonomy":"post_tag","embeddable":true,"href":"https:\/\/www.europesays.com\/be-fr\/wp-json\/wp\/v2\/tags?post=238936"}],"curies":[{"name":"wp","href":"https:\/\/api.w.org\/{rel}","templated":true}]}}