{"id":238942,"date":"2026-09-04T10:50:34","date_gmt":"2026-09-04T10:50:34","guid":{"rendered":"https:\/\/www.europesays.com\/be-fr\/238942\/"},"modified":"2026-09-04T10:50:34","modified_gmt":"2026-09-04T10:50:34","slug":"ici-tout-commence-en-avance-teyssier-decide-de-creer-une-nouvelle-epreuve-au-concours-le-resume-de-lepisode-1517-du-vendredi-4-septembre-2026","status":"publish","type":"post","link":"https:\/\/www.europesays.com\/be-fr\/238942\/","title":{"rendered":"Ici tout commence en avance : Teyssier d\u00e9cide de cr\u00e9er une nouvelle \u00e9preuve au concours&#8230; Le r\u00e9sum\u00e9 de l\u2019\u00e9pisode 1517 du vendredi 4 septembre 2026"},"content":{"rendered":"<p>Ce vendredi 4 septembre 2026, dans le 1517e \u00e9pisode de la s\u00e9rie Ici tout commence, d\u00e9j\u00e0 disponible sur la plateforme TF1+&#8230; Constance, en larmes, tente de rattraper <a href=\"https:\/\/www.programme-tv.net\/news\/series-tv\/401290-ici-tout-commence-en-avance-teyssier-est-le-pere-de-noe-le-resume-de-lepisode-1422-du-vendredi-24-avril-2026\/\" data-api-deeplink=\"teleloisirs:\/\/news\/401290\" rel=\"nofollow noopener\" target=\"_blank\">No\u00e9<\/a> dans les all\u00e9es de l\u2019Institut : \u00ab\u00a0On a \u00e9t\u00e9 en dessous de tout avec Emmanuel. <a href=\"https:\/\/www.programme-tv.net\/news\/series-tv\/407288-ici-tout-commence-en-avance-teyssier-decouvre-la-tricherie-de-constance-lionel-fait-ses-adieux-le-resume-de-lepisode-1512-du-vendredi-28-aout-2026\/\" data-api-deeplink=\"teleloisirs:\/\/news\/407288\" rel=\"nofollow noopener\" target=\"_blank\">Je n\u2019aurais jamais d\u00fb te mentir.<\/a> Je le regrette \u00e0 chaque seconde. J\u2019ai paniqu\u00e9. J\u2019avais peur que tu partes faire ton road-trip. Je voulais te garder avec nous.\u00a0\u00bb<\/p>\n<p>R\u00e9volt\u00e9 par l\u2019attitude de sa m\u00e8re, No\u00e9 la repousse avant de se retourner vers elle pour lui dire ses quatre v\u00e9rit\u00e9s : \u00ab\u00a0Tu m\u2019as manipul\u00e9 ! Tu n\u2019as pas conscience que, m\u00eame si on ne vit plus ensemble, on peut quand m\u00eame rester en contact ?! Le pire, c\u2019est que si je veux rester ici et passer le concours, c\u2019est parce que j\u2019aime la cuisine et que j\u2019ai envie de ne pas \u00eatre loin de vous !\u00a0\u00bb<\/p>\n<p>Au restaurant d\u2019application, Hector interpelle Emmanuel, remarquant qu\u2019il semble tendu : \u00ab\u00a0Vous traumatisez les candidats.\u00a0\u00bb L\u2019\u00e9poux de Constance reconna\u00eet \u00eatre anxieux, notamment apr\u00e8s sa dispute avec son fils, mais aussi parce qu\u2019il veut s\u00e9lectionner les meilleurs candidats pour l&rsquo;Institut. Il reproche alors \u00e0 Ana\u00efs et Hector de trop les dorloter, alors qu\u2019il leur demande justement de les bousculer\u2026<\/p>\n<p>Ici tout commence en avance : Teyssier d\u00e9cide de cr\u00e9er une nouvelle \u00e9preuve au concours !<\/p>\n<p>\u00c0 l\u2019heure de la derni\u00e8re \u00e9preuve, Teyssier annonce une tr\u00e8s mauvaise nouvelle aux candidats : le programme va \u00eatre chamboul\u00e9\u2026 Au sein de chaque brigade, les r\u00f4les vont changer et seront attribu\u00e9s par tirage au sort. Le verdict tombe : Aur\u00e9lien et No\u00e9 deviennent chefs, F\u00e9lix et M\u00e9l prennent le poste de sauciers, tandis que Garance et Oriane sont commis et Rym p\u00e2tissi\u00e8re.<\/p>\n<p>Pendant l\u2019\u00e9preuve, alors que le stress gagne l\u2019ensemble des pr\u00e9tendants, tous parviennent \u00e0 r\u00e9aliser de belles assiettes. Quelques instants plus tard, apr\u00e8s la d\u00e9gustation des chefs Teyssier, Jourdain et Grimbert, les r\u00e9sultats tombent : Aur\u00e9lien, F\u00e9lix, Garance et No\u00e9 sont re\u00e7us ! La c\u00e9r\u00e9monie de remise des r\u00e9sultats aura lieu le lendemain matin.<\/p>\n<p>En fin de journ\u00e9e, Emmanuel, apr\u00e8s un temps de r\u00e9flexion, convoque Hector pour lui annoncer qu\u2019il avait vu juste : \u00ab\u00a0Tous les candidats se ressemblent. Vous auriez aim\u00e9 qu\u2019on trouve des profils plus inattendus ? C\u2019est bien \u00e7a ? Je pense comme vous ! Alors, on va organiser une nouvelle \u00e9preuve pour d\u00e9nicher les perles rares. Le concours n\u2019est pas termin\u00e9 !\u00a0\u00bb Une annonce qui surprend Hector\u2026<\/p>\n<p>Ici tout commence en avance : Garance pi\u00e8ge Ferdinand gr\u00e2ce \u00e0 Billie !<\/p>\n<p>De son c\u00f4t\u00e9, Aur\u00e9lien tyrannise les candidats au concours d\u2019admission de l\u2019Institut, une attitude qui agace fortement <a href=\"https:\/\/www.programme-tv.net\/news\/series-tv\/371798-ici-tout-commence-billie-et-tom-vont-ils-se-remettre-en-couple-tom-darmon-et-margaux-aguillar-repondentet-ils-ne-sont-pas-d-accord\/\" data-api-deeplink=\"teleloisirs:\/\/news\/371798\" rel=\"nofollow noopener\" target=\"_blank\">l&rsquo;ex de Tom<\/a>. Billie n\u2019h\u00e9site pas \u00e0 le remettre s\u00e8chement \u00e0 sa place : \u00ab\u00a0Tu te prends pour qui ?! Tu redescends de trois \u00e9tages ! La prochaine fois que tu tiens des propos misogynes, je te prends la t\u00eate et je la fous dans le plat !\u00a0\u00bb L&rsquo;ami d&rsquo;enfance de Loup s&rsquo;excuse platement.<\/p>\n<p>Quelques instants plus tard, Garance retrouve Billie et la remercie d\u2019avoir pris sa d\u00e9fense : \u00ab\u00a0Dis-moi, si j\u2019ai le concours, \u00e7a te dirait d\u2019aller boire un verre ? \u00c7a me ferait trop plaisir d\u2019avoir une copine \u00e0 l\u2019Institut.\u00a0\u00bb Billie accepte et lui propose m\u00eame de payer si elle est admise \u00e0 l\u2019Institut. Garance prend alors cong\u00e9 de la jeune femme en changeant radicalement de visage\u2026<\/p>\n<p>\u00c0 la fin de la journ\u00e9e, Billie emm\u00e8ne Garance dans un coffee shop pour c\u00e9l\u00e9brer son admission \u00e0 l\u2019Institut. Elle lui pr\u00e9sente alors Ferdinand. C\u2019est alors que la jeune femme a un flash : \u00ab\u00a0Mais on se conna\u00eet, non ? Je t\u2019ai demand\u00e9 o\u00f9 \u00e9taient les vestiaires hier.\u00a0\u00bb Alors que Billie s\u2019\u00e9loigne, Garance lui rappelle qu\u2019ils \u00e9taient fianc\u00e9s et qu\u2019elle n\u2019a pas accept\u00e9 d\u2019\u00eatre \u00ab\u00a0largu\u00e9e comme une merde\u00a0\u00bb.<\/p>\n<p>            Ici tout commence en avance : Lionel ne souhaite pas quitter l&rsquo;Institut Auguste Armand\u2026<\/p>\n<p>Fleur, Lionel et Tom s\u2019amusent \u00e0 jouer au kendama lorsqu\u2019ils sont interrompus par l\u2019arriv\u00e9e de Zo\u00e9. L&rsquo;\u00e9tudiante est venue r\u00e9primander son fr\u00e8re : \u00ab\u00a0C\u2019est comme \u00e7a que tu envoies tes candidatures ?\u00a0\u00bb L&rsquo;ex-compagnon de Kelly s\u2019excuse et promet de s\u2019y mettre d\u00e8s qu\u2019il sera rentr\u00e9 chez lui. Fleur et Tom s\u2019appr\u00eatent alors \u00e0 partir, mais Zo\u00e9 leur ordonne de rester sur place !<\/p>\n<p><a href=\"https:\/\/www.programme-tv.net\/news\/series-tv\/397306-ici-tout-commence-en-avance-zoe-pousse-ines-dans-les-escaliers-ninon-songe-a-partir-a-bordeaux-le-resume-de-lepisode-1369-du-mardi-10-fevrier-2026\/\" data-api-deeplink=\"teleloisirs:\/\/news\/397306\" rel=\"nofollow noopener\" target=\"_blank\">L\u2019ex-agresseuse d\u2019In\u00e8s<\/a> demande \u00e0 Fleur pourquoi elle n\u2019a pas aid\u00e9 Lionel \u00e0 faire ses CV. Cette derni\u00e8re lui explique qu\u2019il n\u2019y a finalement pas \u00e9norm\u00e9ment de travail et qu\u2019elle ne souhaite surtout pas le voir partir. D\u2019autant que Lionel lui a confi\u00e9 envisager de partir \u00e0 Saint-Denis de La R\u00e9union, voire au Japon. Zo\u00e9 et Fleur prennent alors conscience qu\u2019elles risquent bel et bien de le perdre\u2026<\/p>\n<p>Fleur d\u00e9barque chez Lionel pour lui annoncer qu\u2019elle a d\u00e9cid\u00e9 d\u2019arr\u00eater de saboter sa recherche d\u2019emploi, m\u00eame si elle n\u2019a toujours pas envie de le voir partir. Le jeune homme lui avoue alors qu\u2019il ne souhaite pas partir non plus. Rassur\u00e9s, les deux amoureux s\u2019embrassent avant de travailler sur le CV du jeune chef\u2026 Car celui qu\u2019il utilise actuellement est particuli\u00e8rement laid !<\/p>\n","protected":false},"excerpt":{"rendered":"Ce vendredi 4 septembre 2026, dans le 1517e \u00e9pisode de la s\u00e9rie Ici tout commence, d\u00e9j\u00e0 disponible sur&hellip;\n","protected":false},"author":2,"featured_media":238943,"comment_status":"","ping_status":"","sticky":false,"template":"","format":"standard","meta":{"footnotes":"","_share_on_mastodon":"0"},"categories":[83],"tags":[12,13,18,17,118,8724,96,95,8185,1448,8028,380,19081,8029,1470],"class_list":["post-238942","post","type-post","status-publish","format-standard","has-post-thumbnail","category-divertissement","tag-be","tag-be-fr","tag-belgique","tag-belgium","tag-commentaire","tag-demain-nous-appartient","tag-divertissement","tag-entertainment","tag-ici-tout-commence","tag-mytf1-max","tag-syndication","tag-tf1","tag-tl","tag-tm","tag-un-si-grand-soleil"],"share_on_mastodon":{"url":"https:\/\/pubeurope.com\/@be_fr\/117212389388398534","error":""},"_links":{"self":[{"href":"https:\/\/www.europesays.com\/be-fr\/wp-json\/wp\/v2\/posts\/238942","targetHints":{"allow":["GET"]}}],"collection":[{"href":"https:\/\/www.europesays.com\/be-fr\/wp-json\/wp\/v2\/posts"}],"about":[{"href":"https:\/\/www.europesays.com\/be-fr\/wp-json\/wp\/v2\/types\/post"}],"author":[{"embeddable":true,"href":"https:\/\/www.europesays.com\/be-fr\/wp-json\/wp\/v2\/users\/2"}],"replies":[{"embeddable":true,"href":"https:\/\/www.europesays.com\/be-fr\/wp-json\/wp\/v2\/comments?post=238942"}],"version-history":[{"count":0,"href":"https:\/\/www.europesays.com\/be-fr\/wp-json\/wp\/v2\/posts\/238942\/revisions"}],"wp:featuredmedia":[{"embeddable":true,"href":"https:\/\/www.europesays.com\/be-fr\/wp-json\/wp\/v2\/media\/238943"}],"wp:attachment":[{"href":"https:\/\/www.europesays.com\/be-fr\/wp-json\/wp\/v2\/media?parent=238942"}],"wp:term":[{"taxonomy":"category","embeddable":true,"href":"https:\/\/www.europesays.com\/be-fr\/wp-json\/wp\/v2\/categories?post=238942"},{"taxonomy":"post_tag","embeddable":true,"href":"https:\/\/www.europesays.com\/be-fr\/wp-json\/wp\/v2\/tags?post=238942"}],"curies":[{"name":"wp","href":"https:\/\/api.w.org\/{rel}","templated":true}]}}