{"id":238944,"date":"2026-09-04T10:52:10","date_gmt":"2026-09-04T10:52:10","guid":{"rendered":"https:\/\/www.europesays.com\/be-fr\/238944\/"},"modified":"2026-09-04T10:52:10","modified_gmt":"2026-09-04T10:52:10","slug":"le-feuilleton-fofana-symbole-du-grand-nimporte-quoi-du-mercato-mercato","status":"publish","type":"post","link":"https:\/\/www.europesays.com\/be-fr\/238944\/","title":{"rendered":"Le feuilleton Fofana, symbole du grand n\u2019importe quoi du mercato &#8211; Mercato"},"content":{"rendered":"<p>Dans le capitalisme si particulier du football, l\u2019impression que les clubs anglais auraient besoin de 50 joueurs par \u00e9quipe n\u2019a jamais paru aussi forte. Des transferts de <a target=\"_blank\" href=\"https:\/\/www.sofoot.com\/breves\/mercato-christos-tzolis-quitte-le-club-bruges-et-sengage-avec-arsenal\" rel=\"nofollow noopener\">Christos Tz\u00f3lis<\/a> \u00e0 <a target=\"_blank\" href=\"https:\/\/www.sofoot.com\/breves\/premier-league-mamadou-sangare-quitte-lens-pour-rejoindre-brentford-pour-plus-de-45-millions-deuros\" rel=\"nofollow noopener\">Mamadou Sangar\u00e9<\/a> en passant par ceux de <a target=\"_blank\" href=\"https:\/\/www.sofoot.com\/breves\/joao-gomes-cadre-de-wolverhampton-rejoint-officiellement-aston-villa\" rel=\"nofollow noopener\">Jo\u00e3o Gomes<\/a> et d\u2019<a target=\"_blank\" href=\"https:\/\/www.sofoot.com\/breves\/joao-gomes-cadre-de-wolverhampton-rejoint-officiellement-aston-villa\" rel=\"nofollow noopener\">Ibrahim Mbaye<\/a>, l\u2019Angleterre a <a target=\"_blank\" href=\"https:\/\/www.sofoot.com\/articles\/mercato-la-premier-league-et-le-reste-du-monde\" rel=\"nofollow noopener\">encore<\/a> affol\u00e9 les compteurs, achetant sans compter des promesses, des champions et des valeurs s\u00fbres. Tous ont co\u00fbt\u00e9 au minimum 40 millions d\u2019euros. La tendance s\u2019est acc\u00e9l\u00e9r\u00e9e lors de l\u2019interminable <a target=\"_blank\" href=\"https:\/\/www.sofoot.com\/articles\/psg-om-benzema-suivez-en-direct-le-dernier-jour-interminable-du-mercato-dete-de-foot\" rel=\"nofollow noopener\">mardi 1er septembre<\/a>, avec la cession de <a target=\"_blank\" href=\"https:\/\/www.sofoot.com\/breves\/mercato-quinten-timber-rejoint-officiellement-crystal-palace\" rel=\"nofollow noopener\">Quinten Timber pour 20 millions<\/a>, les faux d\u00e9parts de <a target=\"_blank\" href=\"https:\/\/www.sofoot.com\/breves\/lattaquant-americain-de-las-monaco-folarin-balogun-nira-finalement-pas-a-everton-et-le-milieu-senegalais-lamine-camara-pas-a-chelsea\" rel=\"nofollow noopener\">Lamine Camara et de Folarin Balogun<\/a>, et le ballottage, au sens propre, m\u00eame si un peu sale, de Malick Fofana. Son d\u00e9part de l\u2019OL, qui a impliqu\u00e9 au moins trois clubs anglais, a \u00e9t\u00e9 <a target=\"_blank\" href=\"https:\/\/www.sofoot.com\/breves\/mercato-ballotte-entre-plusieurs-clubs-lailier-belge-de-lol-malick-fofana-officiellement-transfere-a-sunderland\" rel=\"nofollow noopener\">officialis\u00e9 au milieu de la nuit<\/a>. Il repr\u00e9sente l\u2019aboutissement du deadline day, n\u00e9ologisme aussi fort que faux : l\u2019\u00e9t\u00e9 prochain sera encore plus d\u00e9pensier que celui-ci, et personne ne meurt vraiment. Enfin, si : encore un peu plus l\u2019amour du foot.<\/p>\n<p>Tout sonne Fofana<\/p>\n<p>En une journ\u00e9e, Malick Fofana aura donc \u00e9t\u00e9 envoy\u00e9 \u00e0 Arsenal, sans r\u00e9el int\u00e9r\u00eat, Rome, sans offre concr\u00e8te, <a target=\"_blank\" href=\"https:\/\/www.sofoot.com\/breves\/mercato-malick-fofana-pourrait-finalement-signer-a-crystal-palace\" rel=\"nofollow noopener\">Crystal Palace<\/a> et <a target=\"_blank\" href=\"https:\/\/www.sofoot.com\/breves\/mercato-annonce-a-arsenal-malick-fofana-devrait-finalement-quitter-lol-pour-sunderland\" rel=\"nofollow noopener\">Sunderland<\/a>. Le nord de l\u2019Angleterre fut sa destination finale, avec quelques cernes au matin. L\u2019OL, en gal\u00e8re financi\u00e8re, est ravi. <a target=\"_blank\" href=\"https:\/\/www.lequipe.fr\/Football\/Article\/Mercato-la-folle-soiree-de-l-ailier-de-l-ol-malick-fofana-finalement-transfere-a-sunderland-plutot-qu-a-crystal-palace\/1715357\" rel=\"nofollow noopener\">L\u2019\u00c9quipe<\/a> rapporte que le joueur a fait ses valises avec un sac-poubelle, et qu\u2019il a pass\u00e9 sa visite m\u00e9dicale\u2026 sans savoir o\u00f9 il allait. Pendant que des m\u00e9decins v\u00e9rifiaient l\u2019\u00e9tat de sa cheville, ses agents n\u00e9gociaient quelques z\u00e9ros en plus sur leurs RIB. C\u2019est dans le mot : un agent d\u00e9signe celui qui agit, exerce une influence sur un autre \u00eatre. \u00ab\u202fIl ne ma\u00eetrise pas grand-chose\u202f\u00bb, a avou\u00e9 au canard un proche du joueur. Rien \u00e0 ajouter, donc.<\/p>\n<p><a target=\"_blank\" href=\"https:\/\/t.co\/Pn6BXavuRr\" data-type=\"embed\" data-code=\"PGJsb2NrcXVvdGUgY2xhc3M9InR3aXR0ZXItdHdlZXQiIGRhdGEtbWVkaWEtbWF4LXdpZHRoPSI1NjAiPjxwIGxhbmc9InB0IiBkaXI9Imx0ciI+KDEpIE5ldyBtZXNzYWdlOiBNYWxpY2sgRm9mYW5hIPCfk6nwn5SlIDxhIGhyZWY9Imh0dHBzOi8vdC5jby9QbjZCWGF2dVJyIj5waWMudHdpdHRlci5jb20vUG42QlhhdnVScjwvYT48L3A+Jm1kYXNoOyBTdW5kZXJsYW5kIEFGQyAoQFN1bmRlcmxhbmRBRkMpIDxhIGhyZWY9Imh0dHBzOi8veC5jb20vU3VuZGVybGFuZEFGQy9zdGF0dXMvMjA5NTA3MjUyODA4MzM2NjAxMz9yZWZfc3JjPXR3c3JjJTVFdGZ3Ij5TZXB0ZW1iZXIgMiwgMjAyNjwvYT48L2Jsb2NrcXVvdGU+IDxzY3JpcHQgYXN5bmMgc3JjPSJodHRwczovL3BsYXRmb3JtLnguY29tL3dpZGdldHMuanMiIGNoYXJzZXQ9InV0Zi04Ij48L3NjcmlwdD4=\" rel=\"nofollow\">Embed t.co<\/a><\/p>\n<p>Personne ne demande \u00e0 Malick Fofana de savoir placer Sunderland, Leeds ou toutes les villes pluvieuses du Royaume sur une carte. Mais demander \u00e0 ses repr\u00e9sentants un peu de respect semble d\u00e9sormais d\u2019un autre temps. L\u2019histoire ne concerne pas seulement Malick Fofana, un joueur qui n\u2019aura finalement accompli que six bons mois \u00e0 Lyon, et qui aurait continu\u00e9 de gaver ses agents en conservant son niveau actuel. Strasbourg, <a target=\"_blank\" href=\"https:\/\/www.sofoot.com\/breves\/avec-les-arrivees-du-milieu-dario-essugo-et-de-lattaquant-deivid-washington-strasbourg-recrute-encore-a-chelsea\" rel=\"nofollow noopener\">le dernier jour du mercato<\/a>, a accueilli deux joueurs de Chelsea, au bout d\u2019un \u00e9t\u00e9 o\u00f9 il en aura laiss\u00e9 partir cinq \u00e0 sa maison m\u00e8re. Zion Suzuki, lui, a <a target=\"_blank\" href=\"https:\/\/www.sofoot.com\/breves\/pourquoi-le-psg-a-fait-machine-arriere-pour-zion-suzuki\" rel=\"nofollow noopener\">termin\u00e9 \u00e0 Aston Villa,<\/a> et pas au PSG.<\/p>\n<p>J\u2019ai d\u00e9cid\u00e9 que plus jamais personne ne d\u00e9ciderait de mon avenir \u00e0 ma place<\/p>\n<p>Richarlison<\/p>\n<p>Pendant ce temps-l\u00e0, Richarlison <a target=\"_blank\" href=\"https:\/\/twitter.com\/BBCMOTD\/status\/2094514862684856818?s=20\" rel=\"nofollow noopener\">publiait<\/a> une longue story pour protester contre Tottenham, son club, qui voulait l\u2019envoyer \u00e0 Everton. \u00ab\u00a0Apr\u00e8s tout ce que j\u2019ai endur\u00e9, j\u2019ai d\u00e9cid\u00e9 que plus jamais personne ne d\u00e9ciderait de mon avenir \u00e0 ma place. J\u2019ai travers\u00e9 beaucoup d\u2019\u00e9preuves ces derniers temps, et presque toutes \u00e9taient dues \u00e0 des d\u00e9cisions qui n\u2019\u00e9taient pas les miennes. Pressions, menaces, repr\u00e9sailles : je n\u2019ai plus peur de rien. Croyez-moi, j\u2019ai connu pire.\u202f\u202f\u00bb La question n\u2019est pas de savoir ce que repr\u00e9sente Sunderland pour Malick Fofana, Leipzig pour <a target=\"_blank\" href=\"https:\/\/www.sofoot.com\/breves\/yan-diomande-devient-lafricain-le-plus-cher-de-lhistoire-en-signant-au-real-madrid\" rel=\"nofollow noopener\">Yan Diomand\u00e9<\/a> (et d\u2019autres) ou Coventry <a target=\"_blank\" href=\"https:\/\/www.sofoot.com\/breves\/mercato-lancien-angevin-sidiki-cherif-quitte-deja-fenerbahce-pour-la-premier-league\" rel=\"nofollow noopener\">pour Sidiki Ch\u00e9rif<\/a>, mais de craindre que le joueur ne soit m\u00eame plus souverain de sa propre vie. La notion d\u2019amour du maillot \u00e9tait d\u00e9j\u00e0 caduque, celle de bien-\u00eatre s\u2019envole d\u00e9sormais.<\/p>\n<p>Comme souvent, la parole de la raison vient des supporters. D\u00e9j\u00e0 habitu\u00e9s \u00e0 la d\u00e9raison de leur club, ceux d\u2019Everton, qui peuvent \u00eatre contents d\u2019avoir <a target=\"_blank\" href=\"https:\/\/www.sofoot.com\/breves\/mercato-manchester-city-et-everton-en-discussions-pour-un-nouveau-pret-de-jack-grealish\" rel=\"nofollow noopener\">encore r\u00e9cup\u00e9r\u00e9 Jack Grealish<\/a>, ont publi\u00e9 un communiqu\u00e9 <a target=\"_blank\" href=\"https:\/\/twitter.com\/EFC_FansForum\/status\/2095059188225339510\/photo\/1\" rel=\"nofollow noopener\">matinal<\/a>, dans lequel ils restent dubitatifs sur \u00ab\u202fl\u2019agenda, les recrutements et les prises de d\u00e9cisions\u202f\u00bb de leur club. Ils poursuivent : \u00ab\u202fOn nous a racont\u00e9 qu\u2019il y avait une strat\u00e9gie claire.\u202fOn nous a racont\u00e9 que les processus de recrutement avaient chang\u00e9 et que les erreurs du pass\u00e9 avaient \u00e9t\u00e9 apprises. Pourtant, une fois de plus, le club s\u2019est lui-m\u00eame m\u00e9lang\u00e9 dans les derniers jours et heures du mercato.\u202f\u00bb<\/p>\n<p>Leurs inqui\u00e9tudes doivent \u00eatre partag\u00e9es, car aucun supporter n\u2019est fan de son club parce qu\u2019il a bien vendu un joueur. Dans cette grosse fuite en avant, les d\u00e9penses des gros clubs ne sont que les sympt\u00f4mes d\u2019une \u00e9conomie d\u00e9r\u00e9gul\u00e9e mais qui fonctionne \u00e0 merveille : les grosses maisons voient leurs recettes cro\u00eetre, et le football poursuit sa course \u00e0 deux vitesses. La solidarit\u00e9, elle, a disparu.<\/p>\n<p>\t\t\t\t\t\t\t\t\t\t<a class=\"lien-connexe\" href=\"https:\/\/www.sofoot.com\/breves\/mercato-ballotte-entre-plusieurs-clubs-lailier-belge-de-lol-malick-fofana-officiellement-transfere-a-sunderland\" rel=\"nofollow noopener\" target=\"_blank\">Malick Fofana a trouv\u00e9 sa destination au milieu de la nuit<\/a>\t\t\t\t\t <\/p>\n<p>\t\t\t\t\t\t\tCommentaires<br \/>\n\t\t\t\t\t\t\t\tLes membres ont post\u00e9<br \/>\n\t\t\t\t\t\t\t\t50 commentaires<br \/>\n\t\t\t\t\t\t\t\tsur cet article.<br \/>\n\t\t\t\t\t\t\t\tParticipez \u00e0 la discussion<br \/>\n\t\t\t\t\t\t\t\t\t<a href=\"http:\/\/www.sofoot.com\/compte?back=https:\/\/www.sofoot.com\/articles\/le-transfert-de-malick-fofana-a-sunderland-symbole-du-grand-nimporte-quoi-du-mercato-dete-2026\" rel=\"nofollow noopener\" target=\"_blank\"><br \/>\n\t\t\t\t\t\t\t\t\t\ten vous connectant<br \/>\n\t\t\t\t\t\t\t\t\t<\/a>.<\/p>\n<p>\t\t\t\t\t\t\t\tVoir les<br \/>\n\t\t\t\t\t\t\t\t\t\t\t\t\t\t\t\t\t50<br \/>\n\t\t\t\t\t\t\t\t\t\t\t\t\t\t\t\tcommentaires<\/p>\n<p>\t\t\t\t\t<script async src=\"https:\/\/platform.twitter.com\/widgets.js\" charset=\"utf-8\"><\/script><\/p>\n","protected":false},"excerpt":{"rendered":"Dans le capitalisme si particulier du football, l\u2019impression que les clubs anglais auraient besoin de 50 joueurs par&hellip;\n","protected":false},"author":2,"featured_media":238945,"comment_status":"","ping_status":"","sticky":false,"template":"","format":"standard","meta":{"footnotes":"","_share_on_mastodon":"0"},"categories":[81],"tags":[449,547,12,13,18,17,554,550,549,482,553,551,548,555,552,84],"class_list":["post-238944","post","type-post","status-publish","format-standard","has-post-thumbnail","category-sports","tag-actualite","tag-actus-football","tag-be","tag-be-fr","tag-belgique","tag-belgium","tag-bundesliga","tag-championnats-europeens","tag-equipe-de-france","tag-football","tag-ligua","tag-ligue-1","tag-news-foot","tag-premier-league","tag-serie-a","tag-sports"],"share_on_mastodon":{"url":"https:\/\/pubeurope.com\/@be_fr\/117212397303382701","error":""},"_links":{"self":[{"href":"https:\/\/www.europesays.com\/be-fr\/wp-json\/wp\/v2\/posts\/238944","targetHints":{"allow":["GET"]}}],"collection":[{"href":"https:\/\/www.europesays.com\/be-fr\/wp-json\/wp\/v2\/posts"}],"about":[{"href":"https:\/\/www.europesays.com\/be-fr\/wp-json\/wp\/v2\/types\/post"}],"author":[{"embeddable":true,"href":"https:\/\/www.europesays.com\/be-fr\/wp-json\/wp\/v2\/users\/2"}],"replies":[{"embeddable":true,"href":"https:\/\/www.europesays.com\/be-fr\/wp-json\/wp\/v2\/comments?post=238944"}],"version-history":[{"count":0,"href":"https:\/\/www.europesays.com\/be-fr\/wp-json\/wp\/v2\/posts\/238944\/revisions"}],"wp:featuredmedia":[{"embeddable":true,"href":"https:\/\/www.europesays.com\/be-fr\/wp-json\/wp\/v2\/media\/238945"}],"wp:attachment":[{"href":"https:\/\/www.europesays.com\/be-fr\/wp-json\/wp\/v2\/media?parent=238944"}],"wp:term":[{"taxonomy":"category","embeddable":true,"href":"https:\/\/www.europesays.com\/be-fr\/wp-json\/wp\/v2\/categories?post=238944"},{"taxonomy":"post_tag","embeddable":true,"href":"https:\/\/www.europesays.com\/be-fr\/wp-json\/wp\/v2\/tags?post=238944"}],"curies":[{"name":"wp","href":"https:\/\/api.w.org\/{rel}","templated":true}]}}