{"id":238996,"date":"2026-09-04T11:29:25","date_gmt":"2026-09-04T11:29:25","guid":{"rendered":"https:\/\/www.europesays.com\/be-fr\/238996\/"},"modified":"2026-09-04T11:29:25","modified_gmt":"2026-09-04T11:29:25","slug":"ce-dispostif-de-securite-tres-pousse-mis-en-place-pour-la-rentree-universitaire-de-la-princesse-leonor-despagne","status":"publish","type":"post","link":"https:\/\/www.europesays.com\/be-fr\/238996\/","title":{"rendered":"Ce dispostif de s\u00e9curit\u00e9 tr\u00e8s pouss\u00e9 mis en place pour la rentr\u00e9e universitaire de la princesse Leonor d&rsquo;Espagne"},"content":{"rendered":"<p class=\"ap-StoryElement ap-StoryElement--mb ap-StoryText\">Le 7 septembre prochain, Leonor d&rsquo;Espagne fera donc sa rentr\u00e9e sur le sol de cette universit\u00e9 que son propre p\u00e8re a \u00e9galement foul\u00e9 il y a trente ans. Avant de passer son temps entre les amphith\u00e9\u00e2tres et la biblioth\u00e8que, l&rsquo;h\u00e9riti\u00e8re aura droit, comme tous les \u00e9tudiants, \u00e0 une journ\u00e9e d&rsquo;int\u00e9gration. Selon les informations du quotidien espagnol \u00ab\u00a0Hola !\u00a0\u00bb, elle vivra d&rsquo;abord une journ\u00e9e ordinaire, durant laquelle elle suivra son premier cours d&rsquo;introduction et effectuera les d\u00e9marches administratives li\u00e9es \u00e0 son arriv\u00e9e. Le lendemain, ce sera bien plus fun.<\/p>\n<p><a href=\"https:\/\/www.parismatch.be\/actualites\/people\/2026\/09\/01\/sofia-despagne-a-fait-une-demande-tres-precise-pour-sa-rentree-scolaire-a-paris-on-ne-sest-rendu-compte-de-rien-VBAYZQCSGJAOXPWJNHH7H7WHLM\/\" target=\"_self\" class=\"ap-StoryInterstitialLink ap-StoryElement ap-StoryElement--mb\" rel=\"nofollow noopener\">Sofia d&rsquo;Espagne a fait une demande tr\u00e8s pr\u00e9cise pour sa rentr\u00e9e scolaire \u00e0 Paris : \u00ab\u00a0On ne s&rsquo;est rendu compte de rien\u00a0\u00bb<\/a><\/p>\n<p class=\"ap-StoryElement ap-StoryElement--mb ap-StoryText\">La matin\u00e9e du 8 septembre d\u00e9butera par un jeu consacr\u00e9 au bien-\u00eatre \u00e9motionnel, ainsi qu&rsquo;un atelier d\u00e9di\u00e9 \u00e0 la d\u00e9tection des \u00ab\u00a0signaux d&rsquo;alerte\u00a0\u00bb. Par la suite, les activit\u00e9s se succ\u00e9deront : tests de cooxym\u00e9trie, d\u00e9couverte des plantes potag\u00e8res, conf\u00e9rences consacr\u00e9es au programme d&rsquo;\u00e9changes Erasmus, visites des biblioth\u00e8ques, atelier de fabrication de marque-pages, parties d&rsquo;\u00e9checs, jeu autour de la langue des signes, gymkhana sportive, mais aussi une s\u00e9rie de concerts. Pour la convivialit\u00e9, des pizzas margaritas seront servies d\u00e8s 13 heures ! Cette journ\u00e9e d&rsquo;int\u00e9gration a \u00e9t\u00e9 pens\u00e9e pour permettre aux \u00e9tudiants de cr\u00e9er du lien entre eux. Et pour les y aider ou rassurer certains, des \u00e9tudiants plus \u00e2g\u00e9s seront pr\u00e9sents sur des stands afin de les orienter et de les conseiller. L&rsquo;apr\u00e8s-midi, des activit\u00e9s sportives et culturelles sont \u00e9galement au programme. Une journ\u00e9e ordinaire pour une \u00e9tudiante qui, elle, est loin de l&rsquo;\u00eatre !<\/p>\n<p><a href=\"https:\/\/www.parismatch.be\/actualites\/people\/2026\/09\/04\/lemotion-de-celine-dion-au-moment-devoquer-la-belgique-avec-ses-fans-devant-son-hotel-parisien-ca-me-rappelle-des-souvenirs-video-BG6CICGZSREOZO54KGHH4UMU5I\/\" target=\"_self\" class=\"ap-StoryInterstitialLink ap-StoryElement ap-StoryElement--mb\" rel=\"nofollow noopener\">C\u00e9line Dion \u00e9voque la Belgique et ne parvient pas \u00e0 cacher son \u00e9motion: \u00ab\u00a0Il est parmi les \u00e9toiles maintenant\u00a0\u00bb (vid\u00e9o)<\/a>Le dispositif de s\u00e9curit\u00e9 de haut vol mis en place pour Leonor d&rsquo;Espagne<\/p>\n<p class=\"ap-StoryElement ap-StoryElement--mb ap-StoryText\">Cela fait des mois que les moindres recoins du campus de l&rsquo;universit\u00e9 Carlos III de Madrid sont scrut\u00e9s dans les moindres d\u00e9tails. Le service de s\u00e9curit\u00e9 de la famille royale espagnole a inspect\u00e9 l&rsquo;\u00e9tablissement afin d&rsquo;en analyser les faiblesses, mais aussi d&rsquo;\u00e9laborer des plans de repli en cas d&rsquo;urgence. Malgr\u00e9 le dispositif exceptionnel mis en place, les officiers ont imagin\u00e9 des stratag\u00e8mes afin que la princesse Leonor puisse se sentir aussi \u00ab\u00a0normale\u00a0\u00bb que possible. D&rsquo;apr\u00e8s les informations du m\u00e9dia espagnol \u00ab\u00a0El Economista\u00a0\u00bb, Leonor d&rsquo;Espagne pourra ainsi se \u00ab\u00a0d\u00e9placer dans ces lieux comme n&rsquo;importe quelle autre \u00e9tudiante\u00a0\u00bb.<\/p>\n<p><a href=\"https:\/\/www.parismatch.be\/actualites\/people\/2026\/08\/08\/leonor-despagne-cible-dun-harceleur-pendant-la-coupe-du-monde-je-vais-lepouser-7RLSRPCXUVGYHGKBPZAPTUKNS4\/\" target=\"_self\" class=\"ap-StoryInterstitialLink ap-StoryElement ap-StoryElement--mb\" rel=\"nofollow noopener\">Leonor d&rsquo;Espagne cible d&rsquo;un harceleur pendant la Coupe du monde : \u00ab\u00a0Je vais l&rsquo;\u00e9pouser\u00a0\u00bb<\/a><\/p>\n","protected":false},"excerpt":{"rendered":"Le 7 septembre prochain, Leonor d&rsquo;Espagne fera donc sa rentr\u00e9e sur le sol de cette universit\u00e9 que son&hellip;\n","protected":false},"author":2,"featured_media":238997,"comment_status":"","ping_status":"","sticky":false,"template":"","format":"standard","meta":{"footnotes":"","_share_on_mastodon":"0"},"categories":[83],"tags":[961,12,13,18,17,38,16254,198,6190,17941,96,95,1967,1424,3031,964,967,17942,968,1429,1430,4490,4628,20023,4900,2266,1439],"class_list":["post-238996","post","type-post","status-publish","format-standard","has-post-thumbnail","category-divertissement","tag-adult","tag-be","tag-be-fr","tag-belgique","tag-belgium","tag-business","tag-businesswoman","tag-communication","tag-corporate-business","tag-coworker","tag-divertissement","tag-entertainment","tag-female","tag-formal-wear","tag-group-of-people","tag-indoors","tag-mature-adult","tag-meeting","tag-men","tag-occupation","tag-person","tag-royals","tag-standing","tag-three-quarter-length","tag-togetherness","tag-women","tag-young-adult"],"share_on_mastodon":{"url":"https:\/\/pubeurope.com\/@be_fr\/117212543173482175","error":""},"_links":{"self":[{"href":"https:\/\/www.europesays.com\/be-fr\/wp-json\/wp\/v2\/posts\/238996","targetHints":{"allow":["GET"]}}],"collection":[{"href":"https:\/\/www.europesays.com\/be-fr\/wp-json\/wp\/v2\/posts"}],"about":[{"href":"https:\/\/www.europesays.com\/be-fr\/wp-json\/wp\/v2\/types\/post"}],"author":[{"embeddable":true,"href":"https:\/\/www.europesays.com\/be-fr\/wp-json\/wp\/v2\/users\/2"}],"replies":[{"embeddable":true,"href":"https:\/\/www.europesays.com\/be-fr\/wp-json\/wp\/v2\/comments?post=238996"}],"version-history":[{"count":0,"href":"https:\/\/www.europesays.com\/be-fr\/wp-json\/wp\/v2\/posts\/238996\/revisions"}],"wp:featuredmedia":[{"embeddable":true,"href":"https:\/\/www.europesays.com\/be-fr\/wp-json\/wp\/v2\/media\/238997"}],"wp:attachment":[{"href":"https:\/\/www.europesays.com\/be-fr\/wp-json\/wp\/v2\/media?parent=238996"}],"wp:term":[{"taxonomy":"category","embeddable":true,"href":"https:\/\/www.europesays.com\/be-fr\/wp-json\/wp\/v2\/categories?post=238996"},{"taxonomy":"post_tag","embeddable":true,"href":"https:\/\/www.europesays.com\/be-fr\/wp-json\/wp\/v2\/tags?post=238996"}],"curies":[{"name":"wp","href":"https:\/\/api.w.org\/{rel}","templated":true}]}}