{"id":239048,"date":"2026-09-04T12:17:19","date_gmt":"2026-09-04T12:17:19","guid":{"rendered":"https:\/\/www.europesays.com\/be-fr\/239048\/"},"modified":"2026-09-04T12:17:19","modified_gmt":"2026-09-04T12:17:19","slug":"motard-tue-et-enfants-blesses-dans-un-accident-sur-la-n60-ce-mercredi-2-septembre-a-leuze-en-hainaut-le-deroule-des-faits-precise-par-le-parquet","status":"publish","type":"post","link":"https:\/\/www.europesays.com\/be-fr\/239048\/","title":{"rendered":"Motard tu\u00e9 et enfants bless\u00e9s dans un accident sur la N60 ce mercredi 2 septembre, \u00e0 Leuze-en-Hainaut: le d\u00e9roul\u00e9 des faits, pr\u00e9cis\u00e9 par le parquet"},"content":{"rendered":"<p class=\"ap-StoryElement ap-StoryElement--mb ap-StoryText\">Le parquet de Tournai-Mons a communiqu\u00e9 ce jeudi sur les circonstances de l&rsquo;accident mortel survenu ce mercredi apr\u00e8s-midi, avenue des Flandres, \u00e0 Leuze-en-Hainaut, non loin du rond-point dit du \u00ab\u00a0Cornet de frites\u00a0\u00bb.<\/p>\n<p class=\"ap-StoryElement ap-StoryElement--mb ap-StoryText\">\u00ab\u00a0Une voiture a ralenti car il y avait un tracteur devant elle. Elle \u00e9tait suivie d&rsquo;une moto. Un camion est arriv\u00e9 derri\u00e8re et a projet\u00e9 le motard.<\/p>\n<p class=\"ap-StoryElement ap-StoryElement--mb ap-StoryText\">Le poids lourd a alors d\u00e9vi\u00e9 de sa trajectoire et s&rsquo;est retrouv\u00e9 sur la bande de gauche, face \u00e0 une voiture qui a termin\u00e9 sa course dans le foss\u00e9, pr\u00e9cise le parquet. Deux enfants se trouvaient \u00e0 bord de cette voiture. Ils ont \u00e9t\u00e9 emmen\u00e9s \u00e0 l&rsquo;h\u00f4pital. \u00c0 ce stade, le parquet indique ne pas conna\u00eetre leur \u00e9tat de sant\u00e9.<\/p>\n","protected":false},"excerpt":{"rendered":"Le parquet de Tournai-Mons a communiqu\u00e9 ce jeudi sur les circonstances de l&rsquo;accident mortel survenu ce mercredi apr\u00e8s-midi,&hellip;\n","protected":false},"author":2,"featured_media":239049,"comment_status":"","ping_status":"","sticky":false,"template":"","format":"standard","meta":{"footnotes":"","_share_on_mastodon":"0"},"categories":[2],"tags":[12,13,18,17,4723,2352],"class_list":["post-239048","post","type-post","status-publish","format-standard","has-post-thumbnail","category-belgique","tag-be","tag-be-fr","tag-belgique","tag-belgium","tag-leuze-en-hainaut","tag-tournai"],"share_on_mastodon":{"url":"https:\/\/pubeurope.com\/@be_fr\/117212731572309627","error":""},"_links":{"self":[{"href":"https:\/\/www.europesays.com\/be-fr\/wp-json\/wp\/v2\/posts\/239048","targetHints":{"allow":["GET"]}}],"collection":[{"href":"https:\/\/www.europesays.com\/be-fr\/wp-json\/wp\/v2\/posts"}],"about":[{"href":"https:\/\/www.europesays.com\/be-fr\/wp-json\/wp\/v2\/types\/post"}],"author":[{"embeddable":true,"href":"https:\/\/www.europesays.com\/be-fr\/wp-json\/wp\/v2\/users\/2"}],"replies":[{"embeddable":true,"href":"https:\/\/www.europesays.com\/be-fr\/wp-json\/wp\/v2\/comments?post=239048"}],"version-history":[{"count":0,"href":"https:\/\/www.europesays.com\/be-fr\/wp-json\/wp\/v2\/posts\/239048\/revisions"}],"wp:featuredmedia":[{"embeddable":true,"href":"https:\/\/www.europesays.com\/be-fr\/wp-json\/wp\/v2\/media\/239049"}],"wp:attachment":[{"href":"https:\/\/www.europesays.com\/be-fr\/wp-json\/wp\/v2\/media?parent=239048"}],"wp:term":[{"taxonomy":"category","embeddable":true,"href":"https:\/\/www.europesays.com\/be-fr\/wp-json\/wp\/v2\/categories?post=239048"},{"taxonomy":"post_tag","embeddable":true,"href":"https:\/\/www.europesays.com\/be-fr\/wp-json\/wp\/v2\/tags?post=239048"}],"curies":[{"name":"wp","href":"https:\/\/api.w.org\/{rel}","templated":true}]}}