{"id":239050,"date":"2026-09-04T12:18:11","date_gmt":"2026-09-04T12:18:11","guid":{"rendered":"https:\/\/www.europesays.com\/be-fr\/239050\/"},"modified":"2026-09-04T12:18:11","modified_gmt":"2026-09-04T12:18:11","slug":"quatre-ans-de-prison-requis-contre-un-footballeur-de-lolympic-charleroi","status":"publish","type":"post","link":"https:\/\/www.europesays.com\/be-fr\/239050\/","title":{"rendered":"Quatre ans de prison requis contre un footballeur de l&rsquo;Olympic Charleroi !"},"content":{"rendered":"<p class=\"ap-StoryElement ap-StoryElement--mb ap-StoryText\">Le 7 novembre 2023, Mohamed \u00ab\u00a0Midou\u00a0\u00bb Mouhli, alors joueur du RFC Li\u00e8ge, avait \u00e9t\u00e9 intercept\u00e9 apr\u00e8s avoir port\u00e9 des coups \u00e0 une jeune Li\u00e9geoise avec laquelle il avait entretenu une relation. Il s&rsquo;\u00e9tait rendu sur le lieu de travail de la jeune femme, au magasin Aldi de Saint-Nicolas (Li\u00e8ge). Il avait d\u00e9fonc\u00e9 le volet d&rsquo;une r\u00e9serve, avait port\u00e9 des coups de poings et avait balay\u00e9 la jeune femme.<\/p>\n<p class=\"ap-StoryElement ap-StoryElement--mb ap-StoryText\">Les faits s&rsquo;inscrivaient dans le cadre d&rsquo;une relation passag\u00e8re entre Midou Mouhli et la jeune femme. Une relation que le footballeur qualifiait de \u00ab\u00a0coup d&rsquo;un soir\u00a0\u00bb \u00e0 c\u00f4t\u00e9 d&rsquo;une relation avec une autre jeune femme.<\/p>\n","protected":false},"excerpt":{"rendered":"Le 7 novembre 2023, Mohamed \u00ab\u00a0Midou\u00a0\u00bb Mouhli, alors joueur du RFC Li\u00e8ge, avait \u00e9t\u00e9 intercept\u00e9 apr\u00e8s avoir port\u00e9&hellip;\n","protected":false},"author":2,"featured_media":239051,"comment_status":"","ping_status":"","sticky":false,"template":"","format":"standard","meta":{"footnotes":"","_share_on_mastodon":"0"},"categories":[8],"tags":[10,2387,12,13,18,17,23,26,11],"class_list":["post-239050","post","type-post","status-publish","format-standard","has-post-thumbnail","category-actualites","tag-actualites","tag-agenda","tag-be","tag-be-fr","tag-belgique","tag-belgium","tag-judiciaire","tag-liege","tag-news"],"share_on_mastodon":{"url":"https:\/\/pubeurope.com\/@be_fr\/117212735263282130","error":""},"_links":{"self":[{"href":"https:\/\/www.europesays.com\/be-fr\/wp-json\/wp\/v2\/posts\/239050","targetHints":{"allow":["GET"]}}],"collection":[{"href":"https:\/\/www.europesays.com\/be-fr\/wp-json\/wp\/v2\/posts"}],"about":[{"href":"https:\/\/www.europesays.com\/be-fr\/wp-json\/wp\/v2\/types\/post"}],"author":[{"embeddable":true,"href":"https:\/\/www.europesays.com\/be-fr\/wp-json\/wp\/v2\/users\/2"}],"replies":[{"embeddable":true,"href":"https:\/\/www.europesays.com\/be-fr\/wp-json\/wp\/v2\/comments?post=239050"}],"version-history":[{"count":0,"href":"https:\/\/www.europesays.com\/be-fr\/wp-json\/wp\/v2\/posts\/239050\/revisions"}],"wp:featuredmedia":[{"embeddable":true,"href":"https:\/\/www.europesays.com\/be-fr\/wp-json\/wp\/v2\/media\/239051"}],"wp:attachment":[{"href":"https:\/\/www.europesays.com\/be-fr\/wp-json\/wp\/v2\/media?parent=239050"}],"wp:term":[{"taxonomy":"category","embeddable":true,"href":"https:\/\/www.europesays.com\/be-fr\/wp-json\/wp\/v2\/categories?post=239050"},{"taxonomy":"post_tag","embeddable":true,"href":"https:\/\/www.europesays.com\/be-fr\/wp-json\/wp\/v2\/tags?post=239050"}],"curies":[{"name":"wp","href":"https:\/\/api.w.org\/{rel}","templated":true}]}}