{"id":239052,"date":"2026-09-04T12:25:12","date_gmt":"2026-09-04T12:25:12","guid":{"rendered":"https:\/\/www.europesays.com\/be-fr\/239052\/"},"modified":"2026-09-04T12:25:12","modified_gmt":"2026-09-04T12:25:12","slug":"australie-un-enfant-de-6-ans-meurt-du-scorbut-une-maladie-rare-disparue-depuis-deux-siecles","status":"publish","type":"post","link":"https:\/\/www.europesays.com\/be-fr\/239052\/","title":{"rendered":"Australie\u00a0: Un enfant de 6 ans meurt du scorbut, une maladie rare disparue depuis deux si\u00e8cles"},"content":{"rendered":"<p>Deux ans apr\u00e8s la mort d\u2019un petit gar\u00e7on de six ans \u00e0 <a href=\"https:\/\/www.20minutes.fr\/dossier\/brisbane\" class=\"c-link c-link--is-underlined\" rel=\"nofollow noopener\" target=\"_blank\">Brisbane<\/a> (<a href=\"https:\/\/www.20minutes.fr\/dossier\/australie\" class=\"c-link c-link--is-underlined\" rel=\"nofollow noopener\" target=\"_blank\">Australie<\/a>), les m\u00e9decins l\u00e9gistes ont enfin rendu leurs conclusions. Le jeune\u00a0Connor Dean est d\u00e9c\u00e9d\u00e9 du scorbut, une <a href=\"https:\/\/www.20minutes.fr\/dossier\/maladie\" class=\"c-link c-link--is-underlined\" rel=\"nofollow noopener\" target=\"_blank\">maladie<\/a> extr\u00eamement rare, quasiment \u00e9radiqu\u00e9e depuis deux si\u00e8cles, rapporte <a href=\"https:\/\/www.theguardian.com\/australia-news\/2026\/sep\/03\/six-year-old-queensland-boy-dies-from-scurvy-vitamin-c-disease-19th-century-ntwnfb\" rel=\"nofollow noopener\" target=\"_blank\" class=\"c-link c-link--is-underlined\">The Guardian<\/a>. Commun\u00e9ment appel\u00e9e \u00ab\u00a0maladie des marins\u00a0\u00bb, celle-ci est due \u00e0 une carence prolong\u00e9e en vitamine C.<\/p>\n<p>Atteint du syndrome de Down, Connor Dean souffrait d\u2019une malformation cardiaque et d\u2019un retard de d\u00e9veloppement physique et mental important. Hospitalis\u00e9 en juillet\u00a02024 pour des douleurs au genou et un boitillement, l\u2019enfant a rapidement pr\u00e9sent\u00e9 des sympt\u00f4mes inqui\u00e9tants. Test\u00e9 positif au <a href=\"https:\/\/www.20minutes.fr\/dossier\/virus\" class=\"c-link c-link--is-underlined\" rel=\"nofollow noopener\" target=\"_blank\">virus<\/a>\u00a0parainfluenza, il a ensuite d\u00e9velopp\u00e9 une toux persistante, une \u00e9ruption cutan\u00e9e et des l\u00e9sions c\u00e9r\u00e9brales.<\/p>\n<p>Une mauvaise alimentation<\/p>\n<p>Les m\u00e9decins ont aussi fait face \u00e0 une insuffisance r\u00e9nale, une d\u00e9faillance multivisc\u00e9rale et une septic\u00e9mie. Victime d\u2019un arr\u00eat cardiaque, Connor s\u2019est \u00e9teint au mois d\u2019ao\u00fbt de la m\u00eame ann\u00e9e.<\/p>\n<p>L\u2019enqu\u00eate ouverte pour d\u00e9terminer les causes du d\u00e9c\u00e8s a mis en lumi\u00e8re une carence en vitamines C, A, E, D et K. Le <a href=\"https:\/\/www.20minutes.fr\/dossier\/medecin\" class=\"c-link c-link--is-underlined\" rel=\"nofollow noopener\" target=\"_blank\">m\u00e9decin<\/a> g\u00e9n\u00e9raliste avait d\u00e9j\u00e0 alert\u00e9 la famille du gar\u00e7onnet sur sa croissance. En\u00a02023, il n\u2019avait pris que 300\u00a0g en onze mois, pr\u00e9cise <a href=\"https:\/\/www.news.com.au\/lifestyle\/health\/health-problems\/queensland-boy-dies-from-19thcentury-disease-in-baffling-medical-case\/news-story\/c8acfc61ee85e7356e9461b0cd72cbe6\" rel=\"nofollow noopener\" target=\"_blank\" class=\"c-link c-link--is-underlined\">News.com<\/a>. \u00ab\u00a0J\u2019ai dit \u00e0 sa m\u00e8re que j\u2019\u00e9tais tr\u00e8s inqui\u00e8te au sujet de l\u2019<a href=\"https:\/\/www.20minutes.fr\/dossier\/alimentation\" class=\"c-link c-link--is-underlined\" rel=\"nofollow noopener\" target=\"_blank\">alimentation<\/a> de Connor, et plus pr\u00e9cis\u00e9ment du fait qu\u2019elle ne contenait pas suffisamment de calories, de vitamines et de min\u00e9raux dont il avait besoin pour grandir et \u00eatre en bonne sant\u00e9\u00a0\u00bb, confie le docteur.<\/p>\n<p>Des compl\u00e9ments sans vitamine C<\/p>\n<p>Fin\u00a02023, \u00ab\u00a0son r\u00e9gime alimentaire \u00e9tait encore tr\u00e8s pauvre, avec beaucoup de pain blanc, un peu de saucisse de b\u0153uf, de cr\u00e8me anglaise et de chocolat\u00a0\u00bb, note la praticienne.\u00a0Connor Dean ne mangeait quasiment aucun fruit ou l\u00e9gume et ses parents compensaient avec des compl\u00e9ments \u00ab\u00a0multivitamin\u00e9s\u00a0\u00bb, de la vitamine D3, du Ferroliquid et l\u2019injection de vitamine A. Mais les analyses ont montr\u00e9 que les compl\u00e9ments administr\u00e9s ne contenaient en r\u00e9alit\u00e9 aucune vitamine C.<\/p>\n<p>Les examens men\u00e9s sur le corps de Connor Dean ont\u00a0r\u00e9v\u00e9l\u00e9 des modifications osseuses \u00ab\u00a0compatibles avec le scorbut\u00a0\u00bb. Son taux de vitamine C dans le sang au moment de sa mort \u00e9tait\u00a0inf\u00e9rieur \u00e0 1 micromole par litre, alors que la moyenne se situe entre 20 et 120.<\/p>\n<p>La maladie des matelots<\/p>\n<p>Entre le XVIe et le XXe\u00a0si\u00e8cle, le scorbut a d\u00e9cim\u00e9 les marins engag\u00e9s dans de longs voyages et priv\u00e9s de fruits et l\u00e9gumes. La carence prolong\u00e9e en vitamine C pouvait les conduire \u00e0 la mort. A la fin du XIXe\u00a0si\u00e8cle, la maladie a commenc\u00e9 \u00e0 dispara\u00eetre gr\u00e2ce \u00e0 l\u2019ajout de jus de citron ou d\u2019orange dans les boissons des matelots.<\/p>\n<p>Mais il a fallu attendre 1933 et le chercheur hongrois\u00a0Albert Szent-Giorgyi pour mettre au jour l\u2019acide ascorbique et son efficacit\u00e9 pour \u00e9viter le scorbut, explique le <a href=\"https:\/\/www.revuebiologiemedicale.fr\/biologie-et-histoire\/608-l-histoire-du-vaccin-contre-la-meningite-a-meningocoques-a-1963-1973-une-entreprise-collaborative-5.html\" rel=\"nofollow noopener\" target=\"_blank\" class=\"c-link c-link--is-underlined\">Vidal<\/a>. L\u2019homme obtient le prix Nobel de m\u00e9decine en\u00a01937. \u00ab\u00a0La vitamine C sera rapidement synth\u00e9tis\u00e9e et commercialis\u00e9e par l\u2019industrie\u00a0\u00bb, explique le site sp\u00e9cialis\u00e9.<\/p>\n<p>Une r\u00e9surgence ces derni\u00e8res ann\u00e9es<\/p>\n<p>Le scorbut avait quasiment disparu de la plan\u00e8te, notamment dans les pays d\u00e9velopp\u00e9s. Mais il pouvait rester pr\u00e9sent dans des pays en guerre ou frapp\u00e9s par la famine. Mais depuis\u00a02018, on assiste \u00e0 une r\u00e9surgence de la maladie, d\u2019apr\u00e8s plusieurs \u00e9tudes. Notamment chez les enfants, les personnes pr\u00e9caires ou vuln\u00e9rables.<\/p>\n<p>Les premiers signes du scorbut sont la perte des dents et le saignement des gencives, une an\u00e9mie, des \u00e9ruptions cutan\u00e9es, des douleurs osseuses, un amaigrissement ou encore de la fatigue.\u00a0La coroner adjointe de l\u2019\u00c9tat du Queenslan, Stephanie Gallagher, a souhait\u00e9 communiquer sur le cas de Connor Dean pour \u00ab\u00a0\u00e9viter qu\u2019un d\u00e9c\u00e8s dans des circonstances similaires ne se reproduise \u00e0 l\u2019avenir\u00a0\u00bb.<\/p>\n","protected":false},"excerpt":{"rendered":"Deux ans apr\u00e8s la mort d\u2019un petit gar\u00e7on de six ans \u00e0 Brisbane (Australie), les m\u00e9decins l\u00e9gistes ont&hellip;\n","protected":false},"author":2,"featured_media":239053,"comment_status":"","ping_status":"","sticky":false,"template":"","format":"standard","meta":{"footnotes":"","_share_on_mastodon":"0"},"categories":[82],"tags":[449,5405,12,13,18,17,705,86,1336,87],"class_list":["post-239052","post","type-post","status-publish","format-standard","has-post-thumbnail","category-sante","tag-actualite","tag-australie","tag-be","tag-be-fr","tag-belgique","tag-belgium","tag-enfant","tag-health","tag-maladie","tag-sante"],"share_on_mastodon":{"url":"https:\/\/pubeurope.com\/@be_fr\/117212763144728559","error":""},"_links":{"self":[{"href":"https:\/\/www.europesays.com\/be-fr\/wp-json\/wp\/v2\/posts\/239052","targetHints":{"allow":["GET"]}}],"collection":[{"href":"https:\/\/www.europesays.com\/be-fr\/wp-json\/wp\/v2\/posts"}],"about":[{"href":"https:\/\/www.europesays.com\/be-fr\/wp-json\/wp\/v2\/types\/post"}],"author":[{"embeddable":true,"href":"https:\/\/www.europesays.com\/be-fr\/wp-json\/wp\/v2\/users\/2"}],"replies":[{"embeddable":true,"href":"https:\/\/www.europesays.com\/be-fr\/wp-json\/wp\/v2\/comments?post=239052"}],"version-history":[{"count":0,"href":"https:\/\/www.europesays.com\/be-fr\/wp-json\/wp\/v2\/posts\/239052\/revisions"}],"wp:featuredmedia":[{"embeddable":true,"href":"https:\/\/www.europesays.com\/be-fr\/wp-json\/wp\/v2\/media\/239053"}],"wp:attachment":[{"href":"https:\/\/www.europesays.com\/be-fr\/wp-json\/wp\/v2\/media?parent=239052"}],"wp:term":[{"taxonomy":"category","embeddable":true,"href":"https:\/\/www.europesays.com\/be-fr\/wp-json\/wp\/v2\/categories?post=239052"},{"taxonomy":"post_tag","embeddable":true,"href":"https:\/\/www.europesays.com\/be-fr\/wp-json\/wp\/v2\/tags?post=239052"}],"curies":[{"name":"wp","href":"https:\/\/api.w.org\/{rel}","templated":true}]}}