{"id":239074,"date":"2026-09-04T12:44:09","date_gmt":"2026-09-04T12:44:09","guid":{"rendered":"https:\/\/www.europesays.com\/be-fr\/239074\/"},"modified":"2026-09-04T12:44:09","modified_gmt":"2026-09-04T12:44:09","slug":"un-nouveau-media-francais-rejoint-lempire-du-milliardaire-conservateur-vincent-bollore","status":"publish","type":"post","link":"https:\/\/www.europesays.com\/be-fr\/239074\/","title":{"rendered":"Un nouveau m\u00e9dia fran\u00e7ais rejoint l&#8217;empire du milliardaire conservateur Vincent Bollor\u00e9"},"content":{"rendered":"<p class=\"ap-StoryElement ap-StoryElement--mb ap-StoryText\">\u00ab\u00a0C&rsquo;est une grande fiert\u00e9 qu&rsquo;un acteur de r\u00e9f\u00e9rence comme Lagard\u00e8re Media News choisisse de faire confiance \u00e0 un nouveau m\u00e9dia ax\u00e9 sur le digital, les jeunes et l&rsquo;investigation\u00a0\u00bb, qui va ainsi \u00ab\u00a0continuer \u00e0 se professionnaliser\u00a0\u00bb, a d\u00e9clar\u00e9 \u00e0 l&rsquo;AFP M. Tegn\u00e9r.<\/p>\n<p class=\"ap-StoryElement ap-StoryElement--mb ap-StoryText\">Il reste premier actionnaire de la soci\u00e9t\u00e9 \u00e9ditrice de Fronti\u00e8res, Artefakt, et conserve le contr\u00f4le du m\u00e9dia.<\/p>\n<p class=\"ap-StoryElement ap-StoryElement--mb ap-StoryText\">Interrog\u00e9 sur le fait que Fronti\u00e8res int\u00e8gre ainsi la galaxie Bollor\u00e9, M. Tegn\u00e9r a r\u00e9pondu: \u00ab\u00a0Ca nous permet en effet d&rsquo;int\u00e9grer un \u00e9cosyst\u00e8me m\u00e9diatique qui est puissant, en ayant une offre compl\u00e9mentaire, l&rsquo;investigation\u00a0\u00bb.<\/p>\n<p class=\"ap-StoryElement ap-StoryElement--mb ap-StoryText\">\u00ab\u00a0On va d\u00e9velopper diff\u00e9rentes synergies avec des m\u00e9dias du groupe au sens large\u00a0\u00bb, a-t-il ajout\u00e9.<\/p>\n<p><a href=\"https:\/\/www.lalibre.be\/economie\/entreprises-startup\/2024\/08\/22\/jai-vendu-pour-solder-mon-endettement-arnaud-lagardere-regle-ses-comptes-avec-le-fisc-V6HBISE5W5D3BDQQQ6Q265AIKQ\/\" target=\"_self\" class=\"ap-StoryInterstitialLink ap-StoryElement ap-StoryElement--mb\" rel=\"nofollow noopener\">\u00ab\u00a0J&rsquo;ai vendu pour solder mon endettement\u00a0\u00bb : Arnaud Lagard\u00e8re r\u00e8gle ses comptes avec le fisc<\/a>Fronti\u00e8res d\u00e9barque dans la Tour Lagard\u00e8re<\/p>\n<p class=\"ap-StoryElement ap-StoryElement--mb ap-StoryText\">La r\u00e9daction de Fronti\u00e8res va s&rsquo;installer dans la \u00ab\u00a0Tour Lagard\u00e8re\u00a0\u00bb \u00e0 Paris, qui abrite d\u00e9j\u00e0 CNews et Europe 1. Et \u00ab\u00a0100% Fronti\u00e8res\u00a0\u00bb va \u00eatre \u00e9galement diffus\u00e9e le vendredi sur CNews, alors qu&rsquo;elle l&rsquo;est d\u00e9j\u00e0 du lundi au jeudi.<\/p>\n<p class=\"ap-StoryElement ap-StoryElement--mb ap-StoryText\">Selon M. Tegn\u00e9r, le \u00ab\u00a0projet moteur\u00a0\u00bb de la prise de participation de Lagard\u00e8re News dans Fronti\u00e8res est le lancement fin septembre d&rsquo;un nouveau m\u00e9dia, \u00ab\u00a0L&rsquo;Indiscret\u00a0\u00bb, un \u00ab\u00a0mix entre le Canard encha\u00een\u00e9 et les lettres d&rsquo;informations confidentielles\u00a0\u00bb comme La Lettre ou Politico.<\/p>\n<p class=\"ap-StoryElement ap-StoryElement--mb ap-StoryText\">Publi\u00e9 en ligne chaque mardi \u00e0 20h, il \u00ab\u00a0enqu\u00eatera sur les coulisses de la politique, les r\u00e9seaux d&rsquo;influence, l&rsquo;\u00e9conomie\u00a0\u00bb.<\/p>\n<p class=\"ap-StoryElement ap-StoryElement--mb ap-StoryText\">Tr\u00e8s pr\u00e9sent sur les r\u00e9seaux sociaux, Fronti\u00e8res se d\u00e9cline en version papier, num\u00e9rique et en vid\u00e9o, et se qualifie de \u00ab\u00a0m\u00e9dia de combat\u00a0\u00bb, revendiquant le cr\u00e9neau de l&rsquo;enqu\u00eate et du reportage de terrain, images choc \u00e0 l&rsquo;appui.<\/p>\n<p class=\"ap-StoryElement ap-StoryElement--mb ap-StoryText\">En juin, M. Tegn\u00e9r avait \u00e9t\u00e9 condamn\u00e9 \u00e0 six mois de prison avec sursis et 10.000 euros d&rsquo;amende apr\u00e8s la divulgation dans une enqu\u00eate de Fronti\u00e8res des donn\u00e9es d&rsquo;avocats sp\u00e9cialis\u00e9s en droit des \u00e9trangers.<\/p>\n<p class=\"ap-StoryElement ap-StoryElement--mb ap-StoryText\">Par ailleurs, une enqu\u00eate a \u00e9t\u00e9 ouverte en ao\u00fbt apr\u00e8s la prise \u00e0 partie de M. Tegn\u00e9r sur l&rsquo;\u00eele de Groix (Morbihan) par un groupe de personnes, qui \u00e9taient selon lui des militants \u00ab\u00a0antifas\u00a0\u00bb.<\/p>\n<p><a href=\"https:\/\/www.lalibre.be\/economie\/entreprises-startup\/2026\/08\/27\/vincent-bollore-prend-possession-de-la-revue-de-michel-onfray-front-populaire-L7LXGIGI35CURFVEJP4VHH6Q54\/\" target=\"_self\" class=\"ap-StoryInterstitialLink ap-StoryElement ap-StoryElement--mb\" rel=\"nofollow noopener\">La revue de Michel Onfray \u00ab\u00a0Front populaire\u00a0\u00bb tombe entre les mains de Vincent Bollor\u00e9<\/a>Lagard\u00e8re News vient de racheter \u00ab\u00a0Front Populaire\u00a0\u00bb<\/p>\n<p class=\"ap-StoryElement ap-StoryElement--mb ap-StoryText\">Fin ao\u00fbt, la revue Front populaire, fond\u00e9e par l&rsquo;essayiste Michel Onfray, avait \u00e9galement \u00e9t\u00e9 rachet\u00e9e par Lagard\u00e8re News selon un document dont l&rsquo;AFP a eu connaissance.<\/p>\n<p class=\"ap-StoryElement ap-StoryElement--mb ap-StoryText\">Lagard\u00e8re Media News, contr\u00f4l\u00e9 par Louis Hachette Group, <a href=\"https:\/\/www.lalibre.be\/economie\/entreprises-startup\/2023\/03\/25\/concentration-entre-les-mains-de-milliardaires-et-sensivity-readers-les-grosses-inquietudes-du-monde-du-livre-UYCC6JIQ5ZHUXD7J2CJUIUU2DA\/\" rel=\"nofollow noopener\" target=\"_blank\">dont le groupe Bollor\u00e9<\/a> est le principal actionnaire, a pris 90 % du capital des \u00c9ditions du Pl\u00e9n\u00eftre, qui \u00e9ditent Front populaire et dont Michel Onfray conserve 10 %.<\/p>\n<p>Le magazine \u00ab\u00a0VSD\u00a0\u00bb rachet\u00e9 par l&rsquo;entrepreneur Vianney d&rsquo;Alan\u00e7on<\/p>\n<p class=\"ap-StoryElement ap-StoryElement--mb ap-StoryText\">D&rsquo;autres m\u00e9dias, comme VSD, ont \u00e9galement \u00e9t\u00e9 rachet\u00e9s par des entrepreneurs proches de Vincent Bollor\u00e9. C&rsquo;est le cas de Vianney d&rsquo;Alan\u00e7on, qui a lanc\u00e9 en 2021 le Rocher Mistral, sorte de Puy du Fou proven\u00e7al, et a repris l&rsquo;ESJ Paris. Il s&rsquo;est associ\u00e9, pour cette acquisition, \u00e0 plusieurs entreprises appartenant au giron de milliardaires conservateurs, dont Vincent Bollor\u00e9.<\/p>\n<p class=\"ap-StoryElement ap-StoryElement--mb ap-StoryText\">L&rsquo;achat de\u00a0VSD, qui revendique quelque 40\u00a0000 ventes mensuelles et affiche un r\u00e9sultat positif,\u00a0repr\u00e9sente le premier rachat d&rsquo;un m\u00e9dia par l&rsquo;homme d&rsquo;affaires Vianney d&rsquo;Alan\u00e7on.<\/p>\n","protected":false},"excerpt":{"rendered":"\u00ab\u00a0C&rsquo;est une grande fiert\u00e9 qu&rsquo;un acteur de r\u00e9f\u00e9rence comme Lagard\u00e8re Media News choisisse de faire confiance \u00e0 un&hellip;\n","protected":false},"author":2,"featured_media":239075,"comment_status":"","ping_status":"","sticky":false,"template":"","format":"standard","meta":{"footnotes":"","_share_on_mastodon":"0"},"categories":[8],"tags":[10,12,13,18,17,8255,209,26371,273,11,1731,5950,525,112,3772],"class_list":["post-239074","post","type-post","status-publish","format-standard","has-post-thumbnail","category-actualites","tag-actualites","tag-be","tag-be-fr","tag-belgique","tag-belgium","tag-erik-tegner","tag-internet","tag-journaux","tag-medias","tag-news","tag-politique","tag-presse","tag-radio","tag-television","tag-vincent-bollore"],"share_on_mastodon":{"url":"https:\/\/pubeurope.com\/@be_fr\/117212837706065939","error":""},"_links":{"self":[{"href":"https:\/\/www.europesays.com\/be-fr\/wp-json\/wp\/v2\/posts\/239074","targetHints":{"allow":["GET"]}}],"collection":[{"href":"https:\/\/www.europesays.com\/be-fr\/wp-json\/wp\/v2\/posts"}],"about":[{"href":"https:\/\/www.europesays.com\/be-fr\/wp-json\/wp\/v2\/types\/post"}],"author":[{"embeddable":true,"href":"https:\/\/www.europesays.com\/be-fr\/wp-json\/wp\/v2\/users\/2"}],"replies":[{"embeddable":true,"href":"https:\/\/www.europesays.com\/be-fr\/wp-json\/wp\/v2\/comments?post=239074"}],"version-history":[{"count":0,"href":"https:\/\/www.europesays.com\/be-fr\/wp-json\/wp\/v2\/posts\/239074\/revisions"}],"wp:featuredmedia":[{"embeddable":true,"href":"https:\/\/www.europesays.com\/be-fr\/wp-json\/wp\/v2\/media\/239075"}],"wp:attachment":[{"href":"https:\/\/www.europesays.com\/be-fr\/wp-json\/wp\/v2\/media?parent=239074"}],"wp:term":[{"taxonomy":"category","embeddable":true,"href":"https:\/\/www.europesays.com\/be-fr\/wp-json\/wp\/v2\/categories?post=239074"},{"taxonomy":"post_tag","embeddable":true,"href":"https:\/\/www.europesays.com\/be-fr\/wp-json\/wp\/v2\/tags?post=239074"}],"curies":[{"name":"wp","href":"https:\/\/api.w.org\/{rel}","templated":true}]}}