{"id":239139,"date":"2026-09-04T13:52:22","date_gmt":"2026-09-04T13:52:22","guid":{"rendered":"https:\/\/www.europesays.com\/be-fr\/239139\/"},"modified":"2026-09-04T13:52:22","modified_gmt":"2026-09-04T13:52:22","slug":"200e-anniversaire-de-la-photo-le-flou-nest-pas-une-idee-abstraite-a-avignon-michel-akrich-invite-a-regarder-autrement","status":"publish","type":"post","link":"https:\/\/www.europesays.com\/be-fr\/239139\/","title":{"rendered":"200e anniversaire de la photo\u00a0: \u00ab\u00a0Le flou n\u2019est pas une id\u00e9e abstraite\u00a0\u00bb, \u00e0 Avignon, Michel Akrich invite \u00e0 regarder autrement"},"content":{"rendered":"<p>\u00c0 travers cette exposition, le photographe propose une exp\u00e9rience qui s\u2019\u00e9loigne de la recherche de la nettet\u00e9 et de la repr\u00e9sentation fid\u00e8le du r\u00e9el. Ici, le flou devient au contraire un langage, une mati\u00e8re et une mani\u00e8re de questionner notre perception.<\/p>\n<p>\u00ab\u00a0Regarder au-del\u00e0 de la forme\u00a0\u00bb<\/p>\n<p>\u00ab\u00a0Le flou, ici, est une mati\u00e8re \u00e0 penser, un outil sensible qui interroge notre rapport au visible\u00a0\u00bb, explique <a href=\"https:\/\/www.laprovence.com\/article\/culture-loisirs\/79426371460562\/le-photographe-michel-akrich-expose-le-flou-nest-pas-une-idee-abstraite-au-grand-cafe-barretta-davignon\" target=\"_self\" rel=\"nofollow noopener\">Michel Akrich<\/a>. Pour l\u2019artiste, il permet de \u00ab\u00a0regarder au-del\u00e0 de la forme\u00a0\u00bb et d\u2019accepter l\u2019instabilit\u00e9 comme une source de cr\u00e9ation.<\/p>\n<p>En troublant la perception, le flou ouvre ainsi un espace o\u00f9 peuvent se m\u00ealer ressenti, doute, silence et surgissement.<\/p>\n<p>Entre pr\u00e9sence et absence<\/p>\n<p>Les diff\u00e9rentes s\u00e9ries pr\u00e9sent\u00e9es explorent chacune un seuil, entre pr\u00e9sence et absence, mouvement et fixit\u00e9. Les photographies sont issues d\u2019un acte pens\u00e9 comme une pratique \u00e0 la fois po\u00e9tique et contemplative, dans laquelle l\u2019artiste renonce en partie au contr\u00f4le pour laisser appara\u00eetre l\u2019incertitude.<\/p>\n<p>Loin d\u2019\u00eatre une imperfection \u00e0 corriger, le flou devient alors un moyen de r\u00e9v\u00e9ler la porosit\u00e9 du r\u00e9el. Les formes se dissolvent, les rep\u00e8res vacillent et le regard est invit\u00e9 \u00e0 prendre son temps.<\/p>\n<p>L\u2019abstraction et le bleu, particuli\u00e8rement pr\u00e9sents dans cet univers photographique, participent eux aussi \u00e0 cette invitation \u00e0 sortir du visible imm\u00e9diat.<\/p>\n<p>Vernissage le jeudi 10\u00a0septembre, de 18 h \u00e0 20 h 30, rue des Escaliers-Sainte-Anne, dans la cour Maria Casar\u00e8s, \u00e0 deux pas du cin\u00e9ma Utopia.Plus d\u2019infos\u00a0: 06\u00a065\u00a064\u00a060\u00a049, <a href=\"https:\/\/www.laprovence.com\/cdn-cgi\/l\/email-protection\" class=\"__cf_email__\" data-cfemail=\"422329302b212a6c322a2d362d3102252f232b2e6c212d2f\" rel=\"nofollow noopener\" target=\"_blank\">[email\u00a0protected]<\/a><\/p>\n<p><img alt=\"\" loading=\"lazy\" width=\"18\" height=\"18\" decoding=\"async\" data-nimg=\"1\" class=\"mx-[8px]\" style=\"color:transparent\" src=\"https:\/\/www.laprovence.com\/_next\/static\/media\/comment.a97bda1a.svg\"\/>D\u00e9marrez la conversation<\/p>\n<p class=\"text-[1.8rem] mt-[32px]\">Votre opinion compte pour nous. Rejoignez la communaut\u00e9 laprovence.com en r\u00e9agissant sur l&rsquo;article 200e anniversaire de la photo\u00a0: \u00ab\u00a0Le flou n\u2019est pas une id\u00e9e abstraite\u00a0\u00bb, \u00e0 Avignon, Michel Akrich invite \u00e0 regarder autrement.<\/p>\n","protected":false},"excerpt":{"rendered":"\u00c0 travers cette exposition, le photographe propose une exp\u00e9rience qui s\u2019\u00e9loigne de la recherche de la nettet\u00e9 et&hellip;\n","protected":false},"author":2,"featured_media":239140,"comment_status":"","ping_status":"","sticky":false,"template":"","format":"standard","meta":{"footnotes":"","_share_on_mastodon":"0"},"categories":[101],"tags":[74203,41,1827,126,124,125,12,13,18,17,127,96,95,74204,724,722,723,898,2723],"class_list":["post-239139","post","type-post","status-publish","format-standard","has-post-thumbnail","category-arts-et-design","tag-200e","tag-41","tag-anniversaire","tag-arts","tag-arts-and-design","tag-arts-et-design","tag-be","tag-be-fr","tag-belgique","tag-belgium","tag-design","tag-divertissement","tag-entertainment","tag-flou","tag-le","tag-nest","tag-pas","tag-photo","tag-region"],"share_on_mastodon":{"url":"https:\/\/pubeurope.com\/@be_fr\/117213105383130689","error":""},"_links":{"self":[{"href":"https:\/\/www.europesays.com\/be-fr\/wp-json\/wp\/v2\/posts\/239139","targetHints":{"allow":["GET"]}}],"collection":[{"href":"https:\/\/www.europesays.com\/be-fr\/wp-json\/wp\/v2\/posts"}],"about":[{"href":"https:\/\/www.europesays.com\/be-fr\/wp-json\/wp\/v2\/types\/post"}],"author":[{"embeddable":true,"href":"https:\/\/www.europesays.com\/be-fr\/wp-json\/wp\/v2\/users\/2"}],"replies":[{"embeddable":true,"href":"https:\/\/www.europesays.com\/be-fr\/wp-json\/wp\/v2\/comments?post=239139"}],"version-history":[{"count":0,"href":"https:\/\/www.europesays.com\/be-fr\/wp-json\/wp\/v2\/posts\/239139\/revisions"}],"wp:featuredmedia":[{"embeddable":true,"href":"https:\/\/www.europesays.com\/be-fr\/wp-json\/wp\/v2\/media\/239140"}],"wp:attachment":[{"href":"https:\/\/www.europesays.com\/be-fr\/wp-json\/wp\/v2\/media?parent=239139"}],"wp:term":[{"taxonomy":"category","embeddable":true,"href":"https:\/\/www.europesays.com\/be-fr\/wp-json\/wp\/v2\/categories?post=239139"},{"taxonomy":"post_tag","embeddable":true,"href":"https:\/\/www.europesays.com\/be-fr\/wp-json\/wp\/v2\/tags?post=239139"}],"curies":[{"name":"wp","href":"https:\/\/api.w.org\/{rel}","templated":true}]}}