{"id":239157,"date":"2026-09-04T14:07:08","date_gmt":"2026-09-04T14:07:08","guid":{"rendered":"https:\/\/www.europesays.com\/be-fr\/239157\/"},"modified":"2026-09-04T14:07:08","modified_gmt":"2026-09-04T14:07:08","slug":"drake-donne-la-date-de-sortie-de-fear-of-missing-out-son-nouveau-projet","status":"publish","type":"post","link":"https:\/\/www.europesays.com\/be-fr\/239157\/","title":{"rendered":"Drake donne la date de sortie de \u00ab\u00a0Fear Of Missing Out\u00a0\u00bb, son nouveau projet"},"content":{"rendered":"<p itemprop=\"description\">Quelques mois \u00e0 peine apr\u00e8s la sortie de sa trilogie autour de \u00ab\u00a0Iceman\u00a0\u00bb, Drake est d\u00e9j\u00e0 de retour avec un nouveau projet, \u00ab\u00a0Fear Of Missing Out\u00a0\u00bb, qu&rsquo;il pr\u00e9sentera en live sur Youtube.<\/p>\n<p>Drake a clairement r\u00e9pondu aux attentes des fans en 2026, en sortant non pas un, mais trois albums solo le m\u00eame jour. R\u00e9sultat : il a litt\u00e9ralement <a href=\"https:\/\/generations.fr\/news\/musique\/81698\/drake-toujours-au-sommet-des-charts-avec-iceman-record-a-venir\" target=\"_blank\" rel=\"noopener nofollow\">domin\u00e9 les charts<\/a> de cette premi\u00e8re moiti\u00e9 d&rsquo;ann\u00e9e 2026 avec des scores hallucinants si on les compares \u00e0 ceux de la concurrence. Attendu au tournant apr\u00e8s sa d\u00e9faite lors du clash contre Kendrick Lamar, il a plus ou moins repris sa couronne, m\u00eame s&rsquo;il est moins \u00ab\u00a0dominant\u00a0\u00bb qu&rsquo;avant dans le rap US. Mais il n&rsquo;est pas encore rassasi\u00e9 : il a vient d&rsquo;annoncer la date de sortie de son prochain projet, \u00ab\u00a0Fear Of Missing Out\u00a0\u00bb.<\/p>\n<p>Quatre mois apr\u00e8s <a href=\"https:\/\/generations.fr\/news\/musique\/81621\/drake-occupe-les-3-premieres-places-du-top-album-avec-sa-trilogie-iceman\" target=\"_blank\" rel=\"noopener nofollow\">\u00ab\u00a0ICEMAN\u00a0\u00bb et sa trilogie<\/a>, Drake est donc d\u00e9j\u00e0 de retour avec un nouveau projet, qui sera sans doute un album, d&rsquo;apr\u00e8s plusieurs m\u00e9dias am\u00e9ricains comme <a href=\"https:\/\/www.hotnewhiphop.com\/1008422-drake-fomo-announcement\" target=\"_blank\" rel=\"noopener nofollow\">HotNewHipHop<\/a> ou <a href=\"https:\/\/www.billboard.com\/music\/rb-hip-hop\/drake-fear-of-missing-out-youtube-stream-1236333219\/\" target=\"_blank\" rel=\"noopener nofollow\">Billboard<\/a>. Le rappeur canadien a m\u00eame annonc\u00e9 la date de sortie via son compte Instagram : rendez-vous le 15 septembre pour d\u00e9couvrir tout \u00e7a. Et dans son poste, il donne \u00e9galement rendez-vous \u00e0 ses fans sur Youtube. D&rsquo;apr\u00e8s plusieurs sources am\u00e9ricaines, l&rsquo;album sera pr\u00e9sent\u00e9 en live sur Youtube, lors d&rsquo;un stream qui aura lieu le m\u00eame jour.<\/p>\n<p>Certains fans assurent tout de m\u00eame qu&rsquo;il ne s&rsquo;agirait pas d&rsquo;un album, mais d&rsquo;une tourn\u00e9e, l&rsquo;information est donc \u00e0 prendre avec des pincettes. Par contre, \u00e7a marque clairement un tournant dans la strat\u00e9gie de communication de Drake : habitu\u00e9 \u00e0 la plateforme Kick, o\u00f9 on le voyait souvent en compagnie d&rsquo;Adin Ross, le canadien a donc chang\u00e9 de m\u00e9dia, puisque ce nouveau projet sera pr\u00e9sent\u00e9 sur Youtube.<\/p>\n<p>Ce sont sans doute <a href=\"https:\/\/generations.fr\/news\/coulisse\/80540\/drake-au-coeur-d-un-scandale-de-paris-illegaux-au-nouveau-mexique\" target=\"_blank\" rel=\"noopener nofollow\">les diff\u00e9rents scandales<\/a> li\u00e9s \u00e0 la plateforme, fond\u00e9e par les cr\u00e9ateurs de Stake (casinos en ligne), qui l&rsquo;ont pouss\u00e9 \u00e0 faire de changement.<\/p>\n<p>&#13;<br \/>\n&#13;<\/p>\n","protected":false},"excerpt":{"rendered":"Quelques mois \u00e0 peine apr\u00e8s la sortie de sa trilogie autour de \u00ab\u00a0Iceman\u00a0\u00bb, Drake est d\u00e9j\u00e0 de retour&hellip;\n","protected":false},"author":2,"featured_media":239158,"comment_status":"","ping_status":"","sticky":false,"template":"","format":"standard","meta":{"footnotes":"","_share_on_mastodon":"0"},"categories":[98],"tags":[141,1238,10,12,13,18,17,1228,96,95,1227,1232,1219,1221,1218,1220,1230,1229,1222,140,107,108,11,1225,1236,525,1239,985,1235,1237,1231,1233,1226,1223,1224,1234],"class_list":["post-239157","post","type-post","status-publish","format-standard","has-post-thumbnail","category-musique","tag-actu","tag-actu-rap","tag-actualites","tag-be","tag-be-fr","tag-belgique","tag-belgium","tag-chroniques","tag-divertissement","tag-entertainment","tag-freestyles","tag-funk","tag-generation","tag-generation88-2","tag-generations","tag-generations88-2","tag-hip-hop","tag-hiphop","tag-hiphopsoul","tag-info","tag-music","tag-musique","tag-news","tag-photos","tag-playlist","tag-radio","tag-radio-rap","tag-rap","tag-rapfr","tag-rapus","tag-reggae","tag-rnb","tag-sons","tag-soul","tag-videos","tag-webradio"],"share_on_mastodon":{"url":"https:\/\/pubeurope.com\/@be_fr\/117213164111156271","error":""},"_links":{"self":[{"href":"https:\/\/www.europesays.com\/be-fr\/wp-json\/wp\/v2\/posts\/239157","targetHints":{"allow":["GET"]}}],"collection":[{"href":"https:\/\/www.europesays.com\/be-fr\/wp-json\/wp\/v2\/posts"}],"about":[{"href":"https:\/\/www.europesays.com\/be-fr\/wp-json\/wp\/v2\/types\/post"}],"author":[{"embeddable":true,"href":"https:\/\/www.europesays.com\/be-fr\/wp-json\/wp\/v2\/users\/2"}],"replies":[{"embeddable":true,"href":"https:\/\/www.europesays.com\/be-fr\/wp-json\/wp\/v2\/comments?post=239157"}],"version-history":[{"count":0,"href":"https:\/\/www.europesays.com\/be-fr\/wp-json\/wp\/v2\/posts\/239157\/revisions"}],"wp:featuredmedia":[{"embeddable":true,"href":"https:\/\/www.europesays.com\/be-fr\/wp-json\/wp\/v2\/media\/239158"}],"wp:attachment":[{"href":"https:\/\/www.europesays.com\/be-fr\/wp-json\/wp\/v2\/media?parent=239157"}],"wp:term":[{"taxonomy":"category","embeddable":true,"href":"https:\/\/www.europesays.com\/be-fr\/wp-json\/wp\/v2\/categories?post=239157"},{"taxonomy":"post_tag","embeddable":true,"href":"https:\/\/www.europesays.com\/be-fr\/wp-json\/wp\/v2\/tags?post=239157"}],"curies":[{"name":"wp","href":"https:\/\/api.w.org\/{rel}","templated":true}]}}