{"id":239161,"date":"2026-09-04T14:10:14","date_gmt":"2026-09-04T14:10:14","guid":{"rendered":"https:\/\/www.europesays.com\/be-fr\/239161\/"},"modified":"2026-09-04T14:10:14","modified_gmt":"2026-09-04T14:10:14","slug":"blada-com-infos-citoyennes-chikungunya-le-parcours-vaccinal-simplifie","status":"publish","type":"post","link":"https:\/\/www.europesays.com\/be-fr\/239161\/","title":{"rendered":"Blada.com &#8211; infos citoyennes &#8211; Chikungunya : le parcours vaccinal simplifi\u00e9"},"content":{"rendered":"<p>04\/09\/26<br \/>Chikungunya : le parcours vaccinal simplifi\u00e9<\/p>\n<p style=\"text-align:justify\">C\u2019\u00e9tait une demande de l\u2019Agence R\u00e9gionale de Sant\u00e9\u00a0: en plus des m\u00e9decins, la prescription et l\u2019administration des deux vaccins contre le chikungunya sont d\u00e9sormais permises aux pharmaciens d\u2019officine, aux sages-femmes et aux infirmiers form\u00e9s, a annonc\u00e9 Bertrand Parent, directeur g\u00e9n\u00e9ral de l\u2019ARS, hier. Tout un chacun peut se pr\u00e9senter aupr\u00e8s d\u2019un de ces professionnels de sant\u00e9 pour conna\u00eetre son \u00e9ligibilit\u00e9 \u00e0 cette vaccination, qui est gratuite en Guyane. N\u00e9anmoins, un patient peut \u00eatre orient\u00e9 chez un m\u00e9decin en cas de doute sur l\u2019indication d\u2019un vaccin au regard de ses ant\u00e9c\u00e9dents m\u00e9dicaux.<\/p>\n<p style=\"text-align:justify\"><img decoding=\"async\" alt=\"\" src=\"https:\/\/www.europesays.com\/be-fr\/wp-content\/uploads\/2026\/09\/ars04092601.jpg\" style=\"height:267px; width:570px\" \/><\/p>\n<p style=\"text-align:justify\">Se faire vacciner contre le chikungunya devient plus facile\u00a0! Outre par son m\u00e9decin, il est d\u00e9sormais possible de se faire prescrire et administrer les vaccins contre le chikungunya par un pharmacien d\u2019officine, une sage-femme ou un infirmier form\u00e9, a annonc\u00e9 Bertrand Parent, directeur g\u00e9n\u00e9ral de l\u2019Agence R\u00e9gionale de Sant\u00e9, hier lors d\u2019\u00e9changes avec plusieurs m\u00e9dias. Le parcours vaccinal en devient simplifi\u00e9.<\/p>\n<p style=\"text-align:justify\">\u00c0 la suite des <a href=\"https:\/\/eye.newsletter.ars.sante.fr\/c?p=wAbNCdzDxBB8cQDuWv9HKNCi-9DAa9C40MbQhD3EENDH4FM3edCURdCI0I1u0M0vCtCTGkXZ4Wh0dHBzOi8vd3d3Lmhhcy1zYW50ZS5mci9qY21zL3BfMzkyNzU3MC9mci9hdmlzLW4yMDI2LTAwMjIvYWMvc2VzcGV2LWR1LTktYXZyaWwtMjAyNi1kdS1jb2xsZWdlLWRlLWxhLWhhdXRlLWF1dG9yaXRlLWRlLXNhbnRlLXBvcnRhbnQtc3VyLWxlcy12YWNjaW5zLWl4Y2hpcS1ldC12aW1rdW55YS1kYW5zLXVuLWNvbnRleHRlLWRlLXJlZW1lcmdlbmNlLWR1LWNoaWt1bmd1bnlhLWVuLWd1eWFuZbg1YThiZWQ1MGI4NWI1MzUwZWYxY2QxMTe4NjBmNjQzMzY5NjliMGY0MzNlYTYzMjg2wLZkeTZPcHVtclQ0LXpTNmJBdXNPcGZBu2V5ZS5uZXdzbGV0dGVyLmFycy5zYW50ZS5mcsQU-lXQh9CnTNCAFHkd0N0oF9CcQiD20M7QntCBUw\" rel=\"noopener nofollow\" style=\"font-style:normal;font-weight:normal;line-height:18px;text-align:left;margin:0px;color:#607d8b;font-size:14px;font-family:Arial;text-decoration:underline\" target=\"_blank\">recommandations vaccinales de la Haute Autorit\u00e9 de sant\u00e9<\/a>, l\u2019ARS Guyane a d\u00e9ploy\u00e9 une campagne de vaccination gratuite contre le chikungunya en priorisant les personnes les plus expos\u00e9es au risque de formes graves, notamment les personnes pr\u00e9sentant des comorbidit\u00e9s et les personnes \u00e2g\u00e9es de 65 ans et plus. Dans le m\u00eame temps, l\u2019Agence a soutenu cette facilitation de l\u2019acc\u00e8s \u00e0 ces vaccins. Elle a obtenu son inscription au calendrier vaccinal des d\u00e9partements et r\u00e9gions d&rsquo;Outre-mer pour les populations \u00e9ligibles. D\u00e8s lors, elle a discut\u00e9 des modalit\u00e9s de mises en \u0153uvre avec les repr\u00e9sentants des professions concern\u00e9es. Cette \u00e9volution permet de simplifier le parcours vaccinal.<\/p>\n<p style=\"text-align:justify\">D\u00e9sormais, tout un chacun peut se pr\u00e9senter aupr\u00e8s d\u2019un m\u00e9decin ou d\u2019un pharmacien d\u2019officine, d\u2019une sage-femme ou d\u2019un infirmier form\u00e9 pour conna\u00eetre son \u00e9ligibilit\u00e9 \u00e0 cette vaccination. N\u00e9anmoins, un patient peut \u00eatre orient\u00e9 chez un m\u00e9decin en cas de doute sur l\u2019indication d\u2019un vaccin au regard de ses ant\u00e9c\u00e9dents m\u00e9dicaux.<\/p>\n<p style=\"text-align:justify\">La vaccination contre le chikungunya est gratuite sur prescription pour toute personne de plus de 12 ans souhaitant se faire vacciner. Deux publics sont toutefois prioritaires en raison d\u2019un risque accru de d\u00e9velopper une forme grave\u00a0: les personnes \u00e2g\u00e9es de plus de 65 ans et les personnes souffrant de comorbidit\u00e9.<\/p>\n<p style=\"text-align:justify\">Le choix du vaccin (Vimkunya\u00ae ou Ixchiq\u00ae) d\u00e9pend notamment de l&rsquo;\u00e2ge, de l&rsquo;\u00e9tat de sant\u00e9 et des recommandations en vigueur. Un m\u00e9decin, un pharmacien, un infirmier ou une sage-femme pourra orienter les personnes d\u00e9sirant se faire vacciner vers la solution la plus adapt\u00e9e \u00e0 leur situation.<\/p>\n<p style=\"text-align:justify\">\u00ab\u00a0Cette simplification du parcours de vaccination contre le chikungunya va aider ceux qui h\u00e9sitaient encore \u00e0 se prot\u00e9ger contre ce virus, se r\u00e9jouit Bertrand Parent. La vaccination constitue un outil essentiel pour r\u00e9duire le risque de formes s\u00e9v\u00e8res, mais elle doit s&rsquo;accompagner du maintien des mesures de protection contre les piq\u00fbres de moustiques\u00a0: \u00e9liminer les lieux de ponte des moustiques et se prot\u00e9ger individuellement et collectivement.\u00a0\u00bb<\/p>\n<p style=\"text-align:justify\">Retrouvez toutes les informations sur la vaccination contre le chikungunya sur le <a href=\"https:\/\/eye.newsletter.ars.sante.fr\/c?p=wAbNCdzDxBB8cQDuWv9HKNCi-9DAa9C40MbQhD3EENDOJ_PQpCzQxEnQsNCF0J1G0N0f0JfQotCe2XNodHRwczovL3d3dy5ndXlhbmUuYXJzLnNhbnRlLmZyL2NoaWt1bmd1bnlhLWRldXgtdmFjY2lucy1hdS1jYWxlbmRyaWVyLXZhY2NpbmFsLWV0LXVuLWFjY2VzLWZhY2lsaXRlLWxhLXZhY2NpbmF0aW9uuDVhOGJlZDUwYjg1YjUzNTBlZjFjZDExN7g2MGY2NDMzNjk2OWIwZjQzM2VhNjMyODbAtmR5Nk9wdW1yVDQtelM2YkF1c09wZkG7ZXllLm5ld3NsZXR0ZXIuYXJzLnNhbnRlLmZyxBT6VdCH0KdM0IAUeR3Q3SgX0JxCIPbQztCe0IFT\" rel=\"noopener nofollow\" style=\"font-style:normal;font-weight:normal;line-height:18px;text-align:left;margin:0px;color:#607d8b;font-size:14px;font-family:Arial;text-decoration:underline\" target=\"_blank\">site internet de l\u2019Agence r\u00e9gionale de sant\u00e9<\/a>.\u00a0<\/p>\n<p style=\"text-align:justify\">Hausse \u00e0 Kourou, baisse \u00e0 Saint-Laurent, stabilit\u00e9 \u00e0 Cayenne<\/p>\n<p><img decoding=\"async\" alt=\"\" src=\"https:\/\/www.europesays.com\/be-fr\/wp-content\/uploads\/2026\/09\/ars04092604.jpg\" style=\"height:441px; width:537px\" \/><\/p>\n<p style=\"text-align:justify\">La semaine derni\u00e8re, \u00ab\u00a0le nombre de passages aux urgences du CHU de Guyane \u2013 site de Saint-Laurent-du-Maroni pour suspicion de chikungunya \u00e9tait en diminution, \u00e0 un niveau faible, annonce Sant\u00e9 publique France, dans un bulletin de surveillance diffus\u00e9 hier. La circulation du virus (sur le littoral ouest) a fortement ralenti au cours de ces derni\u00e8res semaines. Ce secteur est actuellement en \u00e9pid\u00e9mie. Si la tendance se confirme au cours des prochaines semaines, notamment dans le contexte de la rentr\u00e9e scolaire et de reprise du travail, l\u2019\u00e9pid\u00e9mie sera termin\u00e9e dans ce secteur.<\/p>\n<p style=\"text-align:justify\">Dans les Savanes, le nombre de passages aux urgences du CHK pour suspicion de chikungunya est en hausse depuis plusieurs semaines. L\u2019\u00e9pid\u00e9mie se poursuit dans ce secteur.<\/p>\n<p style=\"text-align:justify\">Dans l\u2019\u00cele-de-Cayenne, le nombre de cas confirm\u00e9s \u00e9tait stable, la semaine derni\u00e8re. Six foyers actifs \u00e9taient en cours de suivi, r\u00e9partis sur deux communes du secteur. L\u2019Ile-de-Cayenne est en phase de foyers \u00e9pid\u00e9miques.<\/p>\n<p style=\"text-align:justify\">Sur le Maroni, aucun nouveau cas n\u2019a \u00e9t\u00e9 biologiquement confirm\u00e9 la semaine derni\u00e8re. Le secteur est en phase de transmission sporadique. C\u2019est \u00e9galement le cas dans l\u2019int\u00e9rieur, l\u2019int\u00e9rieur Est et sur l\u2019Oyapock, qui sont en phase de veille \u00e9pid\u00e9miologique.<\/p>\n<p style=\"text-align:justify\">Pr\u00e8s de 250 personnes vaccin\u00e9es cette derni\u00e8re semaine<\/p>\n<p><img decoding=\"async\" alt=\"\" src=\"https:\/\/www.europesays.com\/be-fr\/wp-content\/uploads\/2026\/09\/ars04092602.jpg\" style=\"height:202px; width:404px\" \/><\/p>\n<p style=\"text-align:justify\">Deux cent quarante-neuf doses de vaccins ont \u00e9t\u00e9 administr\u00e9es cette derni\u00e8re semaine, en Guyane. Cela porte \u00e0 1 138 le nombre de vaccins d\u00e9livr\u00e9s depuis le d\u00e9but de la campagne de vaccination.<\/p>\n<p style=\"text-align:justify\">Financ\u00e9e par l\u2019Agence R\u00e9gionale de Sant\u00e9, la vaccination contre le chikungunya est gratuite en Guyane, sur prescription m\u00e9dicale. Retrouvez toutes les informations sur son <a href=\"https:\/\/eye.newsletter.ars.sante.fr\/c?p=wAbNCdzDxBB8cQDuWv9HKNCi-9DAa9C40MbQhD3EEG3QmyjQtlfQhkUb0I5FYnz3EmtP2XNodHRwczovL3d3dy5ndXlhbmUuYXJzLnNhbnRlLmZyL2NoaWt1bmd1bnlhLWRldXgtdmFjY2lucy1hdS1jYWxlbmRyaWVyLXZhY2NpbmFsLWV0LXVuLWFjY2VzLWZhY2lsaXRlLWxhLXZhY2NpbmF0aW9uuDVhOGJlZDUwYjg1YjUzNTBlZjFjZDExN7g2MGY2NDMzNjk2OWIwZjQzM2VhNjMyODbAtmR5Nk9wdW1yVDQtelM2YkF1c09wZkG7ZXllLm5ld3NsZXR0ZXIuYXJzLnNhbnRlLmZyxBT6VdCH0KdM0IAUeR3Q3SgX0JxCIPbQztCe0IFT\" rel=\"noopener nofollow\" style=\"font-style:normal;font-weight:normal;line-height:18px;text-align:left;margin:0px;color:#607d8b;font-size:14px;font-family:Arial;text-decoration:underline\" target=\"_blank\">site interne<\/a>t.\u00a0<\/p>\n<p style=\"text-align:justify\">O\u00f9 se faire vacciner\u00a0?<\/p>\n<p><img decoding=\"async\" alt=\"\" src=\"https:\/\/www.europesays.com\/be-fr\/wp-content\/uploads\/2026\/09\/ars04092603.jpg\" style=\"height:169px; width:570px\" \/><\/p>\n<p style=\"text-align:justify\">La vaccination est d\u00e9sormais accessible aupr\u00e8s de plusieurs professionnels de sant\u00e9 :<\/p>\n<p>&#13;<br \/>\n\tChez son m\u00e9decin. II peut conseiller, prescrire le vaccin et r\u00e9aliser l&rsquo;injection apr\u00e8s r\u00e9cup\u00e9ration du vaccin en pharmacie.&#13;<br \/>\n\tDirectement en pharmacie d&rsquo;officine. Les pharmaciens peuvent d\u00e9sormais prescrire et administrer les vaccins contre le chikungunya aux personnes \u00e2g\u00e9es de 12 ans et plus, conform\u00e9ment \u00e0 la r\u00e9glementation en vigueur.&#13;<br \/>\n\tAupr\u00e8s d&rsquo;un infirmier ou d&rsquo;une sage-femme. Les infirmiers et les sage-femmes form\u00e9s \u00e0 la vaccination peuvent \u00e9galement prescrire et administrer ces vaccins aux personnes \u00e9ligibles.&#13;<br \/>\n\tDans les centres de vaccination et structures de sant\u00e9. La vaccination est \u00e9galement propos\u00e9e dans les centres de vaccination de la Croix-Rouge fran\u00e7aise, dans les centres de sant\u00e9 (CDPS) pour les communes de l&rsquo;int\u00e9rieur, au sein des h\u00f4pitaux lors de son passage ainsi que dans les antennes m\u00e9dicales pour les militaires et leurs familles.&#13;<\/p>\n<p style=\"text-align:justify\">\u25a0\u00a0Le parcours vaccinal en trois \u00e9tapes<\/p>\n<p style=\"text-align:justify\"><img decoding=\"async\" alt=\"\" class=\"imggauche\" src=\"https:\/\/www.europesays.com\/be-fr\/wp-content\/uploads\/2026\/09\/ars04092605.jpg\" style=\"height:93px; width:200px\" \/><\/p>\n<p>&#13;<br \/>\n\tPrendre contact avec le professionnel de sant\u00e9 de son choix : m\u00e9decin, pharmacien, infirmier ou sage-femme.&#13;<br \/>\n\t\u00c9changer avec lui afin d\u2019obtenir une prescription adapt\u00e9e \u00e0 son profil.&#13;<br \/>\n\tSe faire vacciner imm\u00e9diatement lorsque cela est possible ou en prenant rendez-vous.<br \/>&#13;<br \/>\n\t\u00a0&#13;<\/p>\n<p style=\"text-align:justify\">Le tableau ci-dessous r\u00e9sume les recommandations publi\u00e9es par la HAS le 9 avril 2026 concernant les deux vaccins actuellement disponibles.<\/p>\n<p><img decoding=\"async\" alt=\"\" src=\"https:\/\/www.europesays.com\/be-fr\/wp-content\/uploads\/2026\/09\/ars04092606.jpg\" style=\"height:683px; width:570px\" \/><\/p>\n<p style=\"text-align:justify\">La vaccination vise \u00e0 pr\u00e9venir les formes graves, essentiellement chez les personnes les plus fragiles, mais \u00e9galement les formes invalidantes (environ 30 \u00e0 50 % des patients symptomatiques d\u00e9veloppent des douleurs articulaires persistantes au-del\u00e0 de 3 mois). La vaccination permet ainsi de r\u00e9duire le risque de complications et l\u2019impact sur la qualit\u00e9 de vie, ainsi que la pression sur le syst\u00e8me de sant\u00e9 en contexte \u00e9pid\u00e9mique.<\/p>\n<p style=\"text-align:justify\">Les personnes les plus vuln\u00e9rables face au chikungunya sont les personnes \u00e2g\u00e9es, les personnes pr\u00e9sentant des comorbidit\u00e9s, les personnes immunod\u00e9prim\u00e9es ainsi que les nouveau-n\u00e9s. Bien que la vaccination soit un geste individuel, elle contribue \u00e9galement \u00e0 r\u00e9duire le risque de transmission et \u00e0 prot\u00e9ger ces populations particuli\u00e8rement fragiles.<\/p>\n<p style=\"text-align:justify\">La vaccination ne remplace pas les autres mesures de protection mais vient les renforcer. Il est crucial de continuer \u00e0 :<\/p>\n<p>&#13;<br \/>\n\t\u00c9liminer les lieux de ponte (coupelles, r\u00e9cipients, pneus usag\u00e9s goutti\u00e8res\u2026)\u00a0;&#13;<br \/>\n\tSe prot\u00e9ger individuellement et collectivement (utiliser des r\u00e9pulsifs, porter des v\u00eatements longs et amples, dormir sous moustiquaire).&#13;<\/p>\n<p>\u00a0<\/p>\n","protected":false},"excerpt":{"rendered":"04\/09\/26Chikungunya : le parcours vaccinal simplifi\u00e9 C\u2019\u00e9tait une demande de l\u2019Agence R\u00e9gionale de Sant\u00e9\u00a0: en plus des m\u00e9decins,&hellip;\n","protected":false},"author":2,"featured_media":239162,"comment_status":"","ping_status":"","sticky":false,"template":"","format":"standard","meta":{"footnotes":"","_share_on_mastodon":"0"},"categories":[82],"tags":[25904,25900,25897,12,13,18,17,25901,1918,86,25903,25902,25896,87,25898,25899],"class_list":["post-239161","post","type-post","status-publish","format-standard","has-post-thumbnail","category-sante","tag-25904","tag-amazonie","tag-ariane","tag-be","tag-be-fr","tag-belgique","tag-belgium","tag-dom","tag-espace","tag-health","tag-orpaillage","tag-outre-mer","tag-port-spatial-europe","tag-sante","tag-soyuz","tag-vega"],"share_on_mastodon":{"url":"https:\/\/pubeurope.com\/@be_fr\/117213176504394876","error":""},"_links":{"self":[{"href":"https:\/\/www.europesays.com\/be-fr\/wp-json\/wp\/v2\/posts\/239161","targetHints":{"allow":["GET"]}}],"collection":[{"href":"https:\/\/www.europesays.com\/be-fr\/wp-json\/wp\/v2\/posts"}],"about":[{"href":"https:\/\/www.europesays.com\/be-fr\/wp-json\/wp\/v2\/types\/post"}],"author":[{"embeddable":true,"href":"https:\/\/www.europesays.com\/be-fr\/wp-json\/wp\/v2\/users\/2"}],"replies":[{"embeddable":true,"href":"https:\/\/www.europesays.com\/be-fr\/wp-json\/wp\/v2\/comments?post=239161"}],"version-history":[{"count":0,"href":"https:\/\/www.europesays.com\/be-fr\/wp-json\/wp\/v2\/posts\/239161\/revisions"}],"wp:featuredmedia":[{"embeddable":true,"href":"https:\/\/www.europesays.com\/be-fr\/wp-json\/wp\/v2\/media\/239162"}],"wp:attachment":[{"href":"https:\/\/www.europesays.com\/be-fr\/wp-json\/wp\/v2\/media?parent=239161"}],"wp:term":[{"taxonomy":"category","embeddable":true,"href":"https:\/\/www.europesays.com\/be-fr\/wp-json\/wp\/v2\/categories?post=239161"},{"taxonomy":"post_tag","embeddable":true,"href":"https:\/\/www.europesays.com\/be-fr\/wp-json\/wp\/v2\/tags?post=239161"}],"curies":[{"name":"wp","href":"https:\/\/api.w.org\/{rel}","templated":true}]}}