{"id":239217,"date":"2026-09-04T14:54:13","date_gmt":"2026-09-04T14:54:13","guid":{"rendered":"https:\/\/www.europesays.com\/be-fr\/239217\/"},"modified":"2026-09-04T14:54:13","modified_gmt":"2026-09-04T14:54:13","slug":"agression-sexuelle-presumee-sur-un-vol-ryanair-malte-nantes-enquete","status":"publish","type":"post","link":"https:\/\/www.europesays.com\/be-fr\/239217\/","title":{"rendered":"Agression sexuelle pr\u00e9sum\u00e9e sur un vol Ryanair Malte-Nantes\u00a0: enqu\u00eate"},"content":{"rendered":"<p>  <img decoding=\"async\" class=\"r-img lazyloaded\" src=\"https:\/\/www.europesays.com\/be-fr\/wp-content\/uploads\/2026\/09\/1788533653_337_vdd.jpg\" alt=\"Louis Vandendriessche\"\/><\/p>\n<p>par <a href=\"https:\/\/www.rtl.be\/338762\/dpi-authors\/louis-vandendriessche\" rel=\"nofollow noopener\" target=\"_blank\">Louis Vandendriessche<\/a><\/p>\n<p>\tPubli\u00e9 le 04 septembre \u00e0 14h32<\/p>\n<p>  <a href=\"https:\/\/www.google.com\/preferences\/source?q=rtl%20info\" class=\"r-link--google-favorites\" role=\"button\">Ajoutez-nous \u00e0 vos favoris Google<\/a><br \/>\n\tUne passag\u00e8re de 24 ans affirme avoir \u00e9t\u00e9 agress\u00e9e sexuellement alors qu\u2019elle avait perdu connaissance \u00e0 bord d\u2019un vol Ryanair reliant Malte \u00e0 Nantes. Le suspect, arr\u00eat\u00e9 six semaines apr\u00e8s les faits, a \u00e9t\u00e9 plac\u00e9 en d\u00e9tention provisoire et compara\u00eetra devant la justice en octobre.<\/p>\n<p>&#13;<br \/>\n&#13;<\/p>\n<p>Un homme a \u00e9t\u00e9 plac\u00e9 en d\u00e9tention provisoire apr\u00e8s avoir \u00e9t\u00e9 accus\u00e9 d\u2019avoir agress\u00e9 sexuellement une passag\u00e8re \u00e0 bord d\u2019un vol Ryanair reliant Malte \u00e0 Nantes, le 19 juillet dernier. Le suspect n\u2019a \u00e9t\u00e9 interpell\u00e9 que plusieurs semaines apr\u00e8s les faits, \u00e0 l\u2019a\u00e9roport de Nantes-Atlantique.<\/p>\n<p>Selon les \u00e9l\u00e9ments de l\u2019enqu\u00eate, la victime, \u00e2g\u00e9e de 24 ans, a \u00e9t\u00e9 prise de violents vertiges durant le trajet avant de perdre connaissance. Elle serait d\u2019abord tomb\u00e9e sur la tablette situ\u00e9e devant elle, puis se serait affaiss\u00e9e contre le passager assis \u00e0 sa droite, c\u00f4t\u00e9 couloir. \u00c0 son r\u00e9veil, la jeune femme affirme avoir constat\u00e9 que son voisin la touchait sous ses v\u00eatements. Les faits ont \u00e9t\u00e9 signal\u00e9s et une enqu\u00eate a \u00e9t\u00e9 ouverte.<\/p>\n<p>&#13;<br \/>\n&#13;<\/p>\n<p>&#13;<br \/>\n&#13;<\/p>\n<p>Le suspect a finalement \u00e9t\u00e9 arr\u00eat\u00e9 \u00e0 la fin du mois d\u2019ao\u00fbt \u00e0 l\u2019a\u00e9roport de Nantes-Atlantique, alors qu\u2019il venait de descendre d\u2019un avion en provenance de Tunisie.<\/p>\n<p>Le parquet de Nantes a confirm\u00e9 l\u2019information \u00e0 Franceinfo, apr\u00e8s des r\u00e9v\u00e9lations d\u2019Ouest-France. L\u2019homme est poursuivi pour une pr\u00e9sum\u00e9e agression sexuelle commise sur une personne consid\u00e9r\u00e9e comme vuln\u00e9rable au moment des faits.<\/p>\n<p>\n  &#13;<br \/>\n  \u00c0 lire aussi&#13;<br \/>\n  &#13;<br \/>\n        <a class=\"r-stories--link\" href=\"https:\/\/www.rtl.be\/page-videos\/patrick-bruel-accuse-par-plus-de-30-femmes-dagressions-sexuelles-nie-les-faits\/2026-09-03\/video\/799138\" rel=\"nofollow noopener\" target=\"_blank\">https:\/\/www.rtl.be\/page-videos\/patrick-bruel-accuse-par-plus-de-30-femmes-dagressions-sexuelles-nie-les-faits\/2026-09-03\/video\/799138<\/a>&#13;<br \/>\n  &#13;<br \/>\n&#13;\n<\/p>\n<p>Plac\u00e9e en d\u00e9tention provisoire, la personne mise en cause doit compara\u00eetre devant la justice en octobre. L\u2019enqu\u00eate se poursuit afin de faire toute la lumi\u00e8re sur les circonstances de cette affaire.<\/p>\n<p>&#13;<br \/>\n&#13;<\/p>\n<p>&#13;<br \/>\n&#13;<\/p>\n<p><a class=\"r-btn r-btn--tag\" href=\"https:\/\/www.rtl.be\/140809\/free-tags\/violence-sexuelle\" title=\"violence sexuelle\" rel=\"nofollow noopener\" target=\"_blank\">violence sexuelle<\/a><br \/>\n<a class=\"r-btn r-btn--tag\" href=\"https:\/\/www.rtl.be\/4061\/free-tags\/violence\" title=\"violence\" rel=\"nofollow noopener\" target=\"_blank\">violence<\/a><br \/>\n<a class=\"r-btn r-btn--tag\" href=\"https:\/\/www.rtl.be\/7541\/free-tags\/ryanair\" title=\"Ryanair\" rel=\"nofollow noopener\" target=\"_blank\">Ryanair<\/a><\/p>\n","protected":false},"excerpt":{"rendered":"par Louis Vandendriessche Publi\u00e9 le 04 septembre \u00e0 14h32 Ajoutez-nous \u00e0 vos favoris Google Une passag\u00e8re de 24&hellip;\n","protected":false},"author":2,"featured_media":239218,"comment_status":"","ping_status":"","sticky":false,"template":"","format":"standard","meta":{"footnotes":"","_share_on_mastodon":"0"},"categories":[9],"tags":[74225,74228,12,13,18,17,63993,74227,31,74229,74230,9041,2400,74226,32],"class_list":["post-239217","post","type-post","status-publish","format-standard","has-post-thumbnail","category-international","tag-agression-sexuelle-avion","tag-arrestation-aeroport-nantes-atlantique","tag-be","tag-be-fr","tag-belgique","tag-belgium","tag-detention-provisoire","tag-femme-inconsciente","tag-international","tag-justice-octobre","tag-passagere-24-ans","tag-ryanair","tag-tunisie","tag-vol-malte-nantes","tag-world-news"],"share_on_mastodon":{"url":"https:\/\/pubeurope.com\/@be_fr\/117213349447995106","error":""},"_links":{"self":[{"href":"https:\/\/www.europesays.com\/be-fr\/wp-json\/wp\/v2\/posts\/239217","targetHints":{"allow":["GET"]}}],"collection":[{"href":"https:\/\/www.europesays.com\/be-fr\/wp-json\/wp\/v2\/posts"}],"about":[{"href":"https:\/\/www.europesays.com\/be-fr\/wp-json\/wp\/v2\/types\/post"}],"author":[{"embeddable":true,"href":"https:\/\/www.europesays.com\/be-fr\/wp-json\/wp\/v2\/users\/2"}],"replies":[{"embeddable":true,"href":"https:\/\/www.europesays.com\/be-fr\/wp-json\/wp\/v2\/comments?post=239217"}],"version-history":[{"count":0,"href":"https:\/\/www.europesays.com\/be-fr\/wp-json\/wp\/v2\/posts\/239217\/revisions"}],"wp:featuredmedia":[{"embeddable":true,"href":"https:\/\/www.europesays.com\/be-fr\/wp-json\/wp\/v2\/media\/239218"}],"wp:attachment":[{"href":"https:\/\/www.europesays.com\/be-fr\/wp-json\/wp\/v2\/media?parent=239217"}],"wp:term":[{"taxonomy":"category","embeddable":true,"href":"https:\/\/www.europesays.com\/be-fr\/wp-json\/wp\/v2\/categories?post=239217"},{"taxonomy":"post_tag","embeddable":true,"href":"https:\/\/www.europesays.com\/be-fr\/wp-json\/wp\/v2\/tags?post=239217"}],"curies":[{"name":"wp","href":"https:\/\/api.w.org\/{rel}","templated":true}]}}