{"id":239219,"date":"2026-09-04T14:55:17","date_gmt":"2026-09-04T14:55:17","guid":{"rendered":"https:\/\/www.europesays.com\/be-fr\/239219\/"},"modified":"2026-09-04T14:55:17","modified_gmt":"2026-09-04T14:55:17","slug":"faux-rendez-vous-tinder-a-liege-des-victimes-piegees-et-volees","status":"publish","type":"post","link":"https:\/\/www.europesays.com\/be-fr\/239219\/","title":{"rendered":"Faux rendez-vous Tinder \u00e0 Li\u00e8ge : des victimes pi\u00e9g\u00e9es et vol\u00e9es"},"content":{"rendered":"<p>  <img decoding=\"async\" class=\"r-img lazyloaded\" src=\"https:\/\/www.europesays.com\/be-fr\/wp-content\/uploads\/2026\/09\/1788533717_455_dalessandra.jpg\" alt=\"Thomas D'Alessandro\"\/><\/p>\n<p>Par <a href=\"https:\/\/www.rtl.be\/373137\/dpi-authors\/thomas-dalessandro\" rel=\"nofollow noopener\" target=\"_blank\">Thomas D&rsquo;Alessandro<\/a><\/p>\n<p>\tPubli\u00e9 le 04 septembre \u00e0 13h27\n<\/p>\n<p>  <a href=\"https:\/\/www.google.com\/preferences\/source?q=rtl%20info\" class=\"r-link--google-favorites\" role=\"button\">Ajoutez-nous \u00e0 vos favoris Google<\/a><br \/>\n\tEn r\u00e9gion li\u00e9geoise, une bande de jeunes r\u00e9alisait des vols avec violence avec un mode op\u00e9ratoire bien particulier. Ils alpaguaient leurs victimes via des applications de rencontre avant de fixer un rendez-vous amoureux afin de pouvoir d\u00e9rober les objets de valeur des victimes. Explications avec Vincent Jamoulle.<\/p>\n<p>&#13;<br \/>\n&#13;<\/p>\n<p>Dans un quartier de Grivegn\u00e9e, sur la rive droite de Li\u00e8ge, plusieurs victime se sont fait voler leurs objets de valeur par une bande de jeunes au mode op\u00e9ratoire bien sp\u00e9cial. En effet, les voleurs utilisaient les applications de rencontre comme Tinder, Fruitz, ou encore Happn pour discuter avec des hommes tout en se faisant passer pour une jeune femme. Une fois le rendez-vous avec la future victime fix\u00e9, les jeunes usaient de violence afin de d\u00e9rober les effets personnels de ces hommes.<\/p>\n<p>\n  &#13;<br \/>\n  \u00c0 lire aussi&#13;<br \/>\n  &#13;<\/p>\n<p>  <img decoding=\"async\" data-copyright=\"RTL info\" class=\"r-img\"  typeof=\"foaf:Image\" src=\"https:\/\/www.europesays.com\/be-fr\/wp-content\/uploads\/2026\/09\/99431802.jpeg\" alt=\"Parc \u00e0 Eupen o\u00f9 une bagarre a \u00e9clat\u00e9 dimanche 30\/08\/2026\"\/><br \/>\n        <a class=\"r-stories--link\" href=\"https:\/\/www.rtl.be\/actu\/regions\/liege\/une-double-fete-de-famille-tourne-mal-dans-un-parc-eupen-un-homme-tue-par-la\/2026-08-31\/article\/798806\" rel=\"nofollow noopener\" target=\"_blank\">Une double f\u00eate de famille tourne mal dans un parc \u00e0 Eupen\u00a0: un homme tu\u00e9 par la police apr\u00e8s une altercation<\/a>&#13;<br \/>\n  &#13;<br \/>\n&#13;\n<\/p>\n<p>Les rencontres, la sexualit\u00e9, sont des leviers qui peuvent parfois faire tomber la vigilance. \u00ab\u00a0On peut se dire aussi que quand c\u2019est trop facile, ou quand c\u2019est trop beau, peut-\u00eatre qu\u2019il faut faire attention, quand c\u2019est trop d\u2019argent, quand c\u2019est des femmes ou des filles trop jeunes, trop belles, trop riches, peut-\u00eatre qu\u2019il y a quelque chose de trop. Quand c\u2019est trop, c\u2019est peut-\u00eatre que \u00e7a n\u2019existe pas vraiment\u00a0\u00bb, d\u00e9veloppe Oc\u00e9ane Gangi, doctorante en criminologie \u00e0 l\u2019UlLi\u00e8ge.<\/p>\n<p>&#13;<br \/>\n&#13;<\/p>\n<p>&#13;<br \/>\n&#13;<\/p>\n<p>\u00a0Les cinq jeunes, quatre Li\u00e9geois et un Namurois ont \u00e9t\u00e9 interpell\u00e9s ce mercredi matin et ils n\u2019auraient pas tous particip\u00e9 aux 13 vols avec violence.<\/p>\n<p><a class=\"r-btn r-btn--tag\" href=\"https:\/\/www.rtl.be\/4061\/free-tags\/violence\" title=\"violence\" rel=\"nofollow noopener\" target=\"_blank\">violence<\/a><br \/>\n<a class=\"r-btn r-btn--tag\" href=\"https:\/\/www.rtl.be\/2303\/free-tags\/justice\" title=\"justice\" rel=\"nofollow noopener\" target=\"_blank\">justice<\/a><br \/>\n<a class=\"r-btn r-btn--tag\" href=\"https:\/\/www.rtl.be\/347467\/locations\/liege\" title=\"Li\u00e8ge\" rel=\"nofollow noopener\" target=\"_blank\">Li\u00e8ge<\/a><\/p>\n","protected":false},"excerpt":{"rendered":"Par Thomas D&rsquo;Alessandro Publi\u00e9 le 04 septembre \u00e0 13h27 Ajoutez-nous \u00e0 vos favoris Google En r\u00e9gion li\u00e9geoise, une&hellip;\n","protected":false},"author":2,"featured_media":239220,"comment_status":"","ping_status":"","sticky":false,"template":"","format":"standard","meta":{"footnotes":"","_share_on_mastodon":"0"},"categories":[2],"tags":[74233,12,13,18,17,74232,74234,31755,74231,74235,26,20620,55026,36229],"class_list":["post-239219","post","type-post","status-publish","format-standard","has-post-thumbnail","category-belgique","tag-applications-de-rencontre","tag-be","tag-be-fr","tag-belgique","tag-belgium","tag-faux-rendez-vous","tag-fruitz","tag-grivegnee","tag-guet-apens","tag-happn","tag-liege","tag-tinder","tag-vincent-jamoulle","tag-vol-avec-violence"],"share_on_mastodon":{"url":"https:\/\/pubeurope.com\/@be_fr\/117213353330564645","error":""},"_links":{"self":[{"href":"https:\/\/www.europesays.com\/be-fr\/wp-json\/wp\/v2\/posts\/239219","targetHints":{"allow":["GET"]}}],"collection":[{"href":"https:\/\/www.europesays.com\/be-fr\/wp-json\/wp\/v2\/posts"}],"about":[{"href":"https:\/\/www.europesays.com\/be-fr\/wp-json\/wp\/v2\/types\/post"}],"author":[{"embeddable":true,"href":"https:\/\/www.europesays.com\/be-fr\/wp-json\/wp\/v2\/users\/2"}],"replies":[{"embeddable":true,"href":"https:\/\/www.europesays.com\/be-fr\/wp-json\/wp\/v2\/comments?post=239219"}],"version-history":[{"count":0,"href":"https:\/\/www.europesays.com\/be-fr\/wp-json\/wp\/v2\/posts\/239219\/revisions"}],"wp:featuredmedia":[{"embeddable":true,"href":"https:\/\/www.europesays.com\/be-fr\/wp-json\/wp\/v2\/media\/239220"}],"wp:attachment":[{"href":"https:\/\/www.europesays.com\/be-fr\/wp-json\/wp\/v2\/media?parent=239219"}],"wp:term":[{"taxonomy":"category","embeddable":true,"href":"https:\/\/www.europesays.com\/be-fr\/wp-json\/wp\/v2\/categories?post=239219"},{"taxonomy":"post_tag","embeddable":true,"href":"https:\/\/www.europesays.com\/be-fr\/wp-json\/wp\/v2\/tags?post=239219"}],"curies":[{"name":"wp","href":"https:\/\/api.w.org\/{rel}","templated":true}]}}