{"id":239223,"date":"2026-09-04T14:57:15","date_gmt":"2026-09-04T14:57:15","guid":{"rendered":"https:\/\/www.europesays.com\/be-fr\/239223\/"},"modified":"2026-09-04T14:57:15","modified_gmt":"2026-09-04T14:57:15","slug":"kendall-jenner-fait-ses-debuts-a-la-mostra-de-venise-dans-une-spectaculaire-robe-nuisette-doree","status":"publish","type":"post","link":"https:\/\/www.europesays.com\/be-fr\/239223\/","title":{"rendered":"Kendall Jenner fait ses d\u00e9buts \u00e0 la Mostra de Venise dans une spectaculaire robe nuisette dor\u00e9e"},"content":{"rendered":"<p class=\"mb-4 text-lg md:leading-8 break-words\">Jeudi 3 septembre, <a data-ylk=\"slk:la 83e Mostra de Venise;elm:context_link;itc:0;sec:content-canvas;\" data-yga=\"{&quot;yLinkElement&quot;:&quot;link&quot;,&quot;yLinkElementType&quot;:&quot;article_link&quot;}\" href=\"https:\/\/www.femina.fr\/article\/mostra-de-venise-comment-est-ne-le-plus-ancien-festival-de-cinema-au-monde\" rel=\"noopener noreferrer nofollow\" target=\"_blank\">la 83e Mostra de Venise<\/a> a vibr\u00e9 au rythme de la projection du nouveau film de Martin McDonagh, Wild Horse Nine. Sur le tapis rouge, les c\u00e9l\u00e9brit\u00e9s ont rivalis\u00e9 de glamour, l&rsquo;actrice britannique Phoebe Waller-Bridge s&rsquo;amusant avec un look noir et blanc aux volumes audacieux sign\u00e9 C\u00e9line, tandis que l&rsquo;actrice am\u00e9ricaine Leslie Bibb brillait dans une robe d\u00e9structur\u00e9e aux reflets holographiques violets. \u00c9galement pr\u00e9sente pour ce grand moment consacr\u00e9 au septi\u00e8me art, <a data-ylk=\"slk:Kendall Jenner;elm:context_link;itc:0;sec:content-canvas;\" data-yga=\"{&quot;yLinkElement&quot;:&quot;link&quot;,&quot;yLinkElementType&quot;:&quot;article_link&quot;}\" href=\"https:\/\/www.femina.fr\/article\/kendall-jenner-fait-revivre-l-age-d-or-hollywoodien-grace-a-un-carre-de-soie-audacieusement-porte\" rel=\"noopener noreferrer nofollow\" target=\"_blank\">Kendall Jenner<\/a> a choisi une robe mariant \u00e9l\u00e9gance et sensualit\u00e9, d\u00e9got\u00e9e dans les archives de la mode.<\/p>\n<p class=\"mb-4 text-lg md:leading-8 break-words\">\u00a9 Pascal Le Segretain\/Getty Images<\/p>\n<p class=\"mb-4 text-lg md:leading-8 break-words\">\u00c0 lire aussi : <a data-ylk=\"slk:Mostra de Venise : Amal Clooney d\u00e9poussi\u00e8re la robe bandage des ann\u00e9es 2010;elm:context_link;itc:0;sec:content-canvas;\" data-yga=\"{&quot;yLinkElement&quot;:&quot;link&quot;,&quot;yLinkElementType&quot;:&quot;article_link&quot;}\" href=\"https:\/\/www.femina.fr\/article\/mostra-de-venise-amal-clooney-depoussiere-la-robe-bandage-des-annees-2010\" rel=\"noopener noreferrer nofollow\" target=\"_blank\">Mostra de Venise : Amal Clooney d\u00e9poussi\u00e8re la robe bandage des ann\u00e9es 2010<\/a><\/p>\n<p>Kendall Jenner ressuscite une cr\u00e9ation Giorgio Armani des ann\u00e9es 90<\/p>\n<p class=\"mb-4 text-lg md:leading-8 break-words\">Wild Horse Nine est en comp\u00e9tition pour le Lion d&rsquo;Or, la principale r\u00e9compense attribu\u00e9e \u00e0 un film lors de la Mostra. Pour porter chance au long m\u00e9trage de Martin McDonagh, Kendall Jenner a fait un clin d&rsquo;\u0153il subtil \u00e0 la statuette tant convoit\u00e9e en s&rsquo;habillant d&rsquo;une robe nuisette dor\u00e9e qui \u00e9pousait parfaitement sa silhouette longiligne. La pi\u00e8ce \u00e9tait recouverte d&rsquo;une couche de perles fines dor\u00e9es et iris\u00e9es et venait prendre d&rsquo;autres formes et s&rsquo;\u00e9paissir \u00e0 certains endroits pour former un imprim\u00e9 floral hypnotisant.<\/p>\n<p class=\"mb-4 text-lg md:leading-8 break-words\">Cette robe, ayant n\u00e9cessit\u00e9 un savoir-faire d&rsquo;exception, a \u00e9t\u00e9 con\u00e7ue par <a data-ylk=\"slk:Giorgio Armani;elm:context_link;itc:0;sec:content-canvas;\" data-yga=\"{&quot;yLinkElement&quot;:&quot;link&quot;,&quot;yLinkElementType&quot;:&quot;article_link&quot;}\" href=\"https:\/\/www.femina.fr\/article\/mort-de-giorgio-armani-comment-le-createur-a-sublime-le-style-de-lady-di-avant-sa-disparition\" rel=\"noopener noreferrer nofollow\" target=\"_blank\">Giorgio Armani<\/a> pour sa collection automne-hiver de l&rsquo;ann\u00e9e 1995. \u00ab Cette collection incarne l&rsquo;une des expressions les plus abouties des codes esth\u00e9tiques qui d\u00e9finissent le style de Giorgio Armani, articul\u00e9 autour de trois principes fondateurs : la monochromie, l&rsquo;essentialit\u00e9 des lignes et un souci minutieux du d\u00e9tail \u00bb, \u00e9crit la maison. Pour accessoiriser cette cr\u00e9ation vintage, Kendall Jenner a opt\u00e9 pour le minimalisme chic des ann\u00e9es 90, en ne portant quasiment pas de bijoux, si ce n&rsquo;est une discr\u00e8te paire de boucles d&rsquo;oreilles transparentes, et des mules \u00e0 talons couleur sable.<\/p>\n<p class=\"mb-4 text-lg md:leading-8 break-words\">\u00a9 Stefania D&rsquo;Alessandro\/WireImage<\/p>\n","protected":false},"excerpt":{"rendered":"Jeudi 3 septembre, la 83e Mostra de Venise a vibr\u00e9 au rythme de la projection du nouveau film&hellip;\n","protected":false},"author":2,"featured_media":239224,"comment_status":"","ping_status":"","sticky":false,"template":"","format":"standard","meta":{"footnotes":"","_share_on_mastodon":"0"},"categories":[102],"tags":[12,13,18,17,129,128,74238,96,95,21900,20553,1001,109,74237,74236],"class_list":["post-239223","post","type-post","status-publish","format-standard","has-post-thumbnail","category-people","tag-be","tag-be-fr","tag-belgique","tag-belgium","tag-celebrities","tag-celebrity","tag-dune-couche-de-perles-fines-dorees-et-irisees-et","tag-divertissement","tag-entertainment","tag-giorgio-armani","tag-kendall-jenner","tag-mostra-de-venise","tag-people","tag-pour-accessoiriser-cette-creation-vintage","tag-stefania-dalessandro-wireimage"],"share_on_mastodon":{"url":"https:\/\/pubeurope.com\/@be_fr\/117213360776693521","error":""},"_links":{"self":[{"href":"https:\/\/www.europesays.com\/be-fr\/wp-json\/wp\/v2\/posts\/239223","targetHints":{"allow":["GET"]}}],"collection":[{"href":"https:\/\/www.europesays.com\/be-fr\/wp-json\/wp\/v2\/posts"}],"about":[{"href":"https:\/\/www.europesays.com\/be-fr\/wp-json\/wp\/v2\/types\/post"}],"author":[{"embeddable":true,"href":"https:\/\/www.europesays.com\/be-fr\/wp-json\/wp\/v2\/users\/2"}],"replies":[{"embeddable":true,"href":"https:\/\/www.europesays.com\/be-fr\/wp-json\/wp\/v2\/comments?post=239223"}],"version-history":[{"count":0,"href":"https:\/\/www.europesays.com\/be-fr\/wp-json\/wp\/v2\/posts\/239223\/revisions"}],"wp:featuredmedia":[{"embeddable":true,"href":"https:\/\/www.europesays.com\/be-fr\/wp-json\/wp\/v2\/media\/239224"}],"wp:attachment":[{"href":"https:\/\/www.europesays.com\/be-fr\/wp-json\/wp\/v2\/media?parent=239223"}],"wp:term":[{"taxonomy":"category","embeddable":true,"href":"https:\/\/www.europesays.com\/be-fr\/wp-json\/wp\/v2\/categories?post=239223"},{"taxonomy":"post_tag","embeddable":true,"href":"https:\/\/www.europesays.com\/be-fr\/wp-json\/wp\/v2\/tags?post=239223"}],"curies":[{"name":"wp","href":"https:\/\/api.w.org\/{rel}","templated":true}]}}