{"id":239225,"date":"2026-09-04T14:58:14","date_gmt":"2026-09-04T14:58:14","guid":{"rendered":"https:\/\/www.europesays.com\/be-fr\/239225\/"},"modified":"2026-09-04T14:58:14","modified_gmt":"2026-09-04T14:58:14","slug":"pour-ses-90-ans-le-cercle-celtique-des-fleurs-dajonc-de-laven-sexpose-a-la-mediatheque-de-riec-sur-belon","status":"publish","type":"post","link":"https:\/\/www.europesays.com\/be-fr\/239225\/","title":{"rendered":"Pour ses 90\u00a0ans, le cercle celtique des Fleurs d\u2019ajonc de l\u2019Aven s\u2019expose \u00e0 la m\u00e9diath\u00e8que de Riec-sur-B\u00e9lon"},"content":{"rendered":"<p>Jusqu\u2019au 26 septembre 2026, la m\u00e9diath\u00e8que de Riec-sur-B\u00e9lon pr\u00e9sente une nouvelle exposition consacr\u00e9e au cercle celtique Bleunio\u00f9 Lann an Aven, les Fleurs d\u2019ajonc de l\u2019Aven. \u00ab\u00a0<a href=\"https:\/\/www.letelegramme.fr\/finistere\/riec-sur-belon-29340\/au-cercle-fleurs-dajonc-de-laven-cap-sur-les-festivites-du-90e-anniversaire-6956246.php\" title=\"www.letelegramme.fr\" rel=\"nofollow noopener\" target=\"_blank\">Ce dernier, fond\u00e9 en 1936, f\u00eate cette ann\u00e9e ses 90\u00a0ans <\/a>et est sans doute l\u2019un des ensembles folkloriques les plus anciens de Bretagne. Avec des dizaines de danseurs et de musiciens, il s\u2019est donn\u00e9 comme but de maintenir et diffuser la culture bretonne en d\u00e9montrant, s\u2019il le fallait, sa vivacit\u00e9 et sa modernit\u00e9\u00a0\u00bb, souligne Morgane Conan, responsable du cercle.<\/p>\n<p>L\u2019exposition, pr\u00e9sent\u00e9e tout au long du mois de septembre \u00e0 la m\u00e9diath\u00e8que, permettra au public de d\u00e9couvrir son histoire et son \u00e9volution au fil des ans, \u00e0 travers plus d\u2019une trentaine de photos datant d\u2019une dizaine d\u2019ann\u00e9es. Un \u00e9v\u00e9nement qui est \u00e9galement organis\u00e9 dans le cadre des Journ\u00e9es europ\u00e9ennes du patrimoine et du matrimoine.<\/p>\n<p>Pratique<\/p>\n<p class=\"note\">Du 1er septembre au 26 septembre 2026. Entr\u00e9e libre aux heures d\u2019ouverture de la m\u00e9diath\u00e8que de Riec-sur-B\u00e9lon.<\/p>\n","protected":false},"excerpt":{"rendered":"Jusqu\u2019au 26 septembre 2026, la m\u00e9diath\u00e8que de Riec-sur-B\u00e9lon pr\u00e9sente une nouvelle exposition consacr\u00e9e au cercle celtique Bleunio\u00f9 Lann&hellip;\n","protected":false},"author":2,"featured_media":239226,"comment_status":"","ping_status":"","sticky":false,"template":"","format":"standard","meta":{"footnotes":"","_share_on_mastodon":"0"},"categories":[101],"tags":[126,124,125,12,13,18,17,419,28433,127,96,95,50443],"class_list":["post-239225","post","type-post","status-publish","format-standard","has-post-thumbnail","category-arts-et-design","tag-arts","tag-arts-and-design","tag-arts-et-design","tag-be","tag-be-fr","tag-belgique","tag-belgium","tag-culture","tag-culture-bretonne","tag-design","tag-divertissement","tag-entertainment","tag-riec-sur-belon"],"share_on_mastodon":{"url":"https:\/\/pubeurope.com\/@be_fr\/117213364425428622","error":""},"_links":{"self":[{"href":"https:\/\/www.europesays.com\/be-fr\/wp-json\/wp\/v2\/posts\/239225","targetHints":{"allow":["GET"]}}],"collection":[{"href":"https:\/\/www.europesays.com\/be-fr\/wp-json\/wp\/v2\/posts"}],"about":[{"href":"https:\/\/www.europesays.com\/be-fr\/wp-json\/wp\/v2\/types\/post"}],"author":[{"embeddable":true,"href":"https:\/\/www.europesays.com\/be-fr\/wp-json\/wp\/v2\/users\/2"}],"replies":[{"embeddable":true,"href":"https:\/\/www.europesays.com\/be-fr\/wp-json\/wp\/v2\/comments?post=239225"}],"version-history":[{"count":0,"href":"https:\/\/www.europesays.com\/be-fr\/wp-json\/wp\/v2\/posts\/239225\/revisions"}],"wp:featuredmedia":[{"embeddable":true,"href":"https:\/\/www.europesays.com\/be-fr\/wp-json\/wp\/v2\/media\/239226"}],"wp:attachment":[{"href":"https:\/\/www.europesays.com\/be-fr\/wp-json\/wp\/v2\/media?parent=239225"}],"wp:term":[{"taxonomy":"category","embeddable":true,"href":"https:\/\/www.europesays.com\/be-fr\/wp-json\/wp\/v2\/categories?post=239225"},{"taxonomy":"post_tag","embeddable":true,"href":"https:\/\/www.europesays.com\/be-fr\/wp-json\/wp\/v2\/tags?post=239225"}],"curies":[{"name":"wp","href":"https:\/\/api.w.org\/{rel}","templated":true}]}}