{"id":239239,"date":"2026-09-04T15:09:24","date_gmt":"2026-09-04T15:09:24","guid":{"rendered":"https:\/\/www.europesays.com\/be-fr\/239239\/"},"modified":"2026-09-04T15:09:24","modified_gmt":"2026-09-04T15:09:24","slug":"intelligence-artificielle-et-emploi-des-jeunes-quel-impact-sur-lavenir","status":"publish","type":"post","link":"https:\/\/www.europesays.com\/be-fr\/239239\/","title":{"rendered":"Intelligence artificielle et emploi des jeunes\u202f: quel impact sur l\u2019avenir"},"content":{"rendered":"<p>  <img decoding=\"async\" class=\"r-img lazyloaded\" src=\"https:\/\/www.europesays.com\/be-fr\/wp-content\/uploads\/2026\/09\/1788534563_958_yasmine2.jpg\" alt=\"Yasmine Meziani\"\/><\/p>\n<p>Par <a href=\"https:\/\/www.rtl.be\/384772\/dpi-authors\/yasmine-meziani\" rel=\"nofollow noopener\" target=\"_blank\">Yasmine Meziani<\/a><\/p>\n<p>\tPubli\u00e9 le 04 septembre \u00e0 15h13\n<\/p>\n<p>  <a href=\"https:\/\/www.google.com\/preferences\/source?q=rtl%20info\" class=\"r-link--google-favorites\" role=\"button\">Ajoutez-nous \u00e0 vos favoris Google<\/a><br \/>\n\tFace \u00e0 l\u2019automatisation croissante des t\u00e2ches par l\u2019IA, experts et recruteurs s\u2019interrogent sur les cons\u00e9quences pour les jeunes sur le march\u00e9 du travail.<\/p>\n<p>&#13;<br \/>\n&#13;<\/p>\n<p>Ce vendredi, dans \u00ab\u00a015 minutes pour tout comprendre\u00a0\u00bb, le d\u00e9bat a port\u00e9 sur l\u2019impact de l\u2019intelligence artificielle sur l\u2019emploi des jeunes. L\u2019IA peut-elle prendre la place des juniors sur le march\u00e9 du travail\u00a0? Deux experts ont \u00e9clair\u00e9 la discussion\u00a0: Michel Herquet, expert en intelligence artificielle et directeur de YUMA, et Vincenzo Carrabs, directeur de Michael Page.<\/p>\n<p>Des t\u00e2ches de plus en plus automatisables<\/p>\n<p>Aujourd\u2019hui, \u00ab\u00a0une grande partie des t\u00e2ches associ\u00e9es \u00e0 beaucoup de m\u00e9tiers, dans lesquels on va retrouver des juniors, peuvent \u00eatre en partie, ou en totalit\u00e9, automatis\u00e9es avec de l\u2019IA\u00a0\u00bb, pr\u00e9cise Michel Herquet.<\/p>\n<p>&#13;<br \/>\n&#13;<\/p>\n<p>&#13;<br \/>\n&#13;<\/p>\n<p>\n  &#13;<br \/>\n  \u00c0 lire aussi&#13;<br \/>\n  &#13;<\/p>\n<p>  <img decoding=\"async\" class=\"r-img\"  typeof=\"foaf:Image\" src=\"https:\/\/www.europesays.com\/be-fr\/wp-content\/uploads\/2026\/09\/84356328.jpeg\" alt=\"ia_girls.jpg\"\/><br \/>\n        <a class=\"r-stories--link\" href=\"https:\/\/www.rtl.be\/actu\/belgique\/societe\/sans-ca-narrive-plus-rien-faire-comment-lia-sest-imposee-dans-le-quotidien-des\/2026-06-09\/article\/791080\" rel=\"nofollow noopener\" target=\"_blank\">\u00ab\u00a0Sans \u00e7a, on n\u2019arrive plus \u00e0 rien faire\u00a0\u00bb\u00a0: comment l\u2019IA s\u2019est impos\u00e9e dans le quotidien des Belges<\/a>&#13;<br \/>\n  &#13;<br \/>\n&#13;\n<\/p>\n<p>Il cite notamment l\u2019administration, la consultance ou encore la finance. Parmi les activit\u00e9s concern\u00e9es\u00a0: la production de documents, l\u2019analyse de documents, la synth\u00e8se ou encore le support client. \u00ab\u00a0Ce sont des t\u00e2ches, qu\u2019aujourd\u2019hui, on pense pouvoir partiellement automatiser avec de l\u2019IA\u00a0\u00bb, ajoute-t-il.<\/p>\n<p>Embauche des jeunes\u00a0: ce que constatent les recruteurs<\/p>\n<p>Les entreprises recrutent-elles moins de jeunes lorsque l\u2019Intelligence artificielle peut effectuer certaines t\u00e2ches \u00e0 leur place\u00a0? Vincenzo Carrabs, r\u00e9pond\u00a0: \u00ab\u00a0Ils n\u2019embauchent pas moins de jeunes\u00a0\u00bb. Selon lui, les entreprises cherchent surtout \u00ab\u00a0un moyen d\u2019am\u00e9liorer leur efficacit\u00e9 au niveau financier\u00a0\u00bb.<\/p>\n<p>La premi\u00e8re \u00e9tape consiste donc \u00e0 v\u00e9rifier \u00ab\u00a0si la t\u00e2che ne peut pas \u00eatre remplac\u00e9e par un outil IA\u00a0\u00bb. Ce processus prend \u00ab\u00a0jusqu\u2019\u00e0 7 mois\u00a0\u00bb, pr\u00e9cise le directeur de Michael Page. \u00ab\u00a0Et peut-\u00eatre qu\u2019ils reviennent \u00e0 l\u2019humain apr\u00e8s. Mais en tout cas la premi\u00e8re \u00e9tape c\u2019est d\u2019essayer de voir si c\u2019est possible de la remplacer\u00a0\u00bb, conclut-il.<\/p>\n<p>&#13;<br \/>\n&#13;<\/p>\n<p>\n  &#13;<br \/>\n  \u00c0 lire aussi&#13;<br \/>\n  &#13;<\/p>\n<p>  <img decoding=\"async\" data-copyright=\"RTL Info\" class=\"r-img\"  typeof=\"foaf:Image\" src=\"https:\/\/www.europesays.com\/be-fr\/wp-content\/uploads\/2026\/09\/76913582.png\" alt=\"Miguel Dhyne, docteur en sciences collaborateur \u00e0 l\u2019UNamur.\"\/><br \/>\n        <a class=\"r-stories--link\" href=\"https:\/\/www.rtl.be\/actu\/comment-etre-certain-que-lintelligence-artificielle-que-vous-utilisez-est-fiable\/2026-04-30\/article\/787359\" rel=\"nofollow noopener\" target=\"_blank\">Comment \u00eatre certain que l\u2019intelligence artificielle que vous utilisez est fiable\u00a0? \u00ab\u00a0La plus populaire n\u2019est pas forc\u00e9ment la meilleure\u00a0\u00bb<\/a>&#13;<br \/>\n  &#13;<br \/>\n&#13;\n<\/p>\n<p>Michel Herquet souligne que certaines missions restent difficiles \u00e0 confier \u00e0 l\u2019IA. \u00ab\u00a0La gestion d\u2019\u00e9quipe, de client, la compr\u00e9hension fine des rouages de l\u2019entreprise sont des choses qu\u2019on acquiert avec l\u2019exp\u00e9rience et sont plus difficiles \u00e0 communiquer \u00e0 l\u2019IA\u00a0\u00bb, observe-t-il.<\/p>\n<p>Cette segmentation des t\u00e2ches, entre ce qui est facilement faisable avec l\u2019IA et ce qui ne l\u2019est pas, a donc tendance \u00ab\u00a0\u00e0 \u00eatre en faveur des seniors plut\u00f4t que des juniors\u00a0\u00bb, note l\u2019expert. Mais il rappelle un atout des jeunes\u00a0: \u00ab\u00a0Il ne faut pas oublier que les jeunes ont des facilit\u00e9s et des capacit\u00e9s d\u2019adaptation et d\u2019adoption des nouvelles technologies\u00a0\u00bb, conclut Michel Herquet.<\/p>\n<p>&#13;<br \/>\n&#13;<\/p>\n<p>&#13;<br \/>\n&#13;<\/p>\n<p><a class=\"r-btn r-btn--tag\" href=\"https:\/\/www.rtl.be\/122095\/free-tags\/intelligence-artificielle\" title=\"intelligence artificielle\" rel=\"nofollow noopener\" target=\"_blank\">intelligence artificielle<\/a><\/p>\n","protected":false},"excerpt":{"rendered":"Par Yasmine Meziani Publi\u00e9 le 04 septembre \u00e0 15h13 Ajoutez-nous \u00e0 vos favoris Google Face \u00e0 l\u2019automatisation croissante&hellip;\n","protected":false},"author":2,"featured_media":239240,"comment_status":"","ping_status":"","sticky":false,"template":"","format":"standard","meta":{"footnotes":"","_share_on_mastodon":"0"},"categories":[8],"tags":[10,74242,68991,12,13,18,17,74239,179,451,7703,74243,74240,11,20126,74241],"class_list":["post-239239","post","type-post","status-publish","format-standard","has-post-thumbnail","category-actualites","tag-actualites","tag-adaptation-des-jeunes","tag-automatisation","tag-be","tag-be-fr","tag-belgique","tag-belgium","tag-emploi-des-jeunes","tag-entreprises","tag-intelligence-artificielle","tag-marche-du-travail","tag-metiers-juniors","tag-michel-herquet","tag-news","tag-recrutement","tag-vincenzo-carrabs"],"share_on_mastodon":{"url":"https:\/\/pubeurope.com\/@be_fr\/117213407959409216","error":""},"_links":{"self":[{"href":"https:\/\/www.europesays.com\/be-fr\/wp-json\/wp\/v2\/posts\/239239","targetHints":{"allow":["GET"]}}],"collection":[{"href":"https:\/\/www.europesays.com\/be-fr\/wp-json\/wp\/v2\/posts"}],"about":[{"href":"https:\/\/www.europesays.com\/be-fr\/wp-json\/wp\/v2\/types\/post"}],"author":[{"embeddable":true,"href":"https:\/\/www.europesays.com\/be-fr\/wp-json\/wp\/v2\/users\/2"}],"replies":[{"embeddable":true,"href":"https:\/\/www.europesays.com\/be-fr\/wp-json\/wp\/v2\/comments?post=239239"}],"version-history":[{"count":0,"href":"https:\/\/www.europesays.com\/be-fr\/wp-json\/wp\/v2\/posts\/239239\/revisions"}],"wp:featuredmedia":[{"embeddable":true,"href":"https:\/\/www.europesays.com\/be-fr\/wp-json\/wp\/v2\/media\/239240"}],"wp:attachment":[{"href":"https:\/\/www.europesays.com\/be-fr\/wp-json\/wp\/v2\/media?parent=239239"}],"wp:term":[{"taxonomy":"category","embeddable":true,"href":"https:\/\/www.europesays.com\/be-fr\/wp-json\/wp\/v2\/categories?post=239239"},{"taxonomy":"post_tag","embeddable":true,"href":"https:\/\/www.europesays.com\/be-fr\/wp-json\/wp\/v2\/tags?post=239239"}],"curies":[{"name":"wp","href":"https:\/\/api.w.org\/{rel}","templated":true}]}}