{"id":239263,"date":"2026-09-04T15:25:11","date_gmt":"2026-09-04T15:25:11","guid":{"rendered":"https:\/\/www.europesays.com\/be-fr\/239263\/"},"modified":"2026-09-04T15:25:11","modified_gmt":"2026-09-04T15:25:11","slug":"on-netait-pas-au-courant-lun-des-candidats-des-fumiers-de-prime-video-reagit-au-generique-fait-en-ia","status":"publish","type":"post","link":"https:\/\/www.europesays.com\/be-fr\/239263\/","title":{"rendered":"\u00ab\u00a0On n\u2019\u00e9tait pas au courant\u00a0\u00bb\u00a0: l\u2019un des candidats des \u00ab\u00a0Fumiers\u00a0\u00bb de Prime Video r\u00e9agit au g\u00e9n\u00e9rique fait en IA"},"content":{"rendered":"<p data-ofstats-scroll=\"read_depth_10\">Lanc\u00e9e samedi 29\u00a0ao\u00fbt 2026 sur  <a href=\"https:\/\/programmetv.ouest-france.fr\/plateformes\/amazon-prime-video\/\" target=\"_self\" rel=\"nofollow noopener\">Prime Video<\/a> , le docu-r\u00e9alit\u00e9  <a href=\"https:\/\/programmetv.ouest-france.fr\/divers\/telerealite\/les-fumiers-bienvenue-a-la-ferme-m436999441\/s01e01-ready-really-c436999461\/\" target=\"_self\" rel=\"nofollow noopener\">Fumiers\u00a0: bienvenue \u00e0 la ferme<\/a>  envoie huit cr\u00e9ateurs de contenu travailler dans des exploitations agricoles pendant quatre semaines. LeBouseuh, Deva Taieb, Fares Salvatore, Manon Pasquier, Edward Sadd, Seyna Diokha, Chocoh et Le Corbz se retrouvent ainsi confront\u00e9s aux r\u00e9veils matinaux, aux travaux physiques et au quotidien des agriculteurs.<\/p>\n<p data-ofstats-scroll=\"read_depth_20\">Le programme, produit par ITV Studios France et racont\u00e9 par Ragnar Le Breton, repose aussi sur un principe de comp\u00e9tition. Les candidats doivent r\u00e9aliser diff\u00e9rentes missions et accumuler de l\u2019argent, lequel doit ensuite \u00eatre revers\u00e9 \u00e0 l\u2019association choisie par le gagnant. Un participant doit \u00e9galement quitter l\u2019aventure chaque semaine.<\/p>\n<p>        \u00ab\u00a0Ils m\u2019ont dit qu\u2019ils allaient mettre des effets sp\u00e9ciaux\u00a0\u00bb<\/p>\n<p data-ofstats-scroll=\"read_depth_40\">Mais c\u2019est le g\u00e9n\u00e9rique de l\u2019\u00e9mission qui a retenu l\u2019attention de l\u2019un des participants des  <a href=\"https:\/\/programmetv.ouest-france.fr\/divers\/telerealite\/les-fumiers-bienvenue-a-la-ferme-m436999441\/s01e01-ready-really-c436999461\/\" target=\"_self\" rel=\"nofollow noopener\">Fumiers\u00a0: bienvenue \u00e0 la ferme<\/a>  . Dans une vid\u00e9o publi\u00e9e sur Instagram, Le Corbz, Alexandre de son vrai nom, revient sur le g\u00e9n\u00e9rique de l\u2019\u00e9mission et notamment sur les s\u00e9quences r\u00e9alis\u00e9es avec l\u2019intelligence artificielle. Apr\u00e8s avoir montr\u00e9 plusieurs images \u00e0 ses abonn\u00e9s, il explique avoir d\u00e9couvert le r\u00e9sultat une fois l\u2019\u00e9mission diffus\u00e9e. \u00ab\u00a0On n\u2019\u00e9tait pas au courant\u00a0\u00bb, assure-t-il.\u00a0<\/p>\n<p data-ofstats-scroll=\"read_depth_50\">\u00ab\u00a0Sur le tournage, on ne savait pas que \u00e7a allait \u00eatre de l\u2019IA. Moi j\u2019ai jou\u00e9. J\u2019ai fait le mec qui tangue comme sur un bateau, j\u2019ai fait semblant de vomir. Ils m\u2019ont dit qu\u2019ils allaient mettre des effets sp\u00e9ciaux, de la post prod. Je ne savais pas que c\u2019\u00e9tait de l\u2019IA.\u00a0\u00bb poursuit-il sur Instagram. Une d\u00e9couverte qui ne semble pas particuli\u00e8rement l\u2019avoir enchant\u00e9.<\/p>\n<p>        Le g\u00e9n\u00e9rique des \u00ab\u00a0Fumiers\u00a0\u00bb va-t-il \u00eatre remplac\u00e9\u00a0?<\/p>\n<p data-ofstats-scroll=\"read_depth_70\">Le cr\u00e9ateur de contenu aux 1,6\u00a0million d\u2019abonn\u00e9s sur TikTok, qui avait d\u00e9j\u00e0 affich\u00e9 son opposition \u00e0 l\u2019utilisation de l\u2019intelligence artificielle dans plusieurs de ses contenus, ne cache pas son agacement face \u00e0 ce choix pour le g\u00e9n\u00e9rique\u00a0: \u00ab\u00a0Qu\u2019on soit raccord avec mes derni\u00e8res vid\u00e9os, non f*ck l\u2019IA, \u00e0 100\u00a0%, explique-t-il. \u00c7a d\u00e9truit notre plan\u00e8te. \u00c7a utilise tellement d\u2019eau qu\u2019en 2025, \u00e7a va plus utiliser d\u2019eau que toute l\u2019industrie de l\u2019eau, des bouteilles d\u2019eau. C\u2019est lunaire, \u00e7a ne sert \u00e0 rien. \u00c7a fait dispara\u00eetre des m\u00e9tiers.\u00a0\u00bb<\/p>\n<p>Lire aussi\u00a0: <a href=\"https:\/\/programmetv.ouest-france.fr\/plateformes\/amazon-prime-video\/les-fumiers-quelle-est-cette-emission-sur-prime-video-qui-envoie-huit-influenceurs-travailler-dans-une-ferme-f7803b2c-a163-11f1-a9be-af36b8f2f435\" target=\"_self\" rel=\"nofollow noopener\">\u00ab\u00a0Les fumiers\u00a0\u00bb\u00a0: quelle est cette \u00e9mission sur Prime Video qui envoie huit influenceurs travailler dans une ferme\u00a0?<\/a><\/p>\n<p data-ofstats-scroll=\"read_depth_90\">D\u2019apr\u00e8s lui, le g\u00e9n\u00e9rique pourrait finalement \u00eatre retir\u00e9 apr\u00e8s les r\u00e9actions des internautes. \u00ab\u00a0Voil\u00e0, on dit au revoir \u00e0 ce g\u00e9n\u00e9rique, qui va \u00eatre supprim\u00e9 gr\u00e2ce \u00e0 vos commentaires\u00a0!\u00a0\u00bb, \u00e9crit-il en l\u00e9gende de sa publication. Le candidat tient cependant \u00e0 distinguer cette pol\u00e9mique du reste de son exp\u00e9rience dans l\u2019\u00e9mission. \u00ab\u00a0Par contre, allez vraiment voir l\u2019\u00e9mission. Elle est vraiment cool, on met vraiment en avant le m\u00e9tier des agriculteurs.\u00a0\u00bb<\/p>\n<p data-ofstats-scroll=\"read_depth_100\">Et de rappeler \u00e9galement la dimension caritative du programme. L\u2019argent remport\u00e9 au fil des \u00e9preuves doit \u00eatre destin\u00e9 \u00e0 l\u2019association choisie par le candidat qui remportera l\u2019aventure. De son c\u00f4t\u00e9, le jeune homme a choisi de soutenir Le rire m\u00e9decin, une association qui intervient aupr\u00e8s des enfants hospitalis\u00e9s.<\/p>\n","protected":false},"excerpt":{"rendered":"Lanc\u00e9e samedi 29\u00a0ao\u00fbt 2026 sur Prime Video , le docu-r\u00e9alit\u00e9 Fumiers\u00a0: bienvenue \u00e0 la ferme envoie huit cr\u00e9ateurs&hellip;\n","protected":false},"author":2,"featured_media":239264,"comment_status":"","ping_status":"","sticky":false,"template":"","format":"standard","meta":{"footnotes":"","_share_on_mastodon":"0"},"categories":[99],"tags":[1183,1720,12,13,18,17,96,95,451,10356,112,1182],"class_list":["post-239263","post","type-post","status-publish","format-standard","has-post-thumbnail","category-television","tag-actualite-en-continu","tag-amazon-prime-video","tag-be","tag-be-fr","tag-belgique","tag-belgium","tag-divertissement","tag-entertainment","tag-intelligence-artificielle","tag-telerealite","tag-television","tag-une"],"share_on_mastodon":{"url":"https:\/\/pubeurope.com\/@be_fr\/117213470673057615","error":""},"_links":{"self":[{"href":"https:\/\/www.europesays.com\/be-fr\/wp-json\/wp\/v2\/posts\/239263","targetHints":{"allow":["GET"]}}],"collection":[{"href":"https:\/\/www.europesays.com\/be-fr\/wp-json\/wp\/v2\/posts"}],"about":[{"href":"https:\/\/www.europesays.com\/be-fr\/wp-json\/wp\/v2\/types\/post"}],"author":[{"embeddable":true,"href":"https:\/\/www.europesays.com\/be-fr\/wp-json\/wp\/v2\/users\/2"}],"replies":[{"embeddable":true,"href":"https:\/\/www.europesays.com\/be-fr\/wp-json\/wp\/v2\/comments?post=239263"}],"version-history":[{"count":0,"href":"https:\/\/www.europesays.com\/be-fr\/wp-json\/wp\/v2\/posts\/239263\/revisions"}],"wp:featuredmedia":[{"embeddable":true,"href":"https:\/\/www.europesays.com\/be-fr\/wp-json\/wp\/v2\/media\/239264"}],"wp:attachment":[{"href":"https:\/\/www.europesays.com\/be-fr\/wp-json\/wp\/v2\/media?parent=239263"}],"wp:term":[{"taxonomy":"category","embeddable":true,"href":"https:\/\/www.europesays.com\/be-fr\/wp-json\/wp\/v2\/categories?post=239263"},{"taxonomy":"post_tag","embeddable":true,"href":"https:\/\/www.europesays.com\/be-fr\/wp-json\/wp\/v2\/tags?post=239263"}],"curies":[{"name":"wp","href":"https:\/\/api.w.org\/{rel}","templated":true}]}}