{"id":239273,"date":"2026-09-04T15:34:18","date_gmt":"2026-09-04T15:34:18","guid":{"rendered":"https:\/\/www.europesays.com\/be-fr\/239273\/"},"modified":"2026-09-04T15:34:18","modified_gmt":"2026-09-04T15:34:18","slug":"faites-des-bebes-autant-que-vous-pouvez-polemique-en-flandre-apres-les-propos-de-la-bourgmestre-danvers","status":"publish","type":"post","link":"https:\/\/www.europesays.com\/be-fr\/239273\/","title":{"rendered":"\u00ab\u00a0Faites des b\u00e9b\u00e9s, autant que vous pouvez\u00a0!\u00a0\u00bb: pol\u00e9mique en Flandre apr\u00e8s les propos de la bourgmestre d&rsquo;Anvers"},"content":{"rendered":"<p><a href=\"https:\/\/www.parismatch.be\/actualites\/people-belgique\/2026\/05\/10\/virginie-efira-se-confie-comme-rarement-sur-sa-maternite-a-46-ans-cest-un-vieil-age-SVWFZQSDWNG63CTA7EGQAWN2SE\/\" target=\"_self\" class=\"ap-StoryInterstitialLink ap-StoryElement ap-StoryElement--mb\" rel=\"nofollow noopener\">Virginie Efira se confie comme rarement sur sa maternit\u00e9 \u00e0 46 ans : \u00ab\u00a0C&rsquo;est un vieil \u00e2ge\u00a0\u00bb (vid\u00e9o)<\/a>\u00ab\u00a0Sortez de votre tour d&rsquo;ivoire\u00a0\u00bb<\/p>\n<p class=\"ap-StoryElement ap-StoryElement--mb ap-StoryText\">Des propos qui ont notamment fait r\u00e9agir Dorien Nuyts, une jeune entrepreneuse et cr\u00e9atrice de contenus connue en Flandre pour avoir ouvert sa friterie \u00ab\u00a0Frituur Cong\u00e9\u00a0\u00bb. Sur Instagram, elle a jug\u00e9 que les mots de la bourgemestre \u00e9taient ceux d&rsquo;une femme \u00ab\u00a0d\u00e9connect\u00e9e de la r\u00e9alit\u00e9\u00a0\u00bb qui ne se rend pas compte de la situation d&rsquo;autres personnes. Notamment les parents qui ne trouvent par exemple pas de place en cr\u00e8che et ne peuvent pas se permettre de garder leurs enfants \u00e0 la maison. \u00ab\u00a0C&rsquo;est \u00e0 la bourgmestre qu&rsquo;il incombe de mettre en place des structures adapt\u00e9es, mais l&rsquo;offre dans sa ville est ridiculement faible\u00a0\u00bb, a notamment d\u00e9plor\u00e9 Dorien Nuyts mercredi, via Instagram. \u00ab\u00a0Sortez de votre tour d&rsquo;ivoire\u00a0\u00bb, \u00e9crit-elle encore en l\u00e9gende de sa vid\u00e9o, affirmant qu&rsquo;elle a re\u00e7u plusieurs centaines de messages : \u00ab\u00a0Ma bo\u00eete de r\u00e9ception a \u00e9t\u00e9 submerg\u00e9e de r\u00e9actions (480 pour \u00eatre exacte) de femmes : des m\u00e8res, mais aussi des femmes qui ne peuvent pas avoir d&rsquo;enfants malgr\u00e9 elles ou qui viennent de perdre un b\u00e9b\u00e9 et qui ressentent une immense tristesse face au message d&rsquo;Els van Doesburg\u00a0\u00bb.<\/p>\n<p><a href=\"https:\/\/www.parismatch.be\/culture\/musique\/2026\/05\/03\/je-me-sens-clairement-changee-en-tant-que-femme-couronne-de-guerriere-et-seconde-peau-le-secret-de-la-metamorphose-de-typh-barrow-QRC3CWDEHBEQFKX5GAD65VF3EE\/\" target=\"_self\" class=\"ap-StoryInterstitialLink ap-StoryElement ap-StoryElement--mb\" rel=\"nofollow noopener\">\u00ab\u00a0Je me sens clairement chang\u00e9e en tant que femme\u00a0\u00bb : couronne de guerri\u00e8re et seconde peau, le secret de la m\u00e9tamorphose de Typh Barrow<\/a><\/p>\n<p class=\"ap-StoryElement ap-StoryElement--mb ap-StoryText\">Ce jeudi, la bourgmestre, piqu\u00e9e au vif, a r\u00e9pondu \u00e0 la pol\u00e9mique. \u00ab\u00a0Le fait que j&rsquo;adore la maternit\u00e9 et que je ne la porte pas comme un fardeau insurmontable fait apparemment de moi une personne &lsquo;privil\u00e9gi\u00e9e&rsquo;, &lsquo;d\u00e9connect\u00e9e de la r\u00e9alit\u00e9&rsquo; et &lsquo;d\u00e9shumaine&rsquo;. Mais qu&rsquo;est-ce qu&rsquo;on se raconte, au juste ? Qu&rsquo;est-ce que cela r\u00e9v\u00e8le de notre vision de la maternit\u00e9 ? N&rsquo;a-t-on pas le droit de parler de l&rsquo;amour infini qu&rsquo;apporte un enfant sans le nuancer \u00e0 outrance ?\u00a0\u00bb, s&rsquo;est interrog\u00e9e Els van Doesburg, elle aussi via les r\u00e9seaux sociaux.<\/p>\n<p class=\"ap-StoryElement ap-StoryElement--mb ap-StoryText\">Elle a reconnu que toutes les mamans ne vivaient pas la maternit\u00e9 de la m\u00eame mani\u00e8re, et que cela pouvait \u00eatre difficile. \u00ab\u00a0Mais ce que je veux faire passer, c&rsquo;est ceci : \u00e0 quel point c&rsquo;est beau, honorable et merveilleux d&rsquo;\u00eatre maman. Cela ne devrait-il pas \u00eatre la principale image de la maternit\u00e9 ?\u00a0\u00bb, a-t-elle lanc\u00e9, regrettant aussi qu&rsquo;une vision plus pessimiste de la maternit\u00e9 donne l&rsquo;impression aux enfants qu&rsquo;ils n&rsquo;\u00e9taient \u00ab\u00a0qu&rsquo;un fardeau\u00a0\u00bb pour leurs parents.<\/p>\n<p><a href=\"https:\/\/www.parismatch.be\/actualites\/people\/2025\/11\/29\/je-culpabilisais-un-petit-peu-aya-nakamura-fait-de-rares-confidences-sur-son-role-de-mere-FAYBQM5THZD2XC4CY47RURYBO4\/\" target=\"_self\" class=\"ap-StoryInterstitialLink ap-StoryElement ap-StoryElement--mb\" rel=\"nofollow noopener\">\u00ab\u00a0Je culpabilisais un petit peu\u00a0\u00bb : Aya Nakamura fait de rares confidences sur son r\u00f4le de m\u00e8re<\/a><\/p>\n","protected":false},"excerpt":{"rendered":"Virginie Efira se confie comme rarement sur sa maternit\u00e9 \u00e0 46 ans : \u00ab\u00a0C&rsquo;est un vieil \u00e2ge\u00a0\u00bb (vid\u00e9o)\u00ab\u00a0Sortez&hellip;\n","protected":false},"author":2,"featured_media":239274,"comment_status":"","ping_status":"","sticky":false,"template":"","format":"standard","meta":{"footnotes":"","_share_on_mastodon":"0"},"categories":[2],"tags":[961,145,12,13,18,17,3026,4874,685,1422,6191,962,1425,1426,7480,966,2642,692,969,491,1436,2649,2656,2266],"class_list":["post-239273","post","type-post","status-publish","format-standard","has-post-thumbnail","category-belgique","tag-adult","tag-architecture","tag-be","tag-be-fr","tag-belgique","tag-belgium","tag-clothing","tag-cold-temperature","tag-day","tag-emotion","tag-focus-on-foreground","tag-front-view","tag-happiness","tag-headshot","tag-leisure-activity","tag-looking-at-camera","tag-mountain","tag-nature","tag-one-person","tag-portrait","tag-smiling","tag-snow","tag-winter","tag-women"],"share_on_mastodon":{"url":"https:\/\/pubeurope.com\/@be_fr\/117213506438019556","error":""},"_links":{"self":[{"href":"https:\/\/www.europesays.com\/be-fr\/wp-json\/wp\/v2\/posts\/239273","targetHints":{"allow":["GET"]}}],"collection":[{"href":"https:\/\/www.europesays.com\/be-fr\/wp-json\/wp\/v2\/posts"}],"about":[{"href":"https:\/\/www.europesays.com\/be-fr\/wp-json\/wp\/v2\/types\/post"}],"author":[{"embeddable":true,"href":"https:\/\/www.europesays.com\/be-fr\/wp-json\/wp\/v2\/users\/2"}],"replies":[{"embeddable":true,"href":"https:\/\/www.europesays.com\/be-fr\/wp-json\/wp\/v2\/comments?post=239273"}],"version-history":[{"count":0,"href":"https:\/\/www.europesays.com\/be-fr\/wp-json\/wp\/v2\/posts\/239273\/revisions"}],"wp:featuredmedia":[{"embeddable":true,"href":"https:\/\/www.europesays.com\/be-fr\/wp-json\/wp\/v2\/media\/239274"}],"wp:attachment":[{"href":"https:\/\/www.europesays.com\/be-fr\/wp-json\/wp\/v2\/media?parent=239273"}],"wp:term":[{"taxonomy":"category","embeddable":true,"href":"https:\/\/www.europesays.com\/be-fr\/wp-json\/wp\/v2\/categories?post=239273"},{"taxonomy":"post_tag","embeddable":true,"href":"https:\/\/www.europesays.com\/be-fr\/wp-json\/wp\/v2\/tags?post=239273"}],"curies":[{"name":"wp","href":"https:\/\/api.w.org\/{rel}","templated":true}]}}