{"id":239305,"date":"2026-09-04T15:52:08","date_gmt":"2026-09-04T15:52:08","guid":{"rendered":"https:\/\/www.europesays.com\/be-fr\/239305\/"},"modified":"2026-09-04T15:52:08","modified_gmt":"2026-09-04T15:52:08","slug":"julien-clerc-thiefaine-belin-cheral-les-tetes-daffiche-du-festival-les-rendez-vous-soniques-sont-connues","status":"publish","type":"post","link":"https:\/\/www.europesays.com\/be-fr\/239305\/","title":{"rendered":"Julien Clerc, Thi\u00e9faine, Belin, Ch\u00e9ral\u2026 Les t\u00eates d\u2019affiche du festival Les Rendez-vous soniques sont connues"},"content":{"rendered":"<p>\n                Article premium,<br \/>\n                    R\u00e9serv\u00e9 aux\u00a0abonn\u00e9s\n            <\/p>\n<p class=\"su-standfirst chapeau\">Julien Clerc ouvrira la 17e \u00e9dition du festival Les Rendez-vous soniques \u00e0 Saint-L\u00f4\u00a0(Manche), le mardi 10\u00a0novembre 2026 au parc des expositions. Plusieurs concerts affichent d\u2019ores et d\u00e9j\u00e0 complet.<\/p>\n<p>                                        <img decoding=\"async\" class=\"su-media\" src=\"https:\/\/www.europesays.com\/be-fr\/wp-content\/uploads\/2026\/09\/MjAyNjA5NTUxYjE0NzVlZTM0YmY0ZGJlYTkzOGFkODc3MDBiNDY.webp\" alt=\"Julien Clerc donnera le coup d\u2019envoi des Rendez-vous soniques mardi 10\u00a0novembre 2026 au parc des expositions.\"  \/><\/p>\n<p>                            Julien Clerc donnera le coup d\u2019envoi des Rendez-vous soniques mardi 10\u00a0novembre 2026 au parc des expositions. | MARTIN ROCHE \/ OUEST-FRANCE<\/p>\n<p>                            fermer<\/p>\n<p><img decoding=\"async\" data-ofmaxheight=\"\" class=\"su-media lazyload\" alt=\"Julien Clerc donnera le coup d\u2019envoi des Rendez-vous soniques mardi 10\u00a0novembre 2026 au parc des expositions.\" src=\"data:image\/png;base64,iVBORw0KGgoAAAANSUhEUgAAABAAAAAJCAYAAAA7KqwyAAAAGXRFWHRTb2Z0d2FyZQBBZG9iZSBJbWFnZVJlYWR5ccllPAAAABhJREFUeNpi\/P\/\/PwMlgHHUgFEDgAAgwAD+lBrvy+NcxAAAAABJRU5ErkJggg==\" data-oflazyload=\"{&quot;srcset&quot;:&quot;https:\/\/media.ouest-france.fr\/v1\/pictures\/MjAyNjA5NTUxYjE0NzVlZTM0YmY0ZGJlYTkzOGFkODc3MDBiNDY?width=320&amp;focuspoint=50%2C25&amp;cropresize=1&amp;client_id=bpeditorial&amp;sign=a56b6b9c9a93e48a38df88604caf1c218a4255001d54682ae3732a6d427f0d33 320w,https:\/\/media.ouest-france.fr\/v1\/pictures\/MjAyNjA5NTUxYjE0NzVlZTM0YmY0ZGJlYTkzOGFkODc3MDBiNDY?width=375&amp;focuspoint=50%2C25&amp;cropresize=1&amp;client_id=bpeditorial&amp;sign=0f70ca82ec758ebcd279f1babb7a15d0438d71c7f8218a204a80d8b633818da3 360w,https:\/\/media.ouest-france.fr\/v1\/pictures\/MjAyNjA5NTUxYjE0NzVlZTM0YmY0ZGJlYTkzOGFkODc3MDBiNDY?width=480&amp;focuspoint=50%2C25&amp;cropresize=1&amp;client_id=bpeditorial&amp;sign=ce9ac63688c6ecd004940ba82954bb16917368c1fba550a559f6ad420f6e37e8 480w,https:\/\/media.ouest-france.fr\/v1\/pictures\/MjAyNjA5NTUxYjE0NzVlZTM0YmY0ZGJlYTkzOGFkODc3MDBiNDY?width=630&amp;focuspoint=50%2C25&amp;cropresize=1&amp;client_id=bpeditorial&amp;sign=3ad74e4260201930415822973c132fe22835cd49c201fecaa5d27d99cea1f5b8 630w,https:\/\/media.ouest-france.fr\/v1\/pictures\/MjAyNjA5NTUxYjE0NzVlZTM0YmY0ZGJlYTkzOGFkODc3MDBiNDY?width=940&amp;focuspoint=50%2C25&amp;cropresize=1&amp;client_id=bpeditorial&amp;sign=c07021b36366764e987a6c9f7937d4a2c9a2c00dce7f26981d6a99ee3eaa3618 940w,https:\/\/media.ouest-france.fr\/v1\/pictures\/MjAyNjA5NTUxYjE0NzVlZTM0YmY0ZGJlYTkzOGFkODc3MDBiNDY?width=1260&amp;focuspoint=50%2C25&amp;cropresize=1&amp;client_id=bpeditorial&amp;sign=3fec6ce093ecf7792e1f6046935e8636ced733dcad9279a9574c7723b44b3270 1260w&quot;}\"\/>Julien Clerc donnera le coup d\u2019envoi des Rendez-vous soniques mardi 10\u00a0novembre 2026 au parc des expositions. | MARTIN ROCHE \/ OUEST-FRANCE                            <\/p>\n<p data-ofstats-scroll=\"read_depth_20\">Apr\u00e8s son passage au festival Les Grandes mar\u00e9es \u00e0 Jullouville\u00a0(Manche) cet \u00e9t\u00e9, Julien Clerc revient dans la Manche cet automne. <a href=\"https:\/\/www.ouest-france.fr\/normandie\/saint-lo-50000\/julien-clerc-ouvrira-le-festival-les-rendez-vous-soniques-a-saint-lo-mardi-10-novembre-2026-9eed365e-a6b8-11f1-8a27-1e0c4eb5e395\" target=\"_self\" rel=\"nofollow noopener\">Le chanteur \u00e2g\u00e9 de 78\u00a0ans rejoint l\u2019affiche des Rendez-vous soniques \u00e0 Saint-L\u00f4<\/a>\u00a0(du 10 au 14\u00a0novembre) et lancera le festival mardi 10\u00a0novembre 2026.<\/p>\n<p>On adore avoir ce genre de grand artiste populaire \u00e0 l\u2019affiche,ajoute Nicolas d\u2019Aprigny, le programmateur du rendez-vous saint-lois. La derni\u00e8re fois, c\u2019\u00e9tait V\u00e9ronique Sanson en 2022, d\u00e9j\u00e0 au parc&#8230;<\/p>\n<p style=\"text-align: center; background-color: #dbbe4d; padding-top: 5px; padding-bottom: 5px; font-size: 14px;\">D\u00e9j\u00e0 abonn\u00e9 ? <a data-trkartmonet=\"Identification\" data-trk-sipa=\"{\" blockcategory=\"\" paywall=\"\" href=\"http:\/\/www.ouest-france.fr\/login?redirect=https:\/\/www.ouest-france.fr\/normandie\/saint-lo-50000\/julien-clerc-thiefaine-belin-cheral-les-tetes-daffiche-du-festival-les-rendez-vous-soniques-sont-connues-0c7013ac-a84b-11f1-a3f7-c4f38a0eaa1c\" rel=\"nofollow noopener\" title=\"Se connecter \u00e0 Ouest-France\" class=\"su-link-light\" target=\"_blank\">Connectez-vous<\/a><\/p>\n<p style=\"text-align: center; padding-top: 15px; padding-bottom: 8px; vertical-align: bottom;\">bloqu\u00e9 Pour lire la suite, abonnez-vous<\/p>\n<p style=\"text-align: center;\">1er mois \u00e0 1\u20ac<\/p>\n<p style=\"text-align: center; margin-top: -5px;\">Annulable \u00e0 tout moment<\/p>\n<p style=\"text-align: center;\">\u00a0<\/p>\n<p style=\"text-align: center;\"><a data-ida=\"\" data-trkartmonet=\"Tunnel OF+\" data-trk-sipa=\"{&#010;\" blockcategory=\"\" paywall=\"\" :=\"\" m=\"\" of=\"\" class=\"su-button su-subscription\" data-trk-bloc=\"paywall\" href=\"https:\/\/abonnement.ouest-france.fr\/tunnel\/pack-essentiel-article\/122096117101?int_medium=lien&amp;int_campaign=PWFR0225-OF&amp;int_content=page-article-payant_boutonjaune-paywall&amp;marquesource=OF&amp;rt=https:\/\/www.ouest-france.fr\/normandie\/saint-lo-50000\/julien-clerc-thiefaine-belin-cheral-les-tetes-daffiche-du-festival-les-rendez-vous-soniques-sont-connues-0c7013ac-a84b-11f1-a3f7-c4f38a0eaa1c\" rel=\"nofollow noopener\" target=\"_blank\">Je m&rsquo;abonne<\/a><\/p>\n<p style=\"text-align: center; padding-top: 10px; padding-bottom: 10px;\"><img decoding=\"async\" src=\"https:\/\/media.ouest-france.fr\/v1\/fonts\/be7723fcee3f1866f1ce99184077fc6f-carte-bancaire.svg?height=36\" alt=\"CB\"\/>\u00a0\u00a0<img decoding=\"async\" src=\"https:\/\/media.ouest-france.fr\/v1\/fonts\/1819d54c599d8afa64539cfba4ac9dde-rib.svg?height=36\" alt=\"RIB\"\/>\u00a0\u00a0<img decoding=\"async\" src=\"https:\/\/media.ouest-france.fr\/v1\/fonts\/065fc80d7b6a03d14a834c224ce723e1-paypal.svg?height=36\" alt=\"PAYPAL\"\/><\/p>\n","protected":false},"excerpt":{"rendered":"Article premium, R\u00e9serv\u00e9 aux\u00a0abonn\u00e9s Julien Clerc ouvrira la 17e \u00e9dition du festival Les Rendez-vous soniques \u00e0 Saint-L\u00f4\u00a0(Manche), le&hellip;\n","protected":false},"author":2,"featured_media":239306,"comment_status":"","ping_status":"","sticky":false,"template":"","format":"standard","meta":{"footnotes":"","_share_on_mastodon":"0"},"categories":[98],"tags":[33354,12,13,18,17,19232,96,95,33352,107,108,73870,22519],"class_list":["post-239305","post","type-post","status-publish","format-standard","has-post-thumbnail","category-musique","tag-avranches","tag-be","tag-be-fr","tag-belgique","tag-belgium","tag-coutances","tag-divertissement","tag-entertainment","tag-granville","tag-music","tag-musique","tag-rendez-vous-soniques","tag-saint-lo"],"share_on_mastodon":{"url":"https:\/\/pubeurope.com\/@be_fr\/117213577293052844","error":""},"_links":{"self":[{"href":"https:\/\/www.europesays.com\/be-fr\/wp-json\/wp\/v2\/posts\/239305","targetHints":{"allow":["GET"]}}],"collection":[{"href":"https:\/\/www.europesays.com\/be-fr\/wp-json\/wp\/v2\/posts"}],"about":[{"href":"https:\/\/www.europesays.com\/be-fr\/wp-json\/wp\/v2\/types\/post"}],"author":[{"embeddable":true,"href":"https:\/\/www.europesays.com\/be-fr\/wp-json\/wp\/v2\/users\/2"}],"replies":[{"embeddable":true,"href":"https:\/\/www.europesays.com\/be-fr\/wp-json\/wp\/v2\/comments?post=239305"}],"version-history":[{"count":0,"href":"https:\/\/www.europesays.com\/be-fr\/wp-json\/wp\/v2\/posts\/239305\/revisions"}],"wp:featuredmedia":[{"embeddable":true,"href":"https:\/\/www.europesays.com\/be-fr\/wp-json\/wp\/v2\/media\/239306"}],"wp:attachment":[{"href":"https:\/\/www.europesays.com\/be-fr\/wp-json\/wp\/v2\/media?parent=239305"}],"wp:term":[{"taxonomy":"category","embeddable":true,"href":"https:\/\/www.europesays.com\/be-fr\/wp-json\/wp\/v2\/categories?post=239305"},{"taxonomy":"post_tag","embeddable":true,"href":"https:\/\/www.europesays.com\/be-fr\/wp-json\/wp\/v2\/tags?post=239305"}],"curies":[{"name":"wp","href":"https:\/\/api.w.org\/{rel}","templated":true}]}}