{"id":239365,"date":"2026-09-04T16:42:12","date_gmt":"2026-09-04T16:42:12","guid":{"rendered":"https:\/\/www.europesays.com\/be-fr\/239365\/"},"modified":"2026-09-04T16:42:12","modified_gmt":"2026-09-04T16:42:12","slug":"entrave-mechante-a-boussu-le-parquet-sort-une-note-surprise-a-laudience-lavocat-de-la-defense-semporte","status":"publish","type":"post","link":"https:\/\/www.europesays.com\/be-fr\/239365\/","title":{"rendered":"Entrave m\u00e9chante \u00e0 Boussu\u00a0: le parquet sort une note surprise \u00e0 l&rsquo;audience, l&rsquo;avocat de la d\u00e9fense s&#8217;emporte"},"content":{"rendered":"<p class=\"ap-StoryElement ap-StoryElement--mb ap-StoryText\">Selon les policiers, Marc aurait \u00e9t\u00e9 aper\u00e7u au volant d&rsquo;une BMW vers 18h05. Quarante-cinq minutes plus tard, une autre patrouille l&rsquo;aurait \u00e0 nouveau crois\u00e9 dans une autre rue de Boussu.<\/p>\n<p>Interrogations de la d\u00e9fense<\/p>\n<p class=\"ap-StoryElement ap-StoryElement--mb ap-StoryText\">\u00ab\u00a0On est dans une appr\u00e9ciation subjective des policiers, estime Me Guttadauria. Le croisement dure trois secondes et l&rsquo;identification repose sur une photo de mon client alors qu&rsquo;il avait quinze ans.\u00a0\u00bb<\/p>\n<p class=\"ap-StoryElement ap-StoryElement--mb ap-StoryText\">L&rsquo;avocat s&rsquo;interroge \u00e9galement : si son client \u00e9tait r\u00e9ellement recherch\u00e9 dans le cadre de deux dossiers \u00e0 l&rsquo;instruction, pourquoi aurait-il circul\u00e9 tranquillement dans la commune ?<\/p>\n<p><a href=\"https:\/\/www.dhnet.be\/regions\/mons\/borinage\/2026\/09\/03\/demantelement-du-reseau-luckyans-le-borinage-les-chefs-condamnes-a-trois-ans-de-prison-XJQFGXGY4BAWJMYD6QDIWNU6BQ\/\" target=\"_self\" class=\"ap-StoryInterstitialLink ap-StoryElement ap-StoryElement--mb\" rel=\"nofollow noopener\">D\u00e9mant\u00e8lement du r\u00e9seau \u00ab\u00a0Lucky\u00a0\u00bb\u00a0\u00bbans le Borinage : Les chefs condamn\u00e9s \u00e0 trois ans de prison<\/a><\/p>\n<p class=\"ap-StoryElement ap-StoryElement--mb ap-StoryText\">Pour illustrer les dangers d&rsquo;une identification sur photo, le p\u00e9naliste raconte d&rsquo;ailleurs une m\u00e9saventure qui lui est personnellement arriv\u00e9e. \u00ab\u00a0Un membre du parquet m&rsquo;avait signifi\u00e9 que j&rsquo;allais \u00eatre auditionn\u00e9 comme suspect dans une affaire de trafic international de fausses cartes bancaires. Un policier qui me conna\u00eet depuis longtemps m&rsquo;avait identifi\u00e9 sur une photo extraite d&rsquo;une vid\u00e9o. Je me suis pr\u00e9sent\u00e9 \u00e0 la police et ce n&rsquo;\u00e9tait \u00e9videmment pas moi.\u00a0\u00bb<\/p>\n<p>La tension monte dans le pr\u00e9toire<\/p>\n<p class=\"ap-StoryElement ap-StoryElement--mb ap-StoryText\">Le substitut du procureur annonce ensuite qu&rsquo;il souhaite d\u00e9poser deux nouvelles pi\u00e8ces au dossier. Probl\u00e8me : celles-ci n&rsquo;ont pas \u00e9t\u00e9 communiqu\u00e9es \u00e0 la d\u00e9fense avant l&rsquo;audience.<\/p>\n<p class=\"ap-StoryElement ap-StoryElement--mb ap-StoryText\">\u00ab\u00a0C&rsquo;est d\u00e9licat\u00a0\u00bb, souffle le pr\u00e9sident du tribunal.<\/p>\n<p class=\"ap-StoryElement ap-StoryElement--mb ap-StoryText\">Le parquet maintient n\u00e9anmoins sa position et estime Marc coupable. Le magistrat s&rsquo;appuie notamment sur le parcours d&rsquo;une voiture de location. \u00ab\u00a0La voiture a \u00e9t\u00e9 lou\u00e9e \u00e0 15h30 \u00e0 Bruxelles-Midi. Elle a ensuite \u00e9t\u00e9 film\u00e9e par les cam\u00e9ras ANPR sur l&rsquo;axe Bruxelles-Charleroi-Mons. Monsieur n&rsquo;est pas titulaire du permis de conduire.\u00a0\u00bb<\/p>\n<p class=\"ap-StoryElement ap-StoryElement--mb ap-StoryText\">Puis vient une nouvelle r\u00e9v\u00e9lation.<\/p>\n<p class=\"ap-StoryElement ap-StoryElement--mb ap-StoryText\">Le substitut \u00e9voque un autre dossier : \u00ab\u00a0Le 30 octobre 2025, il a pris la fuite en voiture alors qu&rsquo;il faisait l&rsquo;objet d&rsquo;une enqu\u00eate en mati\u00e8re de stup\u00e9fiants. Il s&rsquo;agissait encore d&rsquo;une voiture de location.\u00a0\u00bb<\/p>\n<p class=\"ap-StoryElement ap-StoryElement--mb ap-StoryText\">La d\u00e9fense intervient : \u00ab\u00a0C&rsquo;est scandaleux ! \u00a0\u00bb lance Me Guttadauria.<\/p>\n<p class=\"ap-StoryElement ap-StoryElement--mb ap-StoryText\">Le pr\u00e9sident abonde : \u00ab\u00a0Ce n&rsquo;est en effet pas tr\u00e8s loyal.\u00a0\u00bb<\/p>\n<p>Erreur de jeunesse<\/p>\n<p class=\"ap-StoryElement ap-StoryElement--mb ap-StoryText\">Le jeune magistrat du parquet reconna\u00eet finalement son erreur. Il explique n&rsquo;avoir pris connaissance de ce nouveau dossier que la veille de l&rsquo;audience. Une information arriv\u00e9e trop tard pour permettre un v\u00e9ritable d\u00e9bat contradictoire.<\/p>\n<p class=\"ap-StoryElement ap-StoryElement--mb ap-StoryText\">Malgr\u00e9 cette maladresse, le parquet maintient ses r\u00e9quisitions et r\u00e9clame une peine de niveau 2.<\/p>\n<p class=\"ap-StoryElement ap-StoryElement--mb ap-StoryText\">Et le jeune substitut, confront\u00e9 \u00e0 un pr\u00e9sident exp\u00e9riment\u00e9 et \u00e0 un avocat p\u00e9naliste qui conna\u00eet parfaitement les ficelles de la proc\u00e9dure, aura sans doute appris une le\u00e7on utile pour ses prochaines audiences.<\/p>\n","protected":false},"excerpt":{"rendered":"Selon les policiers, Marc aurait \u00e9t\u00e9 aper\u00e7u au volant d&rsquo;une BMW vers 18h05. Quarante-cinq minutes plus tard, une&hellip;\n","protected":false},"author":2,"featured_media":239366,"comment_status":"","ping_status":"","sticky":false,"template":"","format":"standard","meta":{"footnotes":"","_share_on_mastodon":"0"},"categories":[2],"tags":[40252,9865,3799,12,13,18,17,44498,26616,46,47,1792,49,50,51,26622,3713,53,57,74304,26618,63,17346,26623,13197,13237,44504,74305,26626,26648,661,67,2565,11576,8632,843],"class_list":["post-239365","post","type-post","status-publish","format-standard","has-post-thumbnail","category-belgique","tag-aerien","tag-airbus","tag-avion","tag-be","tag-be-fr","tag-belgique","tag-belgium","tag-bru","tag-brussels-airport","tag-bruxelles","tag-carbone","tag-ciel","tag-climat","tag-co","tag-co2","tag-compagnies","tag-controle","tag-ecologie","tag-environnement","tag-low-cost","tag-nuisance","tag-ozone","tag-passagers","tag-pilote","tag-piste","tag-riverains","tag-skeyes","tag-sky-express","tag-survol","tag-tarmac","tag-tour","tag-transport","tag-vacances","tag-vol","tag-voyage","tag-zaventem"],"share_on_mastodon":{"url":"https:\/\/pubeurope.com\/@be_fr\/117213773664817398","error":""},"_links":{"self":[{"href":"https:\/\/www.europesays.com\/be-fr\/wp-json\/wp\/v2\/posts\/239365","targetHints":{"allow":["GET"]}}],"collection":[{"href":"https:\/\/www.europesays.com\/be-fr\/wp-json\/wp\/v2\/posts"}],"about":[{"href":"https:\/\/www.europesays.com\/be-fr\/wp-json\/wp\/v2\/types\/post"}],"author":[{"embeddable":true,"href":"https:\/\/www.europesays.com\/be-fr\/wp-json\/wp\/v2\/users\/2"}],"replies":[{"embeddable":true,"href":"https:\/\/www.europesays.com\/be-fr\/wp-json\/wp\/v2\/comments?post=239365"}],"version-history":[{"count":0,"href":"https:\/\/www.europesays.com\/be-fr\/wp-json\/wp\/v2\/posts\/239365\/revisions"}],"wp:featuredmedia":[{"embeddable":true,"href":"https:\/\/www.europesays.com\/be-fr\/wp-json\/wp\/v2\/media\/239366"}],"wp:attachment":[{"href":"https:\/\/www.europesays.com\/be-fr\/wp-json\/wp\/v2\/media?parent=239365"}],"wp:term":[{"taxonomy":"category","embeddable":true,"href":"https:\/\/www.europesays.com\/be-fr\/wp-json\/wp\/v2\/categories?post=239365"},{"taxonomy":"post_tag","embeddable":true,"href":"https:\/\/www.europesays.com\/be-fr\/wp-json\/wp\/v2\/tags?post=239365"}],"curies":[{"name":"wp","href":"https:\/\/api.w.org\/{rel}","templated":true}]}}