{"id":239393,"date":"2026-09-04T17:05:13","date_gmt":"2026-09-04T17:05:13","guid":{"rendered":"https:\/\/www.europesays.com\/be-fr\/239393\/"},"modified":"2026-09-04T17:05:13","modified_gmt":"2026-09-04T17:05:13","slug":"quand-des-vigiles-invitent-nina-dobrev-a-quitter-le-tapis-rouge-de-la-mostra-de-venise","status":"publish","type":"post","link":"https:\/\/www.europesays.com\/be-fr\/239393\/","title":{"rendered":"Quand des vigiles invitent Nina Dobrev \u00e0 quitter le tapis rouge de la Mostra de Venise"},"content":{"rendered":"<p class=\"ap-StoryElement ap-StoryElement--mb ap-StoryText\">Ce mercredi 2 septembre 2026 s&rsquo;ouvrait la 83e Mostra de Venise. Comme le veut la tradition lors de genre d&rsquo;\u00e9v\u00e9nements, le stars ont d\u00e9fil\u00e9 sur le tapis rouge avant la c\u00e9r\u00e9monie d&rsquo;ouverture du festival v\u00e9nition. Et s&rsquo;il y a une personne qui a attir\u00e9 tous les regards, c&rsquo;est bien l&rsquo;actrice et mannequin Nina Dobrev.<\/p>\n<p class=\"ap-StoryElement ap-StoryElement--mb ap-StoryText\">Dans une robe bustier Armani Priv\u00e9, noire paillet\u00e9 avec des pans de mousselins verts, <a href=\"https:\/\/www.parismatch.be\/actualites\/people\/2024\/10\/31\/ian-somerhalder-star-de-la-serie-vampire-diaries-confirme-sa-preretraite-ma-carriere-dacteur-est-derriere-moi-W5MNLJLIYFEDDP7JYINRLY6NPE\/\" target=\"_self\" rel=\"nofollow noopener\">la star de \u00ab\u00a0Vampire Diaries\u00a0\u00bb<\/a> a fait cr\u00e9piter les flashs des nombreux photographes pr\u00e9sents, faisant tournoyer les voiles de sa tenue. Mais cela n&rsquo;a pas dur\u00e9 longtemps.<\/p>\n","protected":false},"excerpt":{"rendered":"Ce mercredi 2 septembre 2026 s&rsquo;ouvrait la 83e Mostra de Venise. Comme le veut la tradition lors de&hellip;\n","protected":false},"author":2,"featured_media":239394,"comment_status":"","ping_status":"","sticky":false,"template":"","format":"standard","meta":{"footnotes":"","_share_on_mastodon":"0"},"categories":[70],"tags":[12,13,18,17,133,442,103,73,71,75,72,76,74],"class_list":["post-239393","post","type-post","status-publish","format-standard","has-post-thumbnail","category-sciences-et-technologies","tag-be","tag-be-fr","tag-belgique","tag-belgium","tag-cinema","tag-film","tag-horizontal","tag-science","tag-science-and-technology","tag-sciences","tag-sciences-et-technologies","tag-technologies","tag-technology"],"share_on_mastodon":{"url":"https:\/\/pubeurope.com\/@be_fr\/117213864061497018","error":""},"_links":{"self":[{"href":"https:\/\/www.europesays.com\/be-fr\/wp-json\/wp\/v2\/posts\/239393","targetHints":{"allow":["GET"]}}],"collection":[{"href":"https:\/\/www.europesays.com\/be-fr\/wp-json\/wp\/v2\/posts"}],"about":[{"href":"https:\/\/www.europesays.com\/be-fr\/wp-json\/wp\/v2\/types\/post"}],"author":[{"embeddable":true,"href":"https:\/\/www.europesays.com\/be-fr\/wp-json\/wp\/v2\/users\/2"}],"replies":[{"embeddable":true,"href":"https:\/\/www.europesays.com\/be-fr\/wp-json\/wp\/v2\/comments?post=239393"}],"version-history":[{"count":0,"href":"https:\/\/www.europesays.com\/be-fr\/wp-json\/wp\/v2\/posts\/239393\/revisions"}],"wp:featuredmedia":[{"embeddable":true,"href":"https:\/\/www.europesays.com\/be-fr\/wp-json\/wp\/v2\/media\/239394"}],"wp:attachment":[{"href":"https:\/\/www.europesays.com\/be-fr\/wp-json\/wp\/v2\/media?parent=239393"}],"wp:term":[{"taxonomy":"category","embeddable":true,"href":"https:\/\/www.europesays.com\/be-fr\/wp-json\/wp\/v2\/categories?post=239393"},{"taxonomy":"post_tag","embeddable":true,"href":"https:\/\/www.europesays.com\/be-fr\/wp-json\/wp\/v2\/tags?post=239393"}],"curies":[{"name":"wp","href":"https:\/\/api.w.org\/{rel}","templated":true}]}}