{"id":239413,"date":"2026-09-04T17:19:18","date_gmt":"2026-09-04T17:19:18","guid":{"rendered":"https:\/\/www.europesays.com\/be-fr\/239413\/"},"modified":"2026-09-04T17:19:18","modified_gmt":"2026-09-04T17:19:18","slug":"lempire-bollore-sagrandit-lagardere-news-entre-au-capital-de-frontieres-media-dextreme-droite","status":"publish","type":"post","link":"https:\/\/www.europesays.com\/be-fr\/239413\/","title":{"rendered":"L&#8217;empire Bollor\u00e9 s&rsquo;agrandit : Lagard\u00e8re News entre au capital de Fronti\u00e8res, m\u00e9dia d&rsquo;extr\u00eame-droite"},"content":{"rendered":"<p class=\"ap-StoryElement ap-StoryElement--mb ap-StoryText\">Il reste premier actionnaire de la soci\u00e9t\u00e9 \u00e9ditrice de Fronti\u00e8res, Artefakt, et conserve le contr\u00f4le du m\u00e9dia.<\/p>\n<p><a href=\"https:\/\/www.dhnet.be\/actu\/edito\/2026\/05\/18\/a-cannes-lempire-bollore-contre-attaque-P2BQOL4J6JGTXJV5ZCVFGJ5A7Q\/\" target=\"_self\" class=\"ap-StoryInterstitialLink ap-StoryElement ap-StoryElement--mb\" rel=\"nofollow noopener\">\u00c0 Cannes, l&rsquo;Empire (Bollor\u00e9) contre-attaque<\/a><\/p>\n<p class=\"ap-StoryElement ap-StoryElement--mb ap-StoryText\">Interrog\u00e9 sur le fait que Fronti\u00e8res int\u00e8gre ainsi la galaxie Bollor\u00e9, M. Tegn\u00e9r a r\u00e9pondu: \u00ab\u00a0Ca nous permet en effet d&rsquo;int\u00e9grer un \u00e9cosyst\u00e8me m\u00e9diatique qui est puissant, en ayant une offre compl\u00e9mentaire, l&rsquo;investigation\u00a0\u00bb.<\/p>\n<p class=\"ap-StoryElement ap-StoryElement--mb ap-StoryText\">\u00ab\u00a0On va d\u00e9velopper diff\u00e9rentes synergies avec des m\u00e9dias du groupe au sens large\u00a0\u00bb, a-t-il ajout\u00e9.<\/p>\n<p class=\"ap-StoryElement ap-StoryElement--mb ap-StoryText\">La r\u00e9daction de Fronti\u00e8res va s&rsquo;installer dans la \u00ab\u00a0Tour Lagard\u00e8re\u00a0\u00bb \u00e0 Paris, qui abrite d\u00e9j\u00e0 CNews et Europe 1. Et \u00ab\u00a0100% Fronti\u00e8res\u00a0\u00bb va \u00eatre \u00e9galement diffus\u00e9e le vendredi sur CNews, alors qu&rsquo;elle l&rsquo;est d\u00e9j\u00e0 du lundi au jeudi.<\/p>\n<p><a href=\"https:\/\/www.dhnet.be\/medias\/television\/2024\/03\/14\/vincent-bollore-cash-sur-la-periode-canal-plus-de-lepoque-je-suis-celui-qui-a-mis-fin-a-la-fete-le-champagne-coulait-a-flots-DHUABBAWXZBZNKLPQ2CV2WPNY4\/\" target=\"_self\" class=\"ap-StoryInterstitialLink ap-StoryElement ap-StoryElement--mb\" rel=\"nofollow noopener\">Vincent Bollor\u00e9 cash sur la p\u00e9riode Canal Plus de l&rsquo;\u00e9poque : \u00ab\u00a0Je suis celui qui a mis fin \u00e0 la f\u00eate, le champagne coulait \u00e0 flots\u00a0\u00bb<\/a><\/p>\n<p class=\"ap-StoryElement ap-StoryElement--mb ap-StoryText\">Selon M. Tegn\u00e9r, le \u00ab\u00a0projet moteur\u00a0\u00bb de la prise de participation de Lagard\u00e8re News dans Fronti\u00e8res est le lancement fin septembre d&rsquo;un nouveau m\u00e9dia, \u00ab\u00a0L&rsquo;Indiscret\u00a0\u00bb, un \u00ab\u00a0mix entre le Canard encha\u00een\u00e9 et les lettres d&rsquo;informations confidentielles\u00a0\u00bb comme La Lettre ou Politico.<\/p>\n<p class=\"ap-StoryElement ap-StoryElement--mb ap-StoryText\">Publi\u00e9 en ligne chaque mardi \u00e0 20h, il \u00ab\u00a0enqu\u00eatera sur les coulisses de la politique, les r\u00e9seaux d&rsquo;influence, l&rsquo;\u00e9conomie\u00a0\u00bb.<\/p>\n<p class=\"ap-StoryElement ap-StoryElement--mb ap-StoryText\">Tr\u00e8s pr\u00e9sent sur les r\u00e9seaux sociaux, Fronti\u00e8res se d\u00e9cline en version papier, num\u00e9rique et en vid\u00e9o, et se qualifie de \u00ab\u00a0m\u00e9dia de combat\u00a0\u00bb, revendiquant le cr\u00e9neau de l&rsquo;enqu\u00eate et du reportage de terrain, images choc \u00e0 l&rsquo;appui.<\/p>\n<p><a href=\"https:\/\/www.dhnet.be\/medias\/television\/2024\/02\/13\/cnews-nest-plus-une-chaine-dinformation-mais-est-devenue-un-media-dopinion-la-chaine-dans-le-viseur-du-regulateur-des-medias-en-france-ORH2VFG4SVHFHHML65T7WYXATE\/\" target=\"_self\" class=\"ap-StoryInterstitialLink ap-StoryElement ap-StoryElement--mb\" rel=\"nofollow noopener\">\u00ab\u00a0CNews est devenu un m\u00e9dia d&rsquo;opinion\u00a0\u00bb: la cha\u00eene dans le viseur du r\u00e9gulateur des m\u00e9dias en France<\/a><\/p>\n<p class=\"ap-StoryElement ap-StoryElement--mb ap-StoryText\">En juin, M. Tegn\u00e9r avait \u00e9t\u00e9 condamn\u00e9 \u00e0 six mois de prison avec sursis et 10.000 euros d&rsquo;amende apr\u00e8s la divulgation dans une enqu\u00eate de Fronti\u00e8res des donn\u00e9es d&rsquo;avocats sp\u00e9cialis\u00e9s en droit des \u00e9trangers.<\/p>\n<p class=\"ap-StoryElement ap-StoryElement--mb ap-StoryText\">Par ailleurs, une enqu\u00eate a \u00e9t\u00e9 ouverte en ao\u00fbt apr\u00e8s la prise \u00e0 partie de M. Tegn\u00e9r sur l&rsquo;\u00eele de Groix (Morbihan) par un groupe de personnes, qui \u00e9taient selon lui des militants \u00ab\u00a0antifas\u00a0\u00bb.<\/p>\n","protected":false},"excerpt":{"rendered":"Il reste premier actionnaire de la soci\u00e9t\u00e9 \u00e9ditrice de Fronti\u00e8res, Artefakt, et conserve le contr\u00f4le du m\u00e9dia. \u00c0&hellip;\n","protected":false},"author":2,"featured_media":239414,"comment_status":"","ping_status":"","sticky":false,"template":"","format":"standard","meta":{"footnotes":"","_share_on_mastodon":"0"},"categories":[35],"tags":[12,13,18,17,38,37,36,8255,209,26371,273,1731,5950,525,112,3772],"class_list":["post-239413","post","type-post","status-publish","format-standard","has-post-thumbnail","category-economie","tag-be","tag-be-fr","tag-belgique","tag-belgium","tag-business","tag-economie","tag-economy","tag-erik-tegner","tag-internet","tag-journaux","tag-medias","tag-politique","tag-presse","tag-radio","tag-television","tag-vincent-bollore"],"share_on_mastodon":{"url":"https:\/\/pubeurope.com\/@be_fr\/117213919008901627","error":""},"_links":{"self":[{"href":"https:\/\/www.europesays.com\/be-fr\/wp-json\/wp\/v2\/posts\/239413","targetHints":{"allow":["GET"]}}],"collection":[{"href":"https:\/\/www.europesays.com\/be-fr\/wp-json\/wp\/v2\/posts"}],"about":[{"href":"https:\/\/www.europesays.com\/be-fr\/wp-json\/wp\/v2\/types\/post"}],"author":[{"embeddable":true,"href":"https:\/\/www.europesays.com\/be-fr\/wp-json\/wp\/v2\/users\/2"}],"replies":[{"embeddable":true,"href":"https:\/\/www.europesays.com\/be-fr\/wp-json\/wp\/v2\/comments?post=239413"}],"version-history":[{"count":0,"href":"https:\/\/www.europesays.com\/be-fr\/wp-json\/wp\/v2\/posts\/239413\/revisions"}],"wp:featuredmedia":[{"embeddable":true,"href":"https:\/\/www.europesays.com\/be-fr\/wp-json\/wp\/v2\/media\/239414"}],"wp:attachment":[{"href":"https:\/\/www.europesays.com\/be-fr\/wp-json\/wp\/v2\/media?parent=239413"}],"wp:term":[{"taxonomy":"category","embeddable":true,"href":"https:\/\/www.europesays.com\/be-fr\/wp-json\/wp\/v2\/categories?post=239413"},{"taxonomy":"post_tag","embeddable":true,"href":"https:\/\/www.europesays.com\/be-fr\/wp-json\/wp\/v2\/tags?post=239413"}],"curies":[{"name":"wp","href":"https:\/\/api.w.org\/{rel}","templated":true}]}}