{"id":239439,"date":"2026-09-04T17:37:10","date_gmt":"2026-09-04T17:37:10","guid":{"rendered":"https:\/\/www.europesays.com\/be-fr\/239439\/"},"modified":"2026-09-04T17:37:10","modified_gmt":"2026-09-04T17:37:10","slug":"le-prince-harry-annonce-son-premier-engagement-depuis-son-retour-au-royaume-uni","status":"publish","type":"post","link":"https:\/\/www.europesays.com\/be-fr\/239439\/","title":{"rendered":"Le prince Harry annonce son premier engagement depuis son retour au Royaume-Uni"},"content":{"rendered":"<p>Le prince Harry va faire le grand saut pour son retour au Royaume-Uni. Le fils cadet du roi Charles III est retourn\u00e9 vivre le mois dernier <a href=\"https:\/\/www.20minutes.fr\/monde\/royaume-uni\/4241069-20260826-royaume-uni-fait-prince-harry-epouse-meghan-retour-pays\" target=\"_blank\" class=\"c-link c-link--is-underlined\" rel=\"nofollow noopener\">dans son pays d\u2019origine<\/a> avec son \u00e9pouse Meghan Markle et leurs deux enfants, le prince Archie, sept ans, et la princesse Lilibet, cinq ans, six ans apr\u00e8s leur d\u00e9part de la monarchie et du <a href=\"https:\/\/www.20minutes.fr\/monde\/etats-unis\/4242448-20260902-donald-trump-heureux-prince-harry-epouse-meghan-quitte-etats-unis\" target=\"_blank\" class=\"c-link c-link--is-underlined\" rel=\"nofollow noopener\">Royaume-Uni pour la Californie<\/a>. Le couple serait arriv\u00e9 la semaine derni\u00e8re avec ses enfants et se serait install\u00e9 dans les Cotswolds, selon des m\u00e9dias locaux.<\/p>\n<p>Quelques jours plus tard, le prince Harry a confirm\u00e9 l\u2019un de ses premiers engagements depuis son retour\u00a0: un saut en parachute qui devrait se d\u00e9rouler ce mois-ci dans le but de r\u00e9colter des fonds pour l\u2019h\u00f4pital Sunnybrook \u00e0 Toronto, au Canada, et pour l\u2019association True Patriot Love, qui \u0153uvrent pour les anciens combattants canadiens. Ce projet est n\u00e9 d\u2019une rencontre entre le prince et le v\u00e9t\u00e9ran Ed Marshall lors d\u2019une visite de l\u2019h\u00f4pital Sunnybrook.<\/p>\n<p>Poursuite d\u2019engagements de longue date<\/p>\n<p>Le prince Harry, qui a servi l\u2019arm\u00e9e britannique pendant une dizaine d\u2019ann\u00e9es, avait \u00e9chang\u00e9 avec cet ancien combattant de la Seconde Guerre mondiale qui s\u2019\u00e9tait entra\u00een\u00e9 comme <a href=\"https:\/\/www.20minutes.fr\/arts-stars\/insolite\/4189672-20251204-cru-raid-images-improbables-parachutistes-atterrissant-parvis-defense\" target=\"_blank\" class=\"c-link c-link--is-underlined\" rel=\"nofollow noopener\">parachutiste<\/a> et avait effectu\u00e9 pour ses 100 ans, deux ans plus t\u00f4t, un saut caritatif comme celui du duc de Sussex. Sur le site de l\u2019h\u00f4pital Sunnybrook, un <a href=\"https:\/\/foundation.sunnybrook.ca\/2026\/09\/prince-harry-jumps-from-the-sky-for-charity\/\" rel=\"nofollow noopener\" target=\"_blank\" class=\"c-link c-link--is-underlined\">communiqu\u00e9<\/a> indique\u202fque les deux hommes \u00ab\u00a0ont rapidement tiss\u00e9 des liens gr\u00e2ce \u00e0 leur exp\u00e9rience commune du service militaire et \u00e0 la mani\u00e8re dont ils ont continu\u00e9 \u00e0 servir leurs communaut\u00e9s\u00a0\u00bb.<\/p>\n<p>\u00ab\u00a0L\u2019id\u00e9e a fait son chemin, et ensemble, ils ont \u00e9labor\u00e9 un projet pour un nouveau saut\u00a0\u00bb, peut-on aussi lire. Lors du saut en parachute du prince Harry, dont on ignore pour l\u2019instant la date et le lieu exacts, Ed Marshall sera repr\u00e9sent\u00e9 par son petit-fils Bailey. Le fr\u00e8re du prince William a aussi d\u00e9j\u00e0 collabor\u00e9 avec True Patriot Love dans le cadre de ses <a href=\"https:\/\/www.20minutes.fr\/arts-stars\/people\/4089066-20240430-prince-harry-retourne-londres-10e-anniversaire-invictus-games-tout-seul\" target=\"_blank\" class=\"c-link c-link--is-underlined\" rel=\"nofollow noopener\">Invictus Games<\/a>, une comp\u00e9tition sportive internationale cr\u00e9\u00e9e par le prince pour les v\u00e9t\u00e9rans et anciens combattants, lorsque les jeux se sont d\u00e9roul\u00e9s \u00e0 Toronto, en\u00a02017, et \u00e0 Vancouver, en\u00a02025.<\/p>\n","protected":false},"excerpt":{"rendered":"Le prince Harry va faire le grand saut pour son retour au Royaume-Uni. Le fils cadet du roi&hellip;\n","protected":false},"author":2,"featured_media":239440,"comment_status":"","ping_status":"","sticky":false,"template":"","format":"standard","meta":{"footnotes":"","_share_on_mastodon":"0"},"categories":[102],"tags":[12,13,18,17,7312,755,129,128,6252,96,95,4303,109,4306,1296,12481,2176,34248,139],"class_list":["post-239439","post","type-post","status-publish","format-standard","has-post-thumbnail","category-people","tag-be","tag-be-fr","tag-belgique","tag-belgium","tag-californie","tag-canada","tag-celebrities","tag-celebrity","tag-charles-iii","tag-divertissement","tag-entertainment","tag-meghan-markle","tag-people","tag-prince-harry","tag-royaume-uni","tag-seconde-guerre-mondiale","tag-toronto","tag-vancouver","tag-video"],"share_on_mastodon":{"url":"https:\/\/pubeurope.com\/@be_fr\/117213989987681949","error":""},"_links":{"self":[{"href":"https:\/\/www.europesays.com\/be-fr\/wp-json\/wp\/v2\/posts\/239439","targetHints":{"allow":["GET"]}}],"collection":[{"href":"https:\/\/www.europesays.com\/be-fr\/wp-json\/wp\/v2\/posts"}],"about":[{"href":"https:\/\/www.europesays.com\/be-fr\/wp-json\/wp\/v2\/types\/post"}],"author":[{"embeddable":true,"href":"https:\/\/www.europesays.com\/be-fr\/wp-json\/wp\/v2\/users\/2"}],"replies":[{"embeddable":true,"href":"https:\/\/www.europesays.com\/be-fr\/wp-json\/wp\/v2\/comments?post=239439"}],"version-history":[{"count":0,"href":"https:\/\/www.europesays.com\/be-fr\/wp-json\/wp\/v2\/posts\/239439\/revisions"}],"wp:featuredmedia":[{"embeddable":true,"href":"https:\/\/www.europesays.com\/be-fr\/wp-json\/wp\/v2\/media\/239440"}],"wp:attachment":[{"href":"https:\/\/www.europesays.com\/be-fr\/wp-json\/wp\/v2\/media?parent=239439"}],"wp:term":[{"taxonomy":"category","embeddable":true,"href":"https:\/\/www.europesays.com\/be-fr\/wp-json\/wp\/v2\/categories?post=239439"},{"taxonomy":"post_tag","embeddable":true,"href":"https:\/\/www.europesays.com\/be-fr\/wp-json\/wp\/v2\/tags?post=239439"}],"curies":[{"name":"wp","href":"https:\/\/api.w.org\/{rel}","templated":true}]}}