{"id":239479,"date":"2026-09-04T18:04:26","date_gmt":"2026-09-04T18:04:26","guid":{"rendered":"https:\/\/www.europesays.com\/be-fr\/239479\/"},"modified":"2026-09-04T18:04:26","modified_gmt":"2026-09-04T18:04:26","slug":"dans-nos-departements-vikings-biou-darbois-robert-doisneau-dix-idees-de-sorties-pour-ce-week-end-des-5-et-6-septembre","status":"publish","type":"post","link":"https:\/\/www.europesays.com\/be-fr\/239479\/","title":{"rendered":"Dans nos d\u00e9partements. Vikings, Biou d&rsquo;Arbois, Robert Doisneau\u00a0: dix id\u00e9es de sorties pour ce week-end des 5 et 6 septembre"},"content":{"rendered":"<p>&#13;<br \/>\n  Rh\u00f4ne\u00a0: Yggdrasil Fort Fort Lointain, deux jours au royaume de la fantasy et du m\u00e9di\u00e9val<\/p>\n<p>        &#13;<br \/>\n    &#13;<br \/>\n    &#13;<br \/>\n    <a href=\"https:\/\/cdn-s-www.leprogres.fr\/images\/1434ecfb-580a-4721-bfab-db1d3571e272\/NW_raw\/au-festival-fort-fort-lointain-vikings-dragons-et-chevaliers-se-cotoieront-le-temps-d-un-week-end-plein-de-magie-et-de-spectacles-grandeur-nature-photo-fournie-1788449662.jpg\" title=\"Au festival Fort Fort Lointain, vikings, dragons et chevaliers se c\u00f4toieront le temps d\u2019un week-end plein de magie et de spectacles grandeur nature. Photo fournie\" class=\"chocolat-image GA-tracking\" data-ga_type=\"click\" data-ga_category=\"D\u00e9tail\" data-ga_action=\"zoomer\" data-ga_label=\"aggrandir image\" rel=\"nofollow noopener\" target=\"_blank\">&#13;<br \/>\n        <img src=\"https:\/\/www.europesays.com\/be-fr\/wp-content\/uploads\/2026\/09\/au-festival-fort-fort-lointain-vikings-dragons-et-chevaliers-se-cotoieront-le-temps-d-un-week-end-pl.jpeg\"   alt=\"Au festival Fort Fort Lointain, vikings, dragons et chevaliers se c\u00f4toieront le temps d\u2019un week-end plein de magie et de spectacles grandeur nature. Photo fournie\" fetchpriority=\"high\" decoding=\"async\" data-mobile=\"NW_listA_M|1788449662\" data-base=\"NW_listA|1788449662\"\/>&#13;<br \/>\n    <\/a>&#13;<\/p>\n<p>Au festival Fort Fort Lointain, vikings, dragons et chevaliers se c\u00f4toieront le temps d\u2019un week-end plein de magie et de spectacles grandeur nature. Photo fournie<\/p>\n<p>Ce week-end, l\u2019hippodrome de Parilly se transforme en un royaume m\u00e9di\u00e9val \u00e0 ciel ouvert peupl\u00e9 de cr\u00e9ateurs, d\u2019artisans et d\u2019animations fantastiques. Le festival\u00a0Yggdrasil revient pour sa 11e \u00e9dition avec une grande nouveaut\u00e9\u00a0: Drakenfjord, un village d\u00e9di\u00e9 aux vikings et aux dragons. Au programme : jeux, spectacles, concerts, exposants et de nombreuses activit\u00e9s pour petits et grands.\u00a0<\/p>\n<p>\u00a0Autre concept in\u00e9dit, \u00ab\u00a0Yggdrasil Coliseum\u00a0\u00bb est un jeu de cartes \u00e0 collectionner con\u00e7u comme une extension grandeur nature du festival. Et au-del\u00e0 des cartes, tout le festival devient une immense aventure interactive, avec le Jeu des Cl\u00e9s, une chasse aux personnages iconiques et de nombreux d\u00e9fis \u00e0 relever.<\/p>\n<p>Apr\u00e8s quatre ans d\u2019absence, la sc\u00e8ne musicale revient \u00e9galement. En t\u00eate d\u2019affiche, Naheulband m\u00ealera sonorit\u00e9s m\u00e9di\u00e9vales et fantastiques, tandis que Le Rioule des Compagnons du Monde proposera un univers n\u00e9ofolk o\u00f9 la musique se m\u00eale au r\u00e9cit. Le public pourra \u00e9galement d\u00e9couvrir du metal opera, un cin\u00e9-fanfare et bien d\u2019autres surprises musicales.<\/p>\n<p class=\"note\">\u00ab\u00a0Yggdrasil Fort Fort Lointain\u00a0\u00bb \u00e0 l&rsquo;hippodrome de Parilly, \u00e0 Bron. Samedi 5 de 10 \u00e0 19 heures (suivi d&rsquo;une grande soir\u00e9e concerts) et dimanche 6 septembre de 10 \u00e0 18 heures. Tarifs\u00a0: 14\u20ac la journ\u00e9e (7\u20ac pour les 10-17 ans, gratuit pour les moins de 10 ans), 21\u20ac les deux jours.<\/p>\n<p>        &#13;<br \/>\n          <a href=\"https:\/\/cdn-s-www.leprogres.fr\/images\/2e3c3c70-0ee0-4f68-a4c0-60c1e98f567b\/NW_raw\/samedi-soir-les-buttshakers-enflammeront-le-chapiteau-avec-leur-musique-empreinte-de-soul-de-funk-et-de-rhythm-and-blues-photo-j-p-gimenez-1788452396.jpg\" title=\"Samedi soir, les Buttshakers enflammeront le chapiteau avec leur musique empreinte de soul, de funk et de rhythm and blues. Photo J.-P. Gimenez\" class=\"chocolat-image GA-tracking\" data-ga_type=\"click\" data-ga_category=\"D\u00e9tail\" data-ga_action=\"zoomer\" data-ga_label=\"agrandir image\" rel=\"nofollow noopener\" target=\"_blank\">&#13;<br \/>\n            <img loading=\"lazy\" decoding=\"async\" src=\"https:\/\/www.europesays.com\/be-fr\/wp-content\/uploads\/2026\/09\/samedi-soir-les-buttshakers-enflammeront-le-chapiteau-avec-leur-musique-empreinte-de-soul-de-funk-et.jpeg\" alt=\"Samedi soir, les Buttshakers enflammeront le chapiteau avec leur musique empreinte de soul, de funk et de rhythm and blues. Photo J.-P. Gimenez\"\/>&#13;<br \/>\n          <\/a>&#13;<br \/>\n          &#13;<\/p>\n<p class=\"insetTitle\">Loire\u00a0: trois jours de spectacles au premier Casba Festival<\/p>\n<p>\u00ab\u00a0Rassembler tous les \u00e2ges sous un chapiteau. \u00bb C&rsquo;est l&rsquo;objectif du premier festival organis\u00e9 par l&rsquo;organisation Casba (Collectif d&rsquo;animation \u00e0 Saint-Bonnet et alentours), qui prend ses quartiers de vendredi \u00e0 dimanche au stade du Fauteuil.<\/p>\n<p>Les festivit\u00e9s d\u00e9buteront vendredi soir avec une soir\u00e9e ap\u00e9ro-mix autour du vinyle, anim\u00e9e par le collectif st\u00e9phanois Les Bugnes, fervents d\u00e9fenseurs du microsillon. Samedi soir, place aux concerts avec trois groupes \u00e0 l\u2019affiche : R.Wan (rap\/musette), The Buttshakers (soul\/groove) et Cumbia Boom Box (cumbia\/\u00e9lectro). Le duo Queen Coox &amp; Wassup assurera l\u2019ambiance.<\/p>\n<p>La journ\u00e9e du dimanche est destin\u00e9e aux familles, avec un brunch, un repas \u00e0 midi anim\u00e9 par la fanfare Philharmonique Livradois Orchestra Forez et des spectacles le matin et l\u2019apr\u00e8s-midi.<\/p>\n<p class=\"note\">Stade du Fauteuil, Saint-Bonnet-le-Ch\u00e2teau. Vendredi 4 et samedi 5 septembre d\u00e8s 18 heures, dimanche 6 d\u00e8s 10 heures. Tarifs : prix libre le vendredi, 25\u20ac le samedi (23\u20ac en pr\u00e9vente, gratuit pour les moins de 12 ans), acc\u00e8s libre le dimanche, 5\u20ac pour les spectacles sous chapiteau et 12\u20ac le repas. Programme d\u00e9taill\u00e9 et billetterie <a href=\"https:\/\/sites.google.com\/view\/casba-festival-2026\/accueil?authuser=0\" target=\"_blank\" rel=\"nofollow noopener\">sur le site du festival<\/a><\/p>\n<p>&#13;<br \/>\n  Jura\u00a0: une ann\u00e9e particuli\u00e8re pour le Biou d&rsquo;Arbois<\/p>\n<p>        &#13;<br \/>\n    &#13;<br \/>\n    &#13;<br \/>\n    <a href=\"https:\/\/cdn-s-www.leprogres.fr\/images\/22067fec-c1e1-4ac2-9587-a4ce97937ca9\/NW_raw\/l-edition-2025-du-biou-d-arbois-photo-progres-philippe-trias-1757919957.jpg\" title=\"L&#039;\u00e9dition 2025 du Biou d&#039;Arbois. Photo Progr\u00e8s\/Philippe Trias\" class=\"chocolat-image GA-tracking\" data-ga_type=\"click\" data-ga_category=\"D\u00e9tail\" data-ga_action=\"zoomer\" data-ga_label=\"aggrandir image\" rel=\"nofollow noopener\" target=\"_blank\">&#13;<br \/>\n        <img src=\"https:\/\/www.europesays.com\/be-fr\/wp-content\/uploads\/2026\/09\/l-edition-2025-du-biou-d-arbois-photo-progres-philippe-trias-1757919957.jpg\"   alt=\"L'\u00e9dition 2025 du Biou d'Arbois. Photo Progr\u00e8s\/Philippe Trias\" fetchpriority=\"high\" decoding=\"async\" data-mobile=\"NW_listA_M|1757919957\" data-base=\"NW_listA|1757919957\"\/>&#13;<br \/>\n    <\/a>&#13;<\/p>\n<p>L&rsquo;\u00e9dition 2025 du Biou d&rsquo;Arbois. Photo Progr\u00e8s\/Philippe Trias<\/p>\n<p>Ancr\u00e9e dans\u00a0la capitale des vins du Jura depuis le XVIIe si\u00e8cle,\u00a0la f\u00eate d\u2019Arbois, qui r\u00e9unit le cort\u00e8ge du Biou et le d\u00e9fil\u00e9 patriotique de la couronne, a lieu, comme chaque ann\u00e9e, en ce premier dimanche de septembre.<\/p>\n<p>Le c\u00e9r\u00e9monial demeure le m\u00eame : les vignerons offrent leurs plus belles grappes de raisins la veille de la c\u00e9r\u00e9monie. L\u2019apr\u00e8s-midi, les porteurs du biou et de la couronne accrochent les grappes aux moules. Le lendemain, ils d\u00e9filent dans les rues d\u2019Arbois. Le biou est suspendu au ch\u0153ur de l\u2019\u00e9glise, tandis que la couronne est accroch\u00e9e au monument aux morts.<\/p>\n<p>Cette ann\u00e9e 2026 rev\u00eat une importance toute particuli\u00e8re puisque le Biou d\u2019Arbois est le dossier pr\u00e9sent\u00e9 par la France pour une inscription sur la liste repr\u00e9sentative du patrimoine culturel immat\u00e9riel de l\u2019humanit\u00e9 de l\u2019Unesco.<\/p>\n<p class=\"note\">Samedi 5 septembre\u00a0: confection du Biou et de la couronne \u00e0 14 heures, retraite aux flambeaux \u00e0 20h45 et feu d&rsquo;artifice au stade municipal \u00e0 22 heures. Dimanche 6 septembre\u00a0: d\u00e9part du cort\u00e8ge \u00e0 9h40, messe et offrande \u00e0 10 heures, d\u00e9fil\u00e9 patriotique de la Couronne \u00e0 11h30, concert gratuit \u00e0 16 heures, remise des prix du concours de peinture \u00e0 l\u2019h\u00f4tel de ville \u00e0 18h30<\/p>\n<p>        &#13;<br \/>\n          <a href=\"https:\/\/cdn-s-www.leprogres.fr\/images\/8ebb2033-0a4c-45cc-b019-4a0967220fc8\/NW_raw\/une-pgo-replique-de-la-cobra-photo-progres-gilles-gaillard-1788453091.jpg\" title=\"Une PGO, r\u00e9plique de la Cobra. Photo Progr\u00e8s\/Gilles Gaillard\" class=\"chocolat-image GA-tracking\" data-ga_type=\"click\" data-ga_category=\"D\u00e9tail\" data-ga_action=\"zoomer\" data-ga_label=\"agrandir image\" rel=\"nofollow noopener\" target=\"_blank\">&#13;<br \/>\n            <img loading=\"lazy\" decoding=\"async\" src=\"https:\/\/www.europesays.com\/be-fr\/wp-content\/uploads\/2026\/09\/une-pgo-replique-de-la-cobra-photo-progres-gilles-gaillard-1788453091.jpg\" alt=\"Une PGO, r\u00e9plique de la Cobra. Photo Progr\u00e8s\/Gilles Gaillard\"\/>&#13;<br \/>\n          <\/a>&#13;<br \/>\n          &#13;<\/p>\n<p class=\"insetTitle\">Ain\u00a0: la 20e mont\u00e9e historique de Villereversure sur la ligne de d\u00e9part<\/p>\n<p>La mont\u00e9e historique de Villereversure va vivre sa 20e \u00e9dition ce dimanche.\u00a0Le succ\u00e8s du cru 2025 a remotiv\u00e9 les troupes d\u2019Autopassion Bresse Revermont, permettant \u00e0 la mont\u00e9e de reprendre sa place dans le paysage mi-sport auto, mi-collection.\u00a0<\/p>\n<p>Une mont\u00e9e historique, ce sont des d\u00e9parts toutes les trente secondes, 3,2 km en mont\u00e9e avec deux \u00e9pingles et de beaux encha\u00eenements, contr\u00f4le technique des autos, extincteur et casques obligatoires, commissaires au bord de la pist. Sans chronom\u00e9trage, ni classement.<\/p>\n<p>Au menu, on trouve un mixte avec d\u2019un c\u00f4t\u00e9 les sportives de collection comme les Alpine, des Simca Rallye 2, Dauphine Proto, Samba Rallye, Escort RS 2000 ou R8 et R12 Gordini ou encore R5 Turbo\u2026 S\u2019ajoutent des monoplaces et des protos comme la barquette EMA, un brin d\u2019autos d\u2019hier comme une 404 ou une 4 L GTL et enfin un soup\u00e7on de drift avec deux BMW.<\/p>\n<p class=\"note\">20e mont\u00e9e historique de Villereversure. Dimanche 6 septembre de 9 heures \u00e0 18h30. Entr\u00e9e gratuite, buvette et restauration sur place. Informations sur la\u00a0<a href=\"https:\/\/www.facebook.com\/groups\/250483597332818\" target=\"_blank\" rel=\"nofollow noopener\">page Facebook de Autopassion Bresse Revermont<\/a><\/p>\n<p>&#13;<br \/>\n  Le g\u00e9nie photographique de Robert Doisneau s\u2019expose \u00e0 La Sucri\u00e8re<\/p>\n<p>        &#13;<br \/>\n    &#13;<br \/>\n    &#13;<br \/>\n    <a href=\"https:\/\/cdn-s-www.leprogres.fr\/images\/d4e8adfe-9866-4986-a228-f1f7ba6b5385\/NW_raw\/l-exposition-fait-notamment-decouvrir-une-galerie-de-personnages-pittoresques-rencontres-dans-les-rues-de-paris-photo-progres-richard-mouillaud-1788509318.jpg\" title=\"L\u2019exposition fait notamment d\u00e9couvrir une galerie de personnages pittoresques rencontr\u00e9s dans les rues de Paris.\u00a0 Photo Progr\u00e8s\/Richard Mouillaud\" class=\"chocolat-image GA-tracking\" data-ga_type=\"click\" data-ga_category=\"D\u00e9tail\" data-ga_action=\"zoomer\" data-ga_label=\"aggrandir image\" rel=\"nofollow noopener\" target=\"_blank\">&#13;<br \/>\n        <img src=\"https:\/\/www.europesays.com\/be-fr\/wp-content\/uploads\/2026\/09\/l-exposition-fait-notamment-decouvrir-une-galerie-de-personnages-pittoresques-rencontres-dans-les-ru.jpeg\"   alt=\"L\u2019exposition fait notamment d\u00e9couvrir une galerie de personnages pittoresques rencontr\u00e9s dans les rues de Paris.\u00a0 Photo Progr\u00e8s\/Richard Mouillaud\" fetchpriority=\"high\" decoding=\"async\" data-mobile=\"NW_listA_M|1788509318\" data-base=\"NW_listA|1788509318\"\/>&#13;<br \/>\n    <\/a>&#13;<\/p>\n<p>L\u2019exposition fait notamment d\u00e9couvrir une galerie de personnages pittoresques rencontr\u00e9s dans les rues de Paris.\u00a0 Photo Progr\u00e8s\/Richard Mouillaud<\/p>\n<p>Plus de 400 images du c\u00e9l\u00e8bre photographe Robert Doisneau sont expos\u00e9es \u00e0 Lyon \u00e0 partir de vendredi. Des photos qui embrassent l\u2019ensemble de sa vaste carri\u00e8re, de 1932 \u00e0 1992, et permettent de d\u00e9couvrir des pans moins connus de son travail.<\/p>\n<p>M\u00eame si la majeure partie des photos qu\u2019il prend proviennent de commandes, Doisneau n\u2019aime rien tant que se promener dans les rues de la ville et dans ses bistrots. Il y croise une galerie de personnages dot\u00e9s de patronymes improbables et aux conditions de vie pr\u00e9caires qu\u2019il parvient toujours \u00e0 faire exister sans mis\u00e9rabilisme.<\/p>\n<p>Il faut attendre la toute fin de ce parcours foisonnant pour apercevoir la photo la plus iconique de Robert Doisneau, Le Baiser de l\u2019H\u00f4tel de Ville, sous forme d\u2019une reproduction sur un long rideau fendu. \u00ab On a voulu la pr\u00e9senter de fa\u00e7on d\u00e9cal\u00e9e pour montrer que Le baiser de l\u2019H\u00f4tel de Ville, c\u2019est l\u2019arbre qui cache la for\u00eat. Et la for\u00eat, elle est gigantesque \u00bb, explique l&rsquo;une des commissaires.<\/p>\n<p class=\"note\">La Sucri\u00e8re, 49 quai Rambaud, Lyon. \u00ab\u00a0Instants donn\u00e9s\u00a0\u00bb, du mardi au dimanche de 10 \u00e0 18 heures (ouvert le lundi pendant les vacances scolaires). Tarifs\u00a0: de 12,9 \u00e0 17,9 euros. Informations sur <a href=\"https:\/\/www.expo-doisneau.com\/\" target=\"_blank\" rel=\"nofollow noopener\">www.expo-doisneau.com<\/a><\/p>\n<p>        &#13;<br \/>\n          <a href=\"https:\/\/cdn-s-www.leprogres.fr\/images\/09637dd4-a25c-4b59-a556-e50a7716c872\/NW_raw\/les-amateurs-de-belles-mecaniques-aeriennes-ou-terrestres-ont-rendez-vous-ce-dimanche-sur-le-tarmac-de-l-aerodrome-de-planeze-a-saint-chamond-photo-archives-progres-nicole-forest-1788511810.jpg\" title=\"Les amateurs de belles m\u00e9caniques a\u00e9riennes ou terrestres ont rendez-vous, ce dimanche, sur le tarmac de l\u2019a\u00e9rodrome de Plan\u00e8ze \u00e0 Saint-Chamond. Photo archives Progr\u00e8s\/Nicole Forest\" class=\"chocolat-image GA-tracking\" data-ga_type=\"click\" data-ga_category=\"D\u00e9tail\" data-ga_action=\"zoomer\" data-ga_label=\"agrandir image\" rel=\"nofollow noopener\" target=\"_blank\">&#13;<br \/>\n            <img loading=\"lazy\" decoding=\"async\" src=\"https:\/\/www.europesays.com\/be-fr\/wp-content\/uploads\/2026\/09\/les-amateurs-de-belles-mecaniques-aeriennes-ou-terrestres-ont-rendez-vous-ce-dimanche-sur-le-tarmac-.jpeg\" alt=\"Les amateurs de belles m\u00e9caniques a\u00e9riennes ou terrestres ont rendez-vous, ce dimanche, sur le tarmac de l\u2019a\u00e9rodrome de Plan\u00e8ze \u00e0 Saint-Chamond. Photo archives Progr\u00e8s\/Nicole Forest\"\/>&#13;<br \/>\n          <\/a>&#13;<br \/>\n          &#13;<\/p>\n<p class=\"insetTitle\">Loire\u00a0: \u00ab\u00a0De la Terre au ciel\u00a0\u00bb, on en prend plein les yeux \u00e0 Saint-Chamond<\/p>\n<p>C&rsquo;est un rendez-vous toujours tr\u00e8s attendu par les mordus de belles m\u00e9caniques. Ce dimanche, le temps d\u2019une journ\u00e9e conviviale et ouverte \u00e0 tous, les avions partageront la vedette avec des v\u00e9hicules d\u2019exception sur le tarmac de l\u2019a\u00e9rodrome de Plan\u00e8ze, pour la 13e rencontre \u00ab\u00a0De la Terre au ciel\u00a0\u00bb.<\/p>\n<p>C\u00f4t\u00e9 ciel, les visiteurs pourront admirer deux Broussard, un T6 am\u00e9ricain, le Pilatus P2 d\u2019Indiana Jones, un B\u00fccker, deux Stearman et un Caudron Luciole de 1 930. Des bapt\u00eames de l\u2019air seront aussi propos\u00e9s au-dessus de la vall\u00e9e du Gier et du Pilat (\u00e0 partir de 35 \u20ac).<\/p>\n<p>C\u00f4t\u00e9 terre, un floril\u00e8ge de voitures de collection, Youngtimers, deux-roues, camions et une dizaine de mod\u00e8les de Ferrari seront expos\u00e9s aux yeux du public.<\/p>\n<p class=\"note\">A\u00e9rodrome de Plan\u00e8ze. Dimanche 6 septembre de 8 \u00e0 19 heures. Tarifs : 5 \u20ac, gratuit pour les propri\u00e9taires de v\u00e9hicules de collection et pour les moins de 12 ans. Informations sur la <a href=\"https:\/\/www.facebook.com\/profile.php?id=100094662699681\" target=\"_blank\" rel=\"nofollow noopener\">page Facebook De la Terre au ciel<\/a><\/p>\n<p>&#13;<br \/>\n  Les amateurs de polars ont rendez-vous au salon \u00ab\u00a0L\u2019automne sera noir\u00a0\u00bb<\/p>\n<p>        &#13;<br \/>\n    &#13;<br \/>\n    &#13;<br \/>\n    <a href=\"https:\/\/cdn-s-www.leprogres.fr\/images\/47217c92-71db-451e-a186-79a9ee759ffe\/NW_raw\/anouk-a-remporte-le-prix-decouverte-de-la-vouivre-photo-progres-annick-fontaine-1788512320.jpg\" title=\"Anouk a remport\u00e9 le prix d\u00e9couverte de la Vouivre. Photo Progr\u00e8s\/Annick Fontaine\" class=\"chocolat-image GA-tracking\" data-ga_type=\"click\" data-ga_category=\"D\u00e9tail\" data-ga_action=\"zoomer\" data-ga_label=\"aggrandir image\" rel=\"nofollow noopener\" target=\"_blank\">&#13;<br \/>\n        <img src=\"https:\/\/www.europesays.com\/be-fr\/wp-content\/uploads\/2026\/09\/anouk-a-remporte-le-prix-decouverte-de-la-vouivre-photo-progres-annick-fontaine-1788512320.jpg\"   alt=\"Anouk a remport\u00e9 le prix d\u00e9couverte de la Vouivre. Photo Progr\u00e8s\/Annick Fontaine\" fetchpriority=\"high\" decoding=\"async\" data-mobile=\"NW_listA_M|1788512320\" data-base=\"NW_listA|1788512320\"\/>&#13;<br \/>\n    <\/a>&#13;<\/p>\n<p>Anouk a remport\u00e9 le prix d\u00e9couverte de la Vouivre. Photo Progr\u00e8s\/Annick Fontaine<\/p>\n<p>Le Deschaux, un bourg de quelque 1 000 habitants, cache bien son jeu en mati\u00e8re d\u2019animations culturelles. \u00ab\u00a0L\u2019automne sera noir\u00a0\u00bb, son salon du livre policier, attire depuis plusieurs ann\u00e9es des centaines de lectrices et lecteurs de polars, ce qui en fait l&rsquo;un des plus importants de la r\u00e9gion en la mati\u00e8re.<\/p>\n<p>L&rsquo;\u00e9dition 2026 a lieu ce week-end \u00e0 la salle des f\u00eates et r\u00e9unira 21 auteurs et autrices pour des rencontres et des d\u00e9dicaces. Cette ann\u00e9e, la marraine du salon est Anouk Shutterberg, qui pr\u00e9sente son dernier ouvrage \u00ab\u00a014 minutes, 2 secondes\u00a0\u00bb. Vincent Villa est invit\u00e9 d&rsquo;honneur.<\/p>\n<p>Une soir\u00e9e musicale est \u00e9galement pr\u00e9vue samedi, avec le groupe Barnac Blues Band.\u00a0<\/p>\n<p class=\"note\">Salle des f\u00eates, Le Deschaux.\u00a0Samedi 5 de 14h30 \u00e0 18 heures (avec un concert \u00e0 21 heures) et dimanche 6 septembre de 10 heures \u00e0 18 heures. Entr\u00e9e gratuite.\u00a0<\/p>\n<p>        &#13;<br \/>\n          <a href=\"https:\/\/cdn-s-www.leprogres.fr\/images\/f324b70d-0662-4d58-a897-43b8ed0e2e3c\/NW_raw\/les-amateurs-d-objets-vintage-et-de-jeux-video-retro-ont-rendez-vous-ce-week-end-a-saint-paulien-photo-d-illustration-robert-mas-1788512851.jpg\" title=\"Les amateurs d\u2019objets vintage et de jeux vid\u00e9o r\u00e9tro ont rendez-vous ce week-end \u00e0 Saint-Paulien. Photo d\u2019illustration Robert Mas\" class=\"chocolat-image GA-tracking\" data-ga_type=\"click\" data-ga_category=\"D\u00e9tail\" data-ga_action=\"zoomer\" data-ga_label=\"agrandir image\" rel=\"nofollow noopener\" target=\"_blank\">&#13;<br \/>\n            <img loading=\"lazy\" decoding=\"async\" src=\"https:\/\/www.europesays.com\/be-fr\/wp-content\/uploads\/2026\/09\/les-amateurs-d-objets-vintage-et-de-jeux-video-retro-ont-rendez-vous-ce-week-end-a-saint-paulien-pho.jpeg\" alt=\"Les amateurs d\u2019objets vintage et de jeux vid\u00e9o r\u00e9tro ont rendez-vous ce week-end \u00e0 Saint-Paulien. Photo d\u2019illustration Robert Mas\"\/>&#13;<br \/>\n          <\/a>&#13;<br \/>\n          &#13;<\/p>\n<p class=\"insetTitle\">Haute-Loire : festival vintage et retrogaming \u00e0 Saint-Paulien<\/p>\n<p>Retour vers le pass\u00e9 \u00e0 Saint-Paulien, dans l&rsquo;ambiance des ann\u00e9es 40 \u00e0 90.\u00a0Les amateurs de r\u00e9trogaming seront aussi combl\u00e9s avec un espace r\u00e9unissant des bornes d\u2019arcade et des stands de consoles, de jeux vid\u00e9o et d\u2019objets de pop culture des ann\u00e9es 80 \u00e0 2000.\u00a0<\/p>\n<p>De nombreux exposants seront r\u00e9unis pour offrir aux visiteurs un grand march\u00e9 vintage. L\u2019occasion de d\u00e9nicher des v\u00eatements et accessoires de modes, des cr\u00e9ations artisanales, des objets musicaux ou de d\u00e9co, ainsi que du mobilier vintage.<\/p>\n<p>Bar et restauration sont pr\u00e9vus sur place et des animations rythmeront ces deux jours de festival, notamment une exposition de v\u00e9hicules anciens, des stands photos\/relooking ou encore un concours de pin-up.<\/p>\n<p class=\"note\">Halle d\u2019exposition, Saint-Paulien. Samedi 5 de 10 \u00e0 19 heures et dimanche 6 septembre de 10 \u00e0 18 heures. Tarifs : 5 \u20ac la journ\u00e9e, 8\u20ac le pass week-end, gratuit pour les moins de 12 ans. Informations sur la <a href=\"https:\/\/www.facebook.com\/Market.Vintage.Retrogaming\/?locale=fr_FR\" target=\"_blank\" rel=\"nofollow noopener\">page Facebook Vintage &amp; Retrogaming<\/a><\/p>\n<p>&#13;<br \/>\n  Lyon\u00a0:\u00a0 Alphonse Mucha resplendissant au Grand H\u00f4tel-Dieu\u00a0<\/p>\n<p>        &#13;<br \/>\n    &#13;<br \/>\n    &#13;<br \/>\n    <a href=\"https:\/\/cdn-s-www.leprogres.fr\/images\/be6ab72c-1113-4c54-87e5-428734da51c5\/NW_raw\/l-exposition-alphonse-mucha-ouvre-ses-portes-ce-vendredi-4-septembre-photo-progres-garisse-soudan-1788510264.jpg\" title=\"L\u2019exposition Alphonse Mucha ouvre ses portes ce vendredi 4 septembre. Photo Progr\u00e8s\/Garisse Soudan\" class=\"chocolat-image GA-tracking\" data-ga_type=\"click\" data-ga_category=\"D\u00e9tail\" data-ga_action=\"zoomer\" data-ga_label=\"aggrandir image\" rel=\"nofollow noopener\" target=\"_blank\">&#13;<br \/>\n        <img src=\"https:\/\/www.europesays.com\/be-fr\/wp-content\/uploads\/2026\/09\/l-exposition-alphonse-mucha-ouvre-ses-portes-ce-vendredi-4-septembre-photo-progres-garisse-soudan-17.jpeg\"   alt=\"L\u2019exposition Alphonse Mucha ouvre ses portes ce vendredi 4 septembre. Photo Progr\u00e8s\/Garisse Soudan\" fetchpriority=\"high\" decoding=\"async\" data-mobile=\"NW_listA_M|1788510264\" data-base=\"NW_listA|1788510264\"\/>&#13;<br \/>\n    <\/a>&#13;<\/p>\n<p>L\u2019exposition Alphonse Mucha ouvre ses portes ce vendredi 4 septembre. Photo Progr\u00e8s\/Garisse Soudan<\/p>\n<p>Les amoureux d&rsquo;Art nouveau vont avoir de quoi se p\u00e2mer. Une exposition enti\u00e8rement d\u00e9di\u00e9e \u00e0 l&rsquo;artiste tch\u00e8que Alphonse Mucha ouvre ses portes ce vendredi dans un secteur du Grand H\u00f4tel-Dieu m\u00e9tamorphos\u00e9 pour la circonstance.<\/p>\n<p>M\u00eame si quelques projections lumineuses d\u2019\u0153uvres de l\u2019artiste s\u2019immiscent au fil de la visite, il ne s\u2019agit pas ici d\u2019une exposition immersive mais bien d\u2019un parcours balis\u00e9 par des \u0153uvres originales.<\/p>\n<p>On en retrouve pr\u00e8s d\u2019une centaine, essentiellement des lithographies mais aussi quelques dessins, qui synth\u00e9tisent les temps forts de la vie de l\u2019artiste.\u00a0L\u2019occasion, notamment, de retrouver ou de d\u00e9couvrir ses affiches (pour des spectacles et des produits) ex\u00e9cut\u00e9es dans le Paris de la Belle Epoque.<\/p>\n<p class=\"note\">Alphonse Mucha, jusqu\u2019au 24 janvier au Grand H\u00f4tel-Dieu (Lyon 2e) du mardi au dimanche de 10 \u00e0 20 heures. \u00c0 partir de 15 euros. Informations sur <a href=\"https:\/\/alphonsemucha-expo.com\/lyon\/\" target=\"_blank\" rel=\"nofollow noopener\">www.alphonsemucha-expo.com\/lyon\/<\/a><\/p>\n<p>        &#13;<br \/>\n          <a href=\"https:\/\/cdn-s-www.leprogres.fr\/images\/3b97825a-1913-4054-adec-e745e74b5de5\/NW_raw\/le-manege-a-propulsion-parentale-de-l-ile-aux-pirates-qui-a-eu-beaucoup-de-succes-l-an-dernier-sera-de-nouveau-present-sur-le-site-des-muriers-photo-archives-progres-alain-ferreux-1757350747.jpg\" title=\"Le man\u00e8ge \u00e0 propulsion parentale de l\u2019\u00eele aux pirates, qui a eu beaucoup de succ\u00e8s l\u2019an dernier, sera de nouveau pr\u00e9sent sur le site des M\u00fbriers. Photo archives Progr\u00e8s\/Alain Ferreux\" class=\"chocolat-image GA-tracking\" data-ga_type=\"click\" data-ga_category=\"D\u00e9tail\" data-ga_action=\"zoomer\" data-ga_label=\"agrandir image\" rel=\"nofollow noopener\" target=\"_blank\">&#13;<br \/>\n            <img loading=\"lazy\" decoding=\"async\" src=\"https:\/\/www.europesays.com\/be-fr\/wp-content\/uploads\/2026\/09\/le-manege-a-propulsion-parentale-de-l-ile-aux-pirates-qui-a-eu-beaucoup-de-succes-l-an-dernier-sera-.jpeg\" alt=\"Le man\u00e8ge \u00e0 propulsion parentale de l\u2019\u00eele aux pirates, qui a eu beaucoup de succ\u00e8s l\u2019an dernier, sera de nouveau pr\u00e9sent sur le site des M\u00fbriers. Photo archives Progr\u00e8s\/Alain Ferreux\"\/>&#13;<br \/>\n          <\/a>&#13;<br \/>\n          &#13;<\/p>\n<p class=\"insetTitle\">Stands et animations : la 419e foire se d\u00e9ploiera dans toute la ville<\/p>\n<p>Samedi, la 419e foire de Montmerle-sur-Sa\u00f4ne promet une journ\u00e9e festive dans plusieurs lieux de la commune. Une centaine d\u2019exposants seront r\u00e9partis sur le parcours, permettant au public de passer facilement d\u2019un site d\u2019animation \u00e0 l\u2019autre.<\/p>\n<p>Aux M\u00fbriers, un spectacle \u00e9questre m\u00e9di\u00e9val fait vivre G\u00e9ovie, la l\u00e9gendaire \u00e9p\u00e9e magique. Durant trente minutes, d\u2019anciens cavaliers du Puy du Fou proposeront joutes, cascades, voltige, dressage et humour. Campement m\u00e9di\u00e9val, combats m\u00e9di\u00e9vaux, mini-ferme, artisanat, jeux en bois, structures gonflables, maquillage et man\u00e8ge \u00e9cologique compl\u00e9teront les animations.<\/p>\n<p>Sur les bords de Sa\u00f4ne, le public pourra s\u2019initier au cano\u00eb-kayak, \u00e0 l\u2019aviron et \u00e0 la p\u00eache. Place du March\u00e9, d\u00e9fil\u00e9 de chevaux, f\u00eate foraine, fresque d\u2019Ain\u2019Colorz, danses latines avec Sa\u00f4ne Tropicale, promenades en cal\u00e8che avec Attelages de la Dombes, d\u00e9ambulations et num\u00e9ro de cirque de la compagnie Tempo rythmeront la journ\u00e9e. En soir\u00e9e, DJ et quiz sur \u00e9cran g\u00e9ant cl\u00f4tureront la foire.<\/p>\n<p class=\"note\">Samedi 5 septembre \u00e0 partir de 8 heures sur la place du March\u00e9, au site des M\u00fbriers et aux bords de Sa\u00f4ne. Toutes les animations sont gratuites sauf la f\u00eate foraine.<\/p>\n","protected":false},"excerpt":{"rendered":"&#13; Rh\u00f4ne\u00a0: Yggdrasil Fort Fort Lointain, deux jours au royaume de la fantasy et du m\u00e9di\u00e9val &#13; &#13;&hellip;\n","protected":false},"author":2,"featured_media":239480,"comment_status":"","ping_status":"","sticky":false,"template":"","format":"standard","meta":{"footnotes":"","_share_on_mastodon":"0"},"categories":[101],"tags":[4789,126,124,125,12,13,18,17,287,127,96,95,17643,288,5758,1189,2720,480,286],"class_list":["post-239479","post","type-post","status-publish","format-standard","has-post-thumbnail","category-arts-et-design","tag-ain","tag-arts","tag-arts-and-design","tag-arts-et-design","tag-be","tag-be-fr","tag-belgique","tag-belgium","tag-culture-loisirs","tag-design","tag-divertissement","tag-entertainment","tag-fete-locale","tag-fil-info","tag-haute-loire","tag-jura","tag-loire","tag-rhone","tag-selection-de-la-redaction"],"share_on_mastodon":{"url":"https:\/\/pubeurope.com\/@be_fr\/117214096496782444","error":""},"_links":{"self":[{"href":"https:\/\/www.europesays.com\/be-fr\/wp-json\/wp\/v2\/posts\/239479","targetHints":{"allow":["GET"]}}],"collection":[{"href":"https:\/\/www.europesays.com\/be-fr\/wp-json\/wp\/v2\/posts"}],"about":[{"href":"https:\/\/www.europesays.com\/be-fr\/wp-json\/wp\/v2\/types\/post"}],"author":[{"embeddable":true,"href":"https:\/\/www.europesays.com\/be-fr\/wp-json\/wp\/v2\/users\/2"}],"replies":[{"embeddable":true,"href":"https:\/\/www.europesays.com\/be-fr\/wp-json\/wp\/v2\/comments?post=239479"}],"version-history":[{"count":0,"href":"https:\/\/www.europesays.com\/be-fr\/wp-json\/wp\/v2\/posts\/239479\/revisions"}],"wp:featuredmedia":[{"embeddable":true,"href":"https:\/\/www.europesays.com\/be-fr\/wp-json\/wp\/v2\/media\/239480"}],"wp:attachment":[{"href":"https:\/\/www.europesays.com\/be-fr\/wp-json\/wp\/v2\/media?parent=239479"}],"wp:term":[{"taxonomy":"category","embeddable":true,"href":"https:\/\/www.europesays.com\/be-fr\/wp-json\/wp\/v2\/categories?post=239479"},{"taxonomy":"post_tag","embeddable":true,"href":"https:\/\/www.europesays.com\/be-fr\/wp-json\/wp\/v2\/tags?post=239479"}],"curies":[{"name":"wp","href":"https:\/\/api.w.org\/{rel}","templated":true}]}}