{"id":239489,"date":"2026-09-04T18:13:17","date_gmt":"2026-09-04T18:13:17","guid":{"rendered":"https:\/\/www.europesays.com\/be-fr\/239489\/"},"modified":"2026-09-04T18:13:17","modified_gmt":"2026-09-04T18:13:17","slug":"images-impressionnantes-lors-de-la-tempete-du-siecle-a-toronto-deux-ouvriers-sechappent-dun-echafaudage-emporte-par-les-vents-videos","status":"publish","type":"post","link":"https:\/\/www.europesays.com\/be-fr\/239489\/","title":{"rendered":"Images impressionnantes lors de la \u00ab\u00a0temp\u00eate du si\u00e8cle\u00a0\u00bb \u00e0 Toronto\u00a0: deux ouvriers s\u2019\u00e9chappent d\u2019un \u00e9chafaudage emport\u00e9 par les vents (vid\u00e9os)"},"content":{"rendered":"\n<p>Des dizaines de milliers d\u2019habitants de Toronto sont priv\u00e9s d\u2019\u00e9lectricit\u00e9 jeudi au lendemain d\u2019orages d\u2019une rare intensit\u00e9 qui ont inond\u00e9 les principaux axes routiers de la plus grande ville du Canada.<\/p>\n<p>\u00ab\u00a0Les inondations ont frapp\u00e9 les routes principales, des arbres et des lignes \u00e9lectriques se sont effondr\u00e9s et des dizaines de milliers d\u2019habitants se sont retrouv\u00e9s sans courant\u00a0\u00bb, a d\u00e9clar\u00e9 jeudi la maire de Toronto, Olivia Chow.<\/p>\n<p>&#13;<br \/>\n&#13;<\/p>\n<p>Les \u00e9v\u00e9nements climatiques violents sont inhabituels \u00e0 Toronto, qui a re\u00e7u en quelques heures mercredi plus de l\u2019\u00e9quivalent de la totalit\u00e9 des pr\u00e9cipitations moyennes pour le mois de septembre.<\/p>\n<p>  <img decoding=\"async\" data-copyright=\"@ea.eatss via REUTERS\" class=\"r-img\"  typeof=\"foaf:Image\" src=\"https:\/\/www.europesays.com\/be-fr\/wp-content\/uploads\/2026\/09\/1788545595_601_100057848.jpeg\" alt=\"2026-09-03T031807Z_122627967_RC2FBNAZL2VD_RTRMADP_3_CANADA-WEATHER-TORONTO\"\/>@ea.eatss via REUTERS<\/p>\n<p>  <img decoding=\"async\" data-copyright=\"@ea.eatss via REUTERS\" class=\"r-img\"  typeof=\"foaf:Image\" src=\"https:\/\/www.europesays.com\/be-fr\/wp-content\/uploads\/2026\/09\/1788545596_895_100057853.jpeg\" alt=\"2026-09-03T031810Z_1416743777_RC2FBNA63YYH_RTRMADP_3_CANADA-WEATHER-TORONTO\"\/>@ea.eatss via REUTERS<\/p>\n<p>  <img decoding=\"async\" data-copyright=\"@ea.eatss via REUTERS\" class=\"r-img\"  typeof=\"foaf:Image\" src=\"https:\/\/www.europesays.com\/be-fr\/wp-content\/uploads\/2026\/09\/1788545597_487_100057858.jpeg\" alt=\"2026-09-03T031810Z_475500325_RC2FBNA1A0S0_RTRMADP_3_CANADA-WEATHER-TORONTO\"\/>@ea.eatss via REUTERS<\/p>\n<p>&#13;<br \/>\n&#13;<\/p>\n<p>&#13;<br \/>\n&#13;<\/p>\n<p>&#13;<br \/>\n&#13;<\/p>\n<p>\u00ab\u00a0C\u2019est ce qu\u2019on qualifierait de temp\u00eate du si\u00e8cle\u00a0\u00bb, a dit le directeur g\u00e9n\u00e9ral des services de la ville, Paul Johnson.<\/p>\n<p>Mercredi en fin d\u2019apr\u00e8s-midi, certains quartiers de la plus grande ville du Canada ont re\u00e7u entre 100 et 110 millim\u00e8tres de pluie, a-t-il ajout\u00e9.<\/p>\n<p>Les rafales de vent, qui ont souffl\u00e9 jusqu\u2019\u00e0 84 kilom\u00e8tres par heure, ont endommag\u00e9 certaines infrastructures, dont un stade d\u2019une capacit\u00e9 de 50.000 places.<\/p>\n<p>Une vid\u00e9o spectaculaire montre par ailleurs deux ouvriers tentant de se mettre \u00e0 l\u2019abri alors qu\u2019un \u00e9chafaudage mobile est emport\u00e9 par les vents sur un b\u00e2timent du quartier de Yorkville, \u00e0 Toronto, pendant l\u2019orage de mercredi.<\/p>\n<p>Les op\u00e9rations a\u00e9riennes ont \u00e9galement \u00e9t\u00e9 perturb\u00e9es mercredi soir.<\/p>\n<p>Plus de 50.000 foyers de la r\u00e9gion de Toronto \u00e9taient toujours priv\u00e9s de courant jeudi, selon le fournisseur d\u2019\u00e9lectricit\u00e9 de la province de l\u2019Ontario, alors que les op\u00e9rations de d\u00e9blaiement des routes, dont certaines sont toujours ferm\u00e9es, sont en cours.<\/p>\n<p>&#13;<br \/>\n&#13;<\/p>\n","protected":false},"excerpt":{"rendered":"Des dizaines de milliers d\u2019habitants de Toronto sont priv\u00e9s d\u2019\u00e9lectricit\u00e9 jeudi au lendemain d\u2019orages d\u2019une rare intensit\u00e9 qui&hellip;\n","protected":false},"author":2,"featured_media":239490,"comment_status":"","ping_status":"","sticky":false,"template":"","format":"standard","meta":{"footnotes":"","_share_on_mastodon":"0"},"categories":[9],"tags":[12,13,18,17,74025,74026,18543,19493,31,13288,36306,67692,259,2176,74027,1224,32],"class_list":["post-239489","post","type-post","status-publish","format-standard","has-post-thumbnail","category-international","tag-be","tag-be-fr","tag-belgique","tag-belgium","tag-echafaudage","tag-emporte","tag-images","tag-impressionnantes","tag-international","tag-ouvriers","tag-sechappent","tag-siecle","tag-tempete","tag-toronto","tag-vents","tag-videos","tag-world-news"],"share_on_mastodon":{"url":"https:\/\/pubeurope.com\/@be_fr\/117214131567282420","error":""},"_links":{"self":[{"href":"https:\/\/www.europesays.com\/be-fr\/wp-json\/wp\/v2\/posts\/239489","targetHints":{"allow":["GET"]}}],"collection":[{"href":"https:\/\/www.europesays.com\/be-fr\/wp-json\/wp\/v2\/posts"}],"about":[{"href":"https:\/\/www.europesays.com\/be-fr\/wp-json\/wp\/v2\/types\/post"}],"author":[{"embeddable":true,"href":"https:\/\/www.europesays.com\/be-fr\/wp-json\/wp\/v2\/users\/2"}],"replies":[{"embeddable":true,"href":"https:\/\/www.europesays.com\/be-fr\/wp-json\/wp\/v2\/comments?post=239489"}],"version-history":[{"count":0,"href":"https:\/\/www.europesays.com\/be-fr\/wp-json\/wp\/v2\/posts\/239489\/revisions"}],"wp:featuredmedia":[{"embeddable":true,"href":"https:\/\/www.europesays.com\/be-fr\/wp-json\/wp\/v2\/media\/239490"}],"wp:attachment":[{"href":"https:\/\/www.europesays.com\/be-fr\/wp-json\/wp\/v2\/media?parent=239489"}],"wp:term":[{"taxonomy":"category","embeddable":true,"href":"https:\/\/www.europesays.com\/be-fr\/wp-json\/wp\/v2\/categories?post=239489"},{"taxonomy":"post_tag","embeddable":true,"href":"https:\/\/www.europesays.com\/be-fr\/wp-json\/wp\/v2\/tags?post=239489"}],"curies":[{"name":"wp","href":"https:\/\/api.w.org\/{rel}","templated":true}]}}