{"id":239549,"date":"2026-09-04T19:10:33","date_gmt":"2026-09-04T19:10:33","guid":{"rendered":"https:\/\/www.europesays.com\/be-fr\/239549\/"},"modified":"2026-09-04T19:10:33","modified_gmt":"2026-09-04T19:10:33","slug":"isere-les-nympheas-de-monet-et-160-autres-chefs-doeuvres-voici-le-guide-des-expos-a-ne-pas-louper","status":"publish","type":"post","link":"https:\/\/www.europesays.com\/be-fr\/239549\/","title":{"rendered":"Is\u00e8re. Les Nymph\u00e9as\u00a0de Monet et 160 autres chefs-d\u2019\u0153uvres\u00a0: voici le guide des expos \u00e0 ne pas louper"},"content":{"rendered":"<p>C\u2019est une \u0153uvre iconique et elle sera le point de d\u00e9part d\u2019une exposition \u00e9v\u00e9nement pr\u00e9sent\u00e9e \u00e0 partir de mars\u00a02027 au Mus\u00e9e de Grenoble\u00a0: les Nymph\u00e9as  de Claude Monet. Iconique mais aussi symbolique car c\u2019est l\u2019artiste lui-m\u00eame qui a offert deux tableaux \u00e0 la France, le lendemain de l\u2019armistice du 11\u00a0novembre 1918, afin de c\u00e9l\u00e9brer la victoire.<\/p>\n<p>Avec Histoires de paysages. De Monet \u00e0 Hockney (du 6\u00a0mars au 4\u00a0juillet 2027), le Mus\u00e9e de Grenoble va montrer comment le paysage s\u2019inscrit dans l\u2019Histoire, dans ses aspirations comme dans ses crises, ses utopies comme ses inqui\u00e9tudes. \u00ab\u00a0Il sera question de guerres, de qu\u00eate de l\u2019origine, d\u2019appropriation et de nostalgie, de la relation entre paysage et nation, de rapport au temps autant qu\u2019\u00e0 l\u2019espace, de la fa\u00e7on dont le paysage en tant que force agissante vient recouvrir l\u2019histoire, entre deuil et oubli\u00a0\u00bb, expliquent le mus\u00e9e Marmottan Monet de Paris et <a href=\"https:\/\/www.ledauphine.com\/culture-loisirs\/2026\/05\/07\/i-le-dejeuner-sur-l-herbe-i-l-incroyable-decouverte-au-musee-de-grenoble\" target=\"_blank\" rel=\"nofollow noopener\">le Mus\u00e9e de Grenoble<\/a> qui co organisent cette exposition r\u00e9unissant photos, sculptures,&#8230;<\/p>\n","protected":false},"excerpt":{"rendered":"C\u2019est une \u0153uvre iconique et elle sera le point de d\u00e9part d\u2019une exposition \u00e9v\u00e9nement pr\u00e9sent\u00e9e \u00e0 partir de&hellip;\n","protected":false},"author":2,"featured_media":239550,"comment_status":"","ping_status":"","sticky":false,"template":"","format":"standard","meta":{"footnotes":"","_share_on_mastodon":"0"},"categories":[101],"tags":[126,124,125,12,13,18,17,287,127,96,24808,3493,743,5803,95,2244,3491,3492,744,24807,38573],"class_list":["post-239549","post","type-post","status-publish","format-standard","has-post-thumbnail","category-arts-et-design","tag-arts","tag-arts-and-design","tag-arts-et-design","tag-be","tag-be-fr","tag-belgique","tag-belgium","tag-culture-loisirs","tag-design","tag-divertissement","tag-echirolles","tag-edition-grenoble-agglomeration","tag-edition-gresivaudan-oisans","tag-edition-voiron-saint-marcellin","tag-entertainment","tag-exposition-arts-plastiques","tag-grenoble","tag-grenoble-bassin","tag-isere","tag-saint-martin-dheres","tag-voiron"],"share_on_mastodon":{"url":"https:\/\/pubeurope.com\/@be_fr\/117214355422823010","error":""},"_links":{"self":[{"href":"https:\/\/www.europesays.com\/be-fr\/wp-json\/wp\/v2\/posts\/239549","targetHints":{"allow":["GET"]}}],"collection":[{"href":"https:\/\/www.europesays.com\/be-fr\/wp-json\/wp\/v2\/posts"}],"about":[{"href":"https:\/\/www.europesays.com\/be-fr\/wp-json\/wp\/v2\/types\/post"}],"author":[{"embeddable":true,"href":"https:\/\/www.europesays.com\/be-fr\/wp-json\/wp\/v2\/users\/2"}],"replies":[{"embeddable":true,"href":"https:\/\/www.europesays.com\/be-fr\/wp-json\/wp\/v2\/comments?post=239549"}],"version-history":[{"count":0,"href":"https:\/\/www.europesays.com\/be-fr\/wp-json\/wp\/v2\/posts\/239549\/revisions"}],"wp:featuredmedia":[{"embeddable":true,"href":"https:\/\/www.europesays.com\/be-fr\/wp-json\/wp\/v2\/media\/239550"}],"wp:attachment":[{"href":"https:\/\/www.europesays.com\/be-fr\/wp-json\/wp\/v2\/media?parent=239549"}],"wp:term":[{"taxonomy":"category","embeddable":true,"href":"https:\/\/www.europesays.com\/be-fr\/wp-json\/wp\/v2\/categories?post=239549"},{"taxonomy":"post_tag","embeddable":true,"href":"https:\/\/www.europesays.com\/be-fr\/wp-json\/wp\/v2\/tags?post=239549"}],"curies":[{"name":"wp","href":"https:\/\/api.w.org\/{rel}","templated":true}]}}