{"id":239563,"date":"2026-09-04T19:29:12","date_gmt":"2026-09-04T19:29:12","guid":{"rendered":"https:\/\/www.europesays.com\/be-fr\/239563\/"},"modified":"2026-09-04T19:29:12","modified_gmt":"2026-09-04T19:29:12","slug":"la-corse-na-vraiment-plus-a-rougir-bastia-capitale-de-la-cardiologie-interventionnelle-durant-trois-jours","status":"publish","type":"post","link":"https:\/\/www.europesays.com\/be-fr\/239563\/","title":{"rendered":"\u00ab\u00a0La Corse n&rsquo;a vraiment plus \u00e0 rougir\u00a0\u00bb\u00a0: Bastia, capitale de la cardiologie interventionnelle durant trois jours"},"content":{"rendered":"<p>\u00c0 compter de ce vendredi\u00a04 et jusqu&rsquo;au dimanche 6\u00a0septembre, le c\u0153ur de la cardiologie interventionnelle fran\u00e7aise bat en Corse, \u00e0 l&rsquo;occasion des Rencontres corses de cardiologie interventionnelle (RCCI), organis\u00e9es \u00e0 Bastia.<\/p>\n<p>Cet \u00e9v\u00e9nement, install\u00e9 au c\u0153ur du palais des Gouverneurs, est organis\u00e9 par un comit\u00e9 compos\u00e9 de cardiologues insulaires et continentaux, parmi lesquels les docteurs Ziad Boueri, J\u00e9r\u00f4me Ferrara, Philippe Riccini, G\u00e9raud Souteyrand et Antoine Vaillier.<\/p>\n<p>\u00c0 ce titre, plusieurs sp\u00e9cialistes venus notamment de Paris, Marseille ou Lyon ont fait le d\u00e9placement pour intervenir durant ce congr\u00e8s national. Une pr\u00e9sence qui t\u00e9moigne, loin de certaines id\u00e9es re\u00e7ues, de la place d\u00e9sormais occup\u00e9e par la Corse dans cette sp\u00e9cialit\u00e9 m\u00e9dicale. \u00ab\u00a0En dehors de la chirurgie cardiaque, de la cardiologie p\u00e9diatrique et de certains gestes interventionnels structurels, nous disposons d&rsquo;une offre de soins de qualit\u00e9, aussi bien dans la prise en charge de la coronaropathie que dans celle des troubles du rythme, par exemple, estime le docteur Riccini. Aujourd&rsquo;hui, la Corse n&rsquo;a vraiment plus \u00e0 rougir.\u00a0\u00bb<\/p>\n<p>\u00ab\u00a0Faire avancer la cardiologie en Corse\u00a0\u00bb<\/p>\n<p>L&rsquo;\u00e9tat des lieux dress\u00e9 par le docteur Riccini est &#8230;<\/p>\n","protected":false},"excerpt":{"rendered":"\u00c0 compter de ce vendredi\u00a04 et jusqu&rsquo;au dimanche 6\u00a0septembre, le c\u0153ur de la cardiologie interventionnelle fran\u00e7aise bat en&hellip;\n","protected":false},"author":2,"featured_media":239564,"comment_status":"","ping_status":"","sticky":false,"template":"","format":"standard","meta":{"footnotes":"","_share_on_mastodon":"0"},"categories":[82],"tags":[41,8893,12,13,18,17,1801,469,5384,45998,86,74375,87,1799],"class_list":["post-239563","post","type-post","status-publish","format-standard","has-post-thumbnail","category-sante","tag-41","tag-bastia","tag-be","tag-be-fr","tag-belgique","tag-belgium","tag-capitale","tag-cardiologie","tag-cette","tag-discipline","tag-health","tag-interventionnelle","tag-sante","tag-ville"],"share_on_mastodon":{"url":"https:\/\/pubeurope.com\/@be_fr\/117214430171763124","error":""},"_links":{"self":[{"href":"https:\/\/www.europesays.com\/be-fr\/wp-json\/wp\/v2\/posts\/239563","targetHints":{"allow":["GET"]}}],"collection":[{"href":"https:\/\/www.europesays.com\/be-fr\/wp-json\/wp\/v2\/posts"}],"about":[{"href":"https:\/\/www.europesays.com\/be-fr\/wp-json\/wp\/v2\/types\/post"}],"author":[{"embeddable":true,"href":"https:\/\/www.europesays.com\/be-fr\/wp-json\/wp\/v2\/users\/2"}],"replies":[{"embeddable":true,"href":"https:\/\/www.europesays.com\/be-fr\/wp-json\/wp\/v2\/comments?post=239563"}],"version-history":[{"count":0,"href":"https:\/\/www.europesays.com\/be-fr\/wp-json\/wp\/v2\/posts\/239563\/revisions"}],"wp:featuredmedia":[{"embeddable":true,"href":"https:\/\/www.europesays.com\/be-fr\/wp-json\/wp\/v2\/media\/239564"}],"wp:attachment":[{"href":"https:\/\/www.europesays.com\/be-fr\/wp-json\/wp\/v2\/media?parent=239563"}],"wp:term":[{"taxonomy":"category","embeddable":true,"href":"https:\/\/www.europesays.com\/be-fr\/wp-json\/wp\/v2\/categories?post=239563"},{"taxonomy":"post_tag","embeddable":true,"href":"https:\/\/www.europesays.com\/be-fr\/wp-json\/wp\/v2\/tags?post=239563"}],"curies":[{"name":"wp","href":"https:\/\/api.w.org\/{rel}","templated":true}]}}