{"id":239581,"date":"2026-09-04T19:49:11","date_gmt":"2026-09-04T19:49:11","guid":{"rendered":"https:\/\/www.europesays.com\/be-fr\/239581\/"},"modified":"2026-09-04T19:49:11","modified_gmt":"2026-09-04T19:49:11","slug":"lhumoriste-belge-florence-mendez-prepare-une-plainte-en-france","status":"publish","type":"post","link":"https:\/\/www.europesays.com\/be-fr\/239581\/","title":{"rendered":"L&rsquo;humoriste belge Florence Mendez pr\u00e9pare une plainte en France!"},"content":{"rendered":"<p><a href=\"https:\/\/www.dhnet.be\/medias\/television\/2026\/01\/23\/lhumoriste-belge-florence-mendez-sera-placee-sous-protection-policiere-pour-son-spectacle-a-vise-ce-vendredi-KIISHGT3SZHP5M5XSQEBKKAKSU\/\" target=\"_self\" class=\"ap-StoryInterstitialLink ap-StoryElement ap-StoryElement--mb\" rel=\"nofollow noopener\">L&rsquo;humoriste belge Florence Mendez sera plac\u00e9e sous protection polici\u00e8re pour son spectacle \u00e0 Vis\u00e9 ce vendredi<\/a><\/p>\n<p class=\"ap-StoryElement ap-StoryElement--mb ap-StoryText\">Humoriste engag\u00e9e, la Belge intervient r\u00e9guli\u00e8rement dans La Derni\u00e8re, l&rsquo;\u00e9mission de Guillaume Meurice sur Radio Nova. F\u00e9ministe et antiraciste, elle prend notamment position pour les droits des femmes et des personnes LGBTQIA+ et contre les violences sexistes et sexuelles. Ses chroniques et prises de position lui valent r\u00e9guli\u00e8rement des messages violents, sexistes, misogynes ou insultants sur les r\u00e9seaux sociaux.<\/p>\n<p class=\"ap-StoryElement ap-StoryElement--mb ap-StoryText\">L&rsquo;affaire actuelle remonte \u00e0 juin, apr\u00e8s une chronique dans laquelle elle s&rsquo;en prenait notamment \u00e0 l&rsquo;extr\u00eame droite et \u00e0 Vincent Bollor\u00e9. Dans une vid\u00e9o publi\u00e9e le 10 juin, Le Bracq l&rsquo;a notamment trait\u00e9e de \u00ab\u00a0salope\u00a0\u00bb et de \u00ab\u00a0sale pute\u00a0\u00bb, avant d&rsquo;appeler \u00e0 \u00ab\u00a0relancer le harc\u00e8lement en ligne via YouTube\u00a0\u00bb, selon Lib\u00e9ration. Consul Pazen s&rsquo;est ensuite empar\u00e9 du sujet et a notamment appel\u00e9 l&rsquo;humoriste \u00e0 \u00ab\u00a0mourir pour ses id\u00e9es\u00a0\u00bb.<\/p>\n<p class=\"ap-StoryElement ap-StoryElement--mb ap-StoryText\">Florence Mendez dit avoir re\u00e7u \u00ab\u00a0des centaines et des centaines de commentaires sur tous les r\u00e9seaux sociaux confondus\u00a0\u00bb. \u00ab\u00a0C&rsquo;\u00e9tait aussi cette fois-ci particuli\u00e8rement violent autant en termes d&rsquo;injures qu&rsquo;en termes de menaces\u00a0\u00bb, explique-t-elle \u00e0 Belga.<\/p>\n<p class=\"ap-StoryElement ap-StoryElement--mb ap-StoryText\">Elle a publi\u00e9 vendredi sur Facebook plusieurs exemples des messages re\u00e7us. Elle explique avoir d\u00e9cid\u00e9 d&rsquo;agir cette fois car les attaques proviennent \u00ab\u00a0d&rsquo;influenceurs d&rsquo;extr\u00eame droite\u00a0\u00bb, et non de \u00ab\u00a0gens lambdas\u00a0\u00bb. \u00ab\u00a0Il est temps de montrer, alors qu&rsquo;elle est aux portes du pouvoir en France, quelles sont ses m\u00e9thodes\u00a0\u00bb, estime-t-elle.<\/p>\n","protected":false},"excerpt":{"rendered":"L&rsquo;humoriste belge Florence Mendez sera plac\u00e9e sous protection polici\u00e8re pour son spectacle \u00e0 Vis\u00e9 ce vendredi Humoriste engag\u00e9e,&hellip;\n","protected":false},"author":2,"featured_media":239582,"comment_status":"","ping_status":"","sticky":false,"template":"","format":"standard","meta":{"footnotes":"","_share_on_mastodon":"0"},"categories":[102],"tags":[12,13,18,17,19,129,128,96,11069,95,151,209,23,109],"class_list":["post-239581","post","type-post","status-publish","format-standard","has-post-thumbnail","category-people","tag-be","tag-be-fr","tag-belgique","tag-belgium","tag-bxlcap","tag-celebrities","tag-celebrity","tag-divertissement","tag-droits-des-femmes","tag-entertainment","tag-france","tag-internet","tag-judiciaire","tag-people"],"share_on_mastodon":{"url":"https:\/\/pubeurope.com\/@be_fr\/117214508753127592","error":""},"_links":{"self":[{"href":"https:\/\/www.europesays.com\/be-fr\/wp-json\/wp\/v2\/posts\/239581","targetHints":{"allow":["GET"]}}],"collection":[{"href":"https:\/\/www.europesays.com\/be-fr\/wp-json\/wp\/v2\/posts"}],"about":[{"href":"https:\/\/www.europesays.com\/be-fr\/wp-json\/wp\/v2\/types\/post"}],"author":[{"embeddable":true,"href":"https:\/\/www.europesays.com\/be-fr\/wp-json\/wp\/v2\/users\/2"}],"replies":[{"embeddable":true,"href":"https:\/\/www.europesays.com\/be-fr\/wp-json\/wp\/v2\/comments?post=239581"}],"version-history":[{"count":0,"href":"https:\/\/www.europesays.com\/be-fr\/wp-json\/wp\/v2\/posts\/239581\/revisions"}],"wp:featuredmedia":[{"embeddable":true,"href":"https:\/\/www.europesays.com\/be-fr\/wp-json\/wp\/v2\/media\/239582"}],"wp:attachment":[{"href":"https:\/\/www.europesays.com\/be-fr\/wp-json\/wp\/v2\/media?parent=239581"}],"wp:term":[{"taxonomy":"category","embeddable":true,"href":"https:\/\/www.europesays.com\/be-fr\/wp-json\/wp\/v2\/categories?post=239581"},{"taxonomy":"post_tag","embeddable":true,"href":"https:\/\/www.europesays.com\/be-fr\/wp-json\/wp\/v2\/tags?post=239581"}],"curies":[{"name":"wp","href":"https:\/\/api.w.org\/{rel}","templated":true}]}}