{"id":239587,"date":"2026-09-04T19:56:12","date_gmt":"2026-09-04T19:56:12","guid":{"rendered":"https:\/\/www.europesays.com\/be-fr\/239587\/"},"modified":"2026-09-04T19:56:12","modified_gmt":"2026-09-04T19:56:12","slug":"depart-reussi-pour-les-belgian-cats-au-mondial-meesseman-et-vanloo-remettent-la-fusee-belge-sur-orbite","status":"publish","type":"post","link":"https:\/\/www.europesays.com\/be-fr\/239587\/","title":{"rendered":"D\u00e9part r\u00e9ussi pour les Belgian Cats au Mondial\u00a0: Meesseman et Vanloo remettent la fus\u00e9e belge sur orbite"},"content":{"rendered":"<p class=\"ap-StoryElement ap-StoryElement--mb ap-StoryText\">De quoi se mettre dans le bon rythme en attaque mais encore fallait-il pouvoir se mettre \u00e0 niveau de l&rsquo;autre c\u00f4t\u00e9 du terrain. Les errements d\u00e9fensifs d\u00e9j\u00e0 constat\u00e9s \u00e0 plusieurs reprises en pr\u00e9paration sont r\u00e9apparus en premi\u00e8re mi-temps. Les Cats ont \u00e9prouv\u00e9 du mal \u00e0 r\u00e9pondre \u00e0 l&rsquo;agressivit\u00e9 offensive des Turques, sans complexes, qui se sont trop facilement procur\u00e9s des d\u00e9calages leur offrant plusieurs tirs ouverts. Leur grosse r\u00e9ussite \u00e0 trois points et la menace de l&rsquo;Am\u00e9ricaine naturalis\u00e9e Kennedy Burke ont fait trembler la Belgique un bon moment (44-45 \u00e0 la mi-temps). Et sans doute berc\u00e9 la Turquie d&rsquo;une douce euphorie.<\/p>\n<p>Le d\u00e9clic au 3e quart<\/p>\n<p class=\"ap-StoryElement ap-StoryElement--mb ap-StoryText\">Mais tout a bascul\u00e9 au retour des vestiaires. D\u00e9cid\u00e9es \u00e0 faire valoir leur statut de doubles championnes d&rsquo;Europe, les Cats sont remont\u00e9es sur le terrain anim\u00e9es d&rsquo;une envie encore plus grande. La d\u00e9fense s&rsquo;est resserr\u00e9e en m\u00eame temps que l&rsquo;attaque des Cats prenait encore une autre dimension gr\u00e2ce aux \u00e9normes coups de chaud de Julie Vanloo et Emma Meesseman.<\/p>\n<p class=\"ap-StoryElement ap-StoryElement--mb ap-StoryText\">L&rsquo;arri\u00e8re ostendaise, qui avait appris la triste nouvelle du d\u00e9c\u00e8s de son parrain en arrivant \u00e0 Berlin en d\u00e9but de semaine, avait jur\u00e9 en tirer une force suppl\u00e9mentaire pour le rendre fier. Elle a compl\u00e8tement pris feu \u00e0 distance en faisant perdre la t\u00eate \u00e0 ses opposantes directes (22 points et 9\/11 \u00e0 trois points). Et quand elle affiche une telle confiance, cela provoque souvent de gros d\u00e9g\u00e2ts.<\/p>\n<p><img loading=\"lazy\" decoding=\"async\" class=\"w-full lazyload lazyload--opacity object-contain\" style=\"aspect-ratio:158 \/ 100;opacity:1\" alt=\"Belgium's Julie Vanloo celebrates after winning a game between Belgian national basketball team Belgian Cats and Turkey,  game 1 of the group phase at the FIBA Women's Basketball World Cup, on Friday 4 September 2026, in Berlin, Germany. The FIBA Women's Basketball World Cup takes place in Berlin from 4 to 23 September 2026.&#13;&#10;BELGA PHOTO VIRGINIE LEFOUR\" width=\"768\" height=\"485\" fetchpriority=\"auto\" src=\"https:\/\/www.europesays.com\/be-fr\/wp-content\/uploads\/2026\/09\/1788551770_914_S5VKD3X55FFF3BW6V4SEHXNP7I.png\"  data- data-optimumx=\"1\"\/><img loading=\"lazy\" decoding=\"async\" src=\"https:\/\/www.europesays.com\/be-fr\/wp-content\/uploads\/2026\/09\/RMVTEX56EJBCRGU6WVCU5ZX76M.jpg\" width=\"768\" height=\"485\" alt=\"Belgium's Julie Vanloo celebrates after winning a game between Belgian national basketball team Belgian Cats and Turkey,  game 1 of the group phase at the FIBA Women's Basketball World Cup, on Friday 4 September 2026, in Berlin, Germany. The FIBA Women's Basketball World Cup takes place in Berlin from 4 to 23 September 2026.&#13;&#10;BELGA PHOTO VIRGINIE LEFOUR\" class=\"absolute inset-0 w-full\"\/>Emma Meesseman a symboliquement remis son troph\u00e9e de MVP \u00e0 Julie Vanloo. \u00a9Belgaimage<\/p>\n<p class=\"ap-StoryElement ap-StoryElement--mb ap-StoryText\">Surtout quand \u00e0 ses c\u00f4t\u00e9s, une joueuse comme Emma Meesseman (27 points, 9 rebonds, 5 assists) enfile son costume de superstar. Au moment o\u00f9 la Turquie semblait quelque peu tirer la langue, la capitaine des Cats, elle, a appuy\u00e9 sur l&rsquo;acc\u00e9l\u00e9rateur avec sa classe naturelle, devenant totalement insaisissable. Elle a logiquement h\u00e9rit\u00e9 du troph\u00e9e de MVP du match qu&rsquo;elle a symboliquement remis \u00e0 Julie Vanloo.<\/p>\n<p class=\"ap-StoryElement ap-StoryElement--mb ap-StoryText\">Sur le plan de jeu et de la confiance, les Belgian Cats ont sans doute d\u00e9croch\u00e9 plus qu&rsquo;une victoire. En deuxi\u00e8me mi-temps, on a retrouv\u00e9 une \u00e9quipe belge comme on ne l&rsquo;avait plus vue depuis la fen\u00eatre internationale du mois de mars en Chine. Un tr\u00e8s bon signe pour la suite.<\/p>\n<p>Technique du match<\/p>\n<p class=\"ap-StoryElement ap-StoryElement--mb ap-StoryText\">BELGIQUE : DELAERE 4, MEESSEMAN 27, LINSKENS 11, VANLOO 22, ALLEMAND 4, Ramette 2, Claessens 7, Mununga 0, Be. Massey 3, Lisowa 4, Bi. Massey 5, Courthiau -.<\/p>\n<p class=\"ap-StoryElement ap-StoryElement--mb ap-StoryText\">TURQUIE : UZUN 11, CAKIR 7, FITIK 7, BAYRAM 10, BURKE 17, Istanbulluoglu 0, Cora 0, Arslan 10, Erdogan 10, Atas 3, Uzunoglu 0, Ural 0.<\/p>\n<p class=\"ap-StoryElement ap-StoryElement--mb ap-StoryText\">Arbitres : Liszka (Pol), Dos Santos (Br\u00e9), Varela (Hon).<\/p>\n<p class=\"ap-StoryElement ap-StoryElement--mb ap-StoryText\">Quarts : 26-24, 18-21, 27-9, 18-21.<\/p>\n","protected":false},"excerpt":{"rendered":"De quoi se mettre dans le bon rythme en attaque mais encore fallait-il pouvoir se mettre \u00e0 niveau&hellip;\n","protected":false},"author":2,"featured_media":239588,"comment_status":"","ping_status":"","sticky":false,"template":"","format":"standard","meta":{"footnotes":"","_share_on_mastodon":"0"},"categories":[81],"tags":[961,3847,3849,673,33954,9616,3801,15439,12,13,74090,74091,18,17,74092,16315,8727,3026,8728,3851,16087,3027,3031,11677,84,910,3964,32054,1740,8732,11914,8734,2266,1439],"class_list":["post-239587","post","type-post","status-publish","format-standard","has-post-thumbnail","category-sports","tag-adult","tag-athlete","tag-ball-game","tag-basket","tag-basket-ball","tag-basketbal","tag-basketball","tag-basketball-player","tag-be","tag-be-fr","tag-belgian-cats","tag-belgian-national-team","tag-belgique","tag-belgium","tag-berlijn","tag-cats","tag-championnat-du-monde","tag-clothing","tag-cm","tag-competition","tag-cooperation","tag-crowd","tag-group-of-people","tag-number","tag-sports","tag-team","tag-team-sport","tag-turkije","tag-turquie","tag-wc","tag-wereldkampioenschap","tag-wk","tag-women","tag-young-adult"],"share_on_mastodon":{"url":"https:\/\/pubeurope.com\/@be_fr\/117214536544493910","error":""},"_links":{"self":[{"href":"https:\/\/www.europesays.com\/be-fr\/wp-json\/wp\/v2\/posts\/239587","targetHints":{"allow":["GET"]}}],"collection":[{"href":"https:\/\/www.europesays.com\/be-fr\/wp-json\/wp\/v2\/posts"}],"about":[{"href":"https:\/\/www.europesays.com\/be-fr\/wp-json\/wp\/v2\/types\/post"}],"author":[{"embeddable":true,"href":"https:\/\/www.europesays.com\/be-fr\/wp-json\/wp\/v2\/users\/2"}],"replies":[{"embeddable":true,"href":"https:\/\/www.europesays.com\/be-fr\/wp-json\/wp\/v2\/comments?post=239587"}],"version-history":[{"count":0,"href":"https:\/\/www.europesays.com\/be-fr\/wp-json\/wp\/v2\/posts\/239587\/revisions"}],"wp:featuredmedia":[{"embeddable":true,"href":"https:\/\/www.europesays.com\/be-fr\/wp-json\/wp\/v2\/media\/239588"}],"wp:attachment":[{"href":"https:\/\/www.europesays.com\/be-fr\/wp-json\/wp\/v2\/media?parent=239587"}],"wp:term":[{"taxonomy":"category","embeddable":true,"href":"https:\/\/www.europesays.com\/be-fr\/wp-json\/wp\/v2\/categories?post=239587"},{"taxonomy":"post_tag","embeddable":true,"href":"https:\/\/www.europesays.com\/be-fr\/wp-json\/wp\/v2\/tags?post=239587"}],"curies":[{"name":"wp","href":"https:\/\/api.w.org\/{rel}","templated":true}]}}